{"id":53879,"date":"2025-03-02T10:08:18","date_gmt":"2025-03-02T10:08:18","guid":{"rendered":"https:\/\/www.radioempire.it\/?p=53879"},"modified":"2025-03-02T10:08:18","modified_gmt":"2025-03-02T10:08:18","slug":"partecipare-e-un-po-vivere","status":"publish","type":"post","link":"https:\/\/www.radioempire.it\/index.php\/2025\/03\/02\/partecipare-e-un-po-vivere\/","title":{"rendered":"Partecipare \u00e8 un po&#8217;&#8230;.. vivere"},"content":{"rendered":"<p><strong>Invito alla Comunit\u00e0 Jonica.<\/strong><br \/>\nNei giorni scorsi, su iniziativa del Comitato jonico Beni Comuni, si \u00e8 svolto un incontro con la partecipazione di cittadini, Associazioni, esponenti di forze politiche e sindacali del nostro territorio, sulla necessit\u00e0 di promuovere un Coordinamento comprensoriale tra i tanti soggetti impegnati a portare avanti progetti a tutela del territorio e in grado di promuoverne uno sviluppo con al centro la qualit\u00e0 della vita. La necessit\u00e0 di tale proposta nasce dalla consapevolezza che i tanti problemi della Zona Jonica richiedono risposte a livello comprensoriale e solo a tale livello possono risultare efficaci: in un territorio cos\u00ec omogeneo ognuno investe la sfera dell&#8217; altro.<br \/>\nUrgente ci sembra affrontare le ricadute che il raddoppio ferroviario ha ed avr\u00e0 sulla nostra quotidianit\u00e0: i temi della qualit\u00e0 dell&#8217;acqua, dell&#8217;aria, del suolo e del suo uso, e di una mobilit\u00e0 sostenibile, sollevati da quest&#8217;opera, non possono essere ignorati, anche se vanno affrontati in un&#8217;ottica pi\u00f9 generale.<br \/>\nCerti che non farete mancare il vostro contributo, Vi aspettiamo Mercoled\u00ec 5 Marzo alle ore 18 a S.Teresa Riva, a villa Ragno, per gettare le basi di un progetto fattivo di partecipazione civica aperto a tutti<\/p>\n","protected":false},"excerpt":{"rendered":"<p>Invito alla Comunit\u00e0 Jonica. Nei giorni scorsi, su iniziativa del Comitato jonico Beni Comuni, si \u00e8 svolto un incontro con la partecipazione di cittadini, Associazioni, esponenti di forze politiche e<\/p>\n<div><a class=\"permalink\" href=\"https:\/\/www.radioempire.it\/index.php\/2025\/03\/02\/partecipare-e-un-po-vivere\/\">Read More&#8230;<\/a><\/div>\n","protected":false},"author":2,"featured_media":53882,"comment_status":"closed","ping_status":"closed","sticky":false,"template":"","format":"standard","meta":[],"categories":[3,36,1],"tags":[],"_links":{"self":[{"href":"https:\/\/www.radioempire.it\/index.php\/wp-json\/wp\/v2\/posts\/53879"}],"collection":[{"href":"https:\/\/www.radioempire.it\/index.php\/wp-json\/wp\/v2\/posts"}],"about":[{"href":"https:\/\/www.radioempire.it\/index.php\/wp-json\/wp\/v2\/types\/post"}],"author":[{"embeddable":true,"href":"https:\/\/www.radioempire.it\/index.php\/wp-json\/wp\/v2\/users\/2"}],"replies":[{"embeddable":true,"href":"https:\/\/www.radioempire.it\/index.php\/wp-json\/wp\/v2\/comments?post=53879"}],"version-history":[{"count":1,"href":"https:\/\/www.radioempire.it\/index.php\/wp-json\/wp\/v2\/posts\/53879\/revisions"}],"predecessor-version":[{"id":53883,"href":"https:\/\/www.radioempire.it\/index.php\/wp-json\/wp\/v2\/posts\/53879\/revisions\/53883"}],"wp:featuredmedia":[{"embeddable":true,"href":"https:\/\/www.radioempire.it\/index.php\/wp-json\/wp\/v2\/media\/53882"}],"wp:attachment":[{"href":"https:\/\/www.radioempire.it\/index.php\/wp-json\/wp\/v2\/media?parent=53879"}],"wp:term":[{"taxonomy":"category","embeddable":true,"href":"https:\/\/www.radioempire.it\/index.php\/wp-json\/wp\/v2\/categories?post=53879"},{"taxonomy":"post_tag","embeddable":true,"href":"https:\/\/www.radioempire.it\/index.php\/wp-json\/wp\/v2\/tags?post=53879"}],"curies":[{"name":"wp","href":"https:\/\/api.w.org\/{rel}","templated":true}]}}