{"id":53925,"date":"2025-03-06T10:42:48","date_gmt":"2025-03-06T10:42:48","guid":{"rendered":"https:\/\/www.radioempire.it\/?p=53925"},"modified":"2025-03-06T10:42:48","modified_gmt":"2025-03-06T10:42:48","slug":"taurme-day-viaggio-tra-le-eccellenze-siciliane-in-arrivo-la-terza-edizione","status":"publish","type":"post","link":"https:\/\/www.radioempire.it\/index.php\/2025\/03\/06\/taurme-day-viaggio-tra-le-eccellenze-siciliane-in-arrivo-la-terza-edizione\/","title":{"rendered":"TAURM\u00c8 DAY, VIAGGIO TRA LE ECCELLENZE SICILIANE: IN ARRIVO LA TERZA EDIZIONE"},"content":{"rendered":"<p>Taormina, 5 marzo 2025 \u2013 Un evento che celebra i sapori autentici della Sicilia e promuove il lavoro dei<br \/>\npiccoli produttori locali: \u00e8 il Taurm\u00e8 Day, giunto alla sua terza edizione, appuntamento ormai consolidato<br \/>\nper la comunit\u00e0 enogastronomica che offre la possibilit\u00e0 di scoprire e degustare il meglio dei prodotti<br \/>\nsiciliani. L\u2019evento, ideato da Giuseppe Miuccio e Antonio Spart\u00e0, fondatori dell\u2019azienda \u201cTaurm\u00e8 \u2013 Taste of<br \/>\nSicily\u201d, insieme a Luca Miuccio, executive chef del Grand Hotel San Pietro di Taormina, si terr\u00e0 il prossimo<br \/>\n23 marzo presso il Palazzo dei Congressi di Taormina dalle ore 10.30 alle ore 19.00. Qui, operatori del<br \/>\nsettore Ho.Re.Ca. e wine &amp; food lovers avranno la possibilit\u00e0 di incontrarsi, degustare e conoscere da vicino<br \/>\nuna selezione di piccoli produttori.<br \/>\nNell\u2019anno in cui la Sicilia \u00e8 stata proclamata Regione Enogastronomica d\u2019Europa 2025, prima regione<br \/>\nitaliana a ricevere tale riconoscimento per il suo valore storico, culturale e gastronomico, la manifestazione<br \/>\noffre un&#8217;opportunit\u00e0 unica di interazione diretta tra i produttori delle principali filiere agroalimentari e i<br \/>\nconsumatori, con l\u2019intento di far conoscere e apprezzare i prodotti biologici del catalogo del brand Taurm\u00e8<br \/>\ne valorizzare i piccoli produttori locali, spesso poco visibili, ma custodi di qualit\u00e0 e autenticit\u00e0. L\u2019evento si<br \/>\npropone anche di far comprendere al fruitore finale la cura e la passione con cui questi prodotti vengono<br \/>\ncreati. Non solo un viaggio culinario, dunque, ma una vera e propria missione culturale che unisce passione,<br \/>\nqualit\u00e0 e autenticit\u00e0, in cui i protagonisti saranno i partner della paniere di Taurm\u00e9.<br \/>\nOgni piano del Palazzo dei Congressi permetter\u00e0 ai partecipanti di immergersi in un&#8217;esperienza<br \/>\ngastronomica completa dove cibi e vini si fanno ambasciatori dei valori legati ad ogni singola azienda: dal<br \/>\nfocus rivolto al mondo della pizza, con cotture espresse continue che permetteranno assaggi appena<br \/>\nsfornati dai maestri pizzaioli e dalle aziende specializzate nel settore, a quello su vino e birra; dalle proposte<br \/>\nper la colazione alle degustazioni dei piatti degli chef e dei prodotti esposti; fino a culminare nella terrazza<br \/>\ncon vista sull&#8217;Etna che accoglier\u00e0 il banco mixology con tutte le novit\u00e0 del momento.<br \/>\n\u201cVisto il successo delle scorse edizioni \u2013 racconta Giuseppe Miuccio \u2013 anche quest\u2019anno ci impegniamo a<br \/>\nconfermare l\u2019evento, non solo per il riscontro favorevole del pubblico, ma anche perch\u00e9 siamo spinti<br \/>\ndall\u2019entusiasmo dei nostri produttori che desiderano creare, attraverso il contatto diretto, maggiore<br \/>\n<strong>Stefania Petrotta<\/strong><br \/>\n<strong>Tel. +39 349 6435607<\/strong><br \/>\n<strong>press@wonderfoodcommunication.it<\/strong><br \/>\n<strong>www.wonderfoodcommunication.it<\/strong><br \/>\nconsapevolezza nel consumatore. Ed \u00e8 anche nell\u2019ottica di questa consapevolezza che quest\u2019anno abbiamo<br \/>\nscelto il di puntare sulla sostenibilit\u00e0, considerando anche che le nostre aziende si sono gi\u00e0 adoperate per<br \/>\nrealizzare una filiera completamente biologica e per investire in mezzi a basso impatto ambientale. Per dare<br \/>\nforza a ci\u00f2, abbiamo altres\u00ec chiesto ai professionisti del settore, chef e pizzaioli che parteciperanno<br \/>\nall\u2019evento, di realizzare le loro proposte utilizzando prodotti biologici e tecniche sostenibili\u201d.<br \/>\nIl tema della terza edizione sar\u00e0 dunque \u201cLa sostenibilit\u00e0 a 360 gradi\u201d, tema che non solo coinvolge gli<br \/>\nimprenditori e gli esercenti del settore enogastronomico, ma che richiede anche scelte responsabili da<br \/>\nparte dei produttori e dei consumatori, sempre pi\u00f9 attenti e consapevoli delle origini e della qualit\u00e0 di ci\u00f2<br \/>\nche arriva sulle loro tavole. E poich\u00e9 quello della sostenibilit\u00e0 \u00e8 un concetto globale che tiene conto, oltre<br \/>\nche della dimensione ambientale, anche delle tematiche sociali ed economiche, l\u2019edizione di quest\u2019anno di<br \/>\nTaurm\u00e8 Day si incentrer\u00e0 sul confronto e sulla riflessione attraverso un talk che coinvolger\u00e0 professionisti<br \/>\ndel settore, produttori, imprenditori e istituzioni.<br \/>\nPer uteriori informazioni sull\u2019evento e sui produttori siciliani coinvolti e per l\u2019acquisto dei biglietti si invita a<br \/>\nvisitare il sito <strong>www.day.taurme.it<\/strong><br \/>\nGli addetti ai lavori del canale Ho.Re.Ca. e la stampa potranno partecipare gratuitamente previa<br \/>\nregistrazione online sullo stesso sito.<br \/>\nDettagli dell&#8217;evento<br \/>\nData: Domenica 23 marzo 2025<br \/>\nOrario: 10.30 \u2013 19.00<br \/>\nLocation: Palazzo dei Congressi \u2013 piazza Vittorio Emanuele II, Taormina (ME)<br \/>\nContatti: info@taurme.it &#8211; eventi@taurme.it<br \/>\nSito: www.day.taurme.it<br \/>\nTaurm\u00e8 \u2013 Taste of Sicily, il marchio dedicato alle forniture alimentari di alto profilo al mondo Ho.Re.Ca.,<br \/>\nnasce nel 2018 dalla passione di Giuseppe Miuccio per il patrimonio enogastronomico siciliano, insieme al<br \/>\nsocio Antonio Spart\u00e0. Lo stesso logo dell\u2019azienda, che rappresenta il tauro della fontana di piazza Duomo di<br \/>\nTaormina, richiama il legame profondo dei fondatori con il territorio. Il catalogo di Taurm\u00e8 si concentra su<br \/>\nuna selezione di produttori siciliani che condividono un approccio etico al biologico, anche se non mancano<br \/>\nalcune eccellenze provenienti dalla penisola.<\/p>\n","protected":false},"excerpt":{"rendered":"<p>Taormina, 5 marzo 2025 \u2013 Un evento che celebra i sapori autentici della Sicilia e promuove il lavoro dei piccoli produttori locali: \u00e8 il Taurm\u00e8 Day, giunto alla sua terza<\/p>\n<div><a class=\"permalink\" href=\"https:\/\/www.radioempire.it\/index.php\/2025\/03\/06\/taurme-day-viaggio-tra-le-eccellenze-siciliane-in-arrivo-la-terza-edizione\/\">Read More&#8230;<\/a><\/div>\n","protected":false},"author":2,"featured_media":53926,"comment_status":"closed","ping_status":"closed","sticky":false,"template":"","format":"standard","meta":[],"categories":[3,36],"tags":[],"_links":{"self":[{"href":"https:\/\/www.radioempire.it\/index.php\/wp-json\/wp\/v2\/posts\/53925"}],"collection":[{"href":"https:\/\/www.radioempire.it\/index.php\/wp-json\/wp\/v2\/posts"}],"about":[{"href":"https:\/\/www.radioempire.it\/index.php\/wp-json\/wp\/v2\/types\/post"}],"author":[{"embeddable":true,"href":"https:\/\/www.radioempire.it\/index.php\/wp-json\/wp\/v2\/users\/2"}],"replies":[{"embeddable":true,"href":"https:\/\/www.radioempire.it\/index.php\/wp-json\/wp\/v2\/comments?post=53925"}],"version-history":[{"count":1,"href":"https:\/\/www.radioempire.it\/index.php\/wp-json\/wp\/v2\/posts\/53925\/revisions"}],"predecessor-version":[{"id":53927,"href":"https:\/\/www.radioempire.it\/index.php\/wp-json\/wp\/v2\/posts\/53925\/revisions\/53927"}],"wp:featuredmedia":[{"embeddable":true,"href":"https:\/\/www.radioempire.it\/index.php\/wp-json\/wp\/v2\/media\/53926"}],"wp:attachment":[{"href":"https:\/\/www.radioempire.it\/index.php\/wp-json\/wp\/v2\/media?parent=53925"}],"wp:term":[{"taxonomy":"category","embeddable":true,"href":"https:\/\/www.radioempire.it\/index.php\/wp-json\/wp\/v2\/categories?post=53925"},{"taxonomy":"post_tag","embeddable":true,"href":"https:\/\/www.radioempire.it\/index.php\/wp-json\/wp\/v2\/tags?post=53925"}],"curies":[{"name":"wp","href":"https:\/\/api.w.org\/{rel}","templated":true}]}}