{"id":53950,"date":"2025-03-08T10:32:28","date_gmt":"2025-03-08T10:32:28","guid":{"rendered":"https:\/\/www.radioempire.it\/?p=53950"},"modified":"2025-03-08T10:32:28","modified_gmt":"2025-03-08T10:32:28","slug":"turismo-a-roma-interviene-il-movimento-politico-partiamo-da-qui-sul-settore-extra-alberghiero-tra-opportunita-e-ostacoli","status":"publish","type":"post","link":"https:\/\/www.radioempire.it\/index.php\/2025\/03\/08\/turismo-a-roma-interviene-il-movimento-politico-partiamo-da-qui-sul-settore-extra-alberghiero-tra-opportunita-e-ostacoli\/","title":{"rendered":"Turismo a Roma. Interviene il Movimento Politico \u201cPartiamo da Qui\u201d sul settore extra-alberghiero, tra opportunit\u00e0 e ostacoli"},"content":{"rendered":"<p align=\"CENTER\"><span style=\"font-family: Times New Roman, serif;\"><i>Le strutture extra-alberghiere rappresentano un\u2019importante realt\u00e0 imprenditoriale per il turismo romano, ma si trovano a fronteggiare tasse in aumento, normative complesse e un&#8217;immagine distorta. Il Movimento &#8220;Partiamo da Qui&#8221; chiede pi\u00f9 tutela e riconoscimento per il settore<\/i><\/span><\/p>\n<p><span style=\"font-family: Times New Roman, serif;\"><span style=\"font-size: medium;\">Negli ultimi anni, il panorama dell\u2019ospitalit\u00e0 turistica ha visto una crescente affermazione delle strutture ricettive extra-alberghiere, una realt\u00e0 imprenditoriale che si \u00e8 sviluppata grazie all\u2019iniziativa di proprietari privati e societ\u00e0. Tuttavia, secondo il movimento Politico Culturale &#8220;Partiamo da Qui&#8221;, le Istituzioni locali non stanno offrendo il supporto adeguato a un settore che rappresenta un&#8217;importante risorsa economica per la citt\u00e0.<\/span><\/span><\/p>\n<p><span style=\"font-family: Times New Roman, serif;\"><span style=\"font-size: medium;\"><b>Alessandra Iacattuni, Coordinatrice per Roma Capitale e provincia<\/b><\/span><\/span><span style=\"font-family: Times New Roman, serif;\"><span style=\"font-size: medium;\"> del Movimento, sottolinea alcune problematiche che stanno mettendo in difficolt\u00e0 gli operatori del settore.<\/span><\/span><\/p>\n<p><span style=\"font-family: Times New Roman, serif;\"><span style=\"font-size: medium;\"><b>Aumento della tassa di soggiorno<\/b><\/span><\/span><span style=\"font-family: Times New Roman, serif;\"><span style=\"font-size: medium;\">: Portata in media a 5 euro al giorno per persona, equiparandola a quella degli hotel 4 e 5 stelle, un costo che incide sulle tariffe delle locazioni turistiche.<\/span><\/span><\/p>\n<p><span style=\"font-family: Times New Roman, serif;\"><span style=\"font-size: medium;\"><b>Incremento della cedolare secca<\/b><\/span><\/span><span style=\"font-family: Times New Roman, serif;\"><span style=\"font-size: medium;\">: Dal 1\u00b0 gennaio 2024, per chi affitta almeno due immobili, l&#8217;aliquota \u00e8 salita dal 21% al 26%, aumentando il carico fiscale per i proprietari.<\/span><\/span><\/p>\n<p><span style=\"font-family: Times New Roman, serif;\"><span style=\"font-size: medium;\"><b>Normative complesse e poco chiare:<\/b><\/span><\/span><span style=\"font-family: Times New Roman, serif;\"><span style=\"font-size: medium;\"> Gli operatori si trovano a gestire un dedalo di regolamenti tecnici, operativi e fiscali, con il rischio di commettere errori.<\/span><\/span><\/p>\n<p><span style=\"font-family: Times New Roman, serif;\"><span style=\"font-size: medium;\"><b>Accuse ingiustificate:<\/b><\/span><\/span><span style=\"font-family: Times New Roman, serif;\"><span style=\"font-size: medium;\"> Viene spesso attribuita alle locazioni turistiche la responsabilit\u00e0 della desertificazione dei centri storici, senza un\u2019analisi approfondita delle cause reali.<\/span><\/span><\/p>\n<p><span style=\"font-family: Times New Roman, serif;\"><span style=\"font-size: medium;\"><b>Supporto sbilanciato verso le grandi catene alberghiere:<\/b><\/span><\/span><span style=\"font-family: Times New Roman, serif;\"><span style=\"font-size: medium;\"> Mentre le amministrazioni celebrano l\u2019apertura di nuovi hotel, il settore extra-alberghiero \u00e8 visto con sospetto e ostacolato.<\/span><\/span><\/p>\n<p><span style=\"font-family: Times New Roman, serif;\"><span style=\"font-size: medium;\"><b>Difficolt\u00e0 nel mercato degli affitti a lungo termine:<\/b><\/span><\/span><span style=\"font-family: Times New Roman, serif;\"><span style=\"font-size: medium;\"> I proprietari di immobili evitano di affittare a privati per timore di morosit\u00e0 e lunghe procedure di sfratto, senza una reale tutela legale.<\/span><\/span><\/p>\n<p><span style=\"font-family: Times New Roman, serif;\"><span style=\"font-size: medium;\"><b>Attacchi mediatici:<\/b><\/span><\/span><span style=\"font-family: Times New Roman, serif;\"><span style=\"font-size: medium;\"> Di recente si \u00e8 assistito a numerose operazioni di attacchi sull\u2019utilizzo improprio delle key box con relativa rimozione,<\/span><\/span> <span style=\"font-family: Times New Roman, serif;\"><span style=\"font-size: medium;\">poich\u00e9 irregolari e indecorose. Sebbene sia legittimo regolamentarne l\u2019uso, condannando chi non rispetta le regole, sosteniamo che la narrazione mediatica ha contribuito a diffondere un\u2019immagine generalizzata, ostile e negativa dell\u2019intero settore. Il tema \u201cdecoro\u201d, inoltre, dovrebbe essere affrontato in modo pi\u00f9 ampio, inglobando le problematiche delle pulizie stradali, la gestione dei rifiuti, la manutenzione del verse e la sicurezza cittadina.<\/span><\/span><\/p>\n<p><span style=\"font-family: Times New Roman, serif;\"><span style=\"font-size: medium;\">Il movimento Politico Culturale <\/span><\/span><span style=\"font-family: Times New Roman, serif;\"><span style=\"font-size: medium;\"><b>&#8220;Partiamo da Qui&#8221; si schiera a difesa delle locazioni turistiche<\/b><\/span><\/span><span style=\"font-family: Times New Roman, serif;\"><span style=\"font-size: medium;\">, rivendicando il diritto dei proprietari di gestire liberamente i propri beni nel rispetto delle leggi.<\/span><\/span><\/p>\n<p><span style=\"font-family: Times New Roman, serif;\"><span style=\"font-size: medium;\">\u00abL\u2019extra-alberghiero \u00e8 un pilastro del turismo a Roma \u2013 <\/span><\/span><span style=\"font-family: Times New Roman, serif;\"><span style=\"font-size: medium;\"><b>afferma Iacattuni<\/b><\/span><\/span><span style=\"font-family: Times New Roman, serif;\"><span style=\"font-size: medium;\"> \u2013 e rappresenta un importante sostegno economico per molte famiglie. \u00c8 inaccettabile che venga visto come un problema piuttosto che una risorsa\u00bb.<\/span><\/span><\/p>\n<p><span style=\"font-family: Times New Roman, serif;\"><span style=\"font-size: medium;\">Il Movimento si propone di difendere e rappresentare il comparto turistico in modo strutturato, chiedendo un riconoscimento istituzionale e un supporto adeguato per coloro che operano in modo corretto.<\/span><\/span><\/p>\n<p><span style=\"font-family: Times New Roman, serif;\"><span style=\"font-size: medium;\">\u00abCi batteremo affinch\u00e9 il settore venga valorizzato per il contributo che offre alla citt\u00e0, contrastando la narrazione negativa diffusa finora. Roma ha bisogno di un turismo sostenibile, che includa anche le locazioni turistiche e non solo gli hotel di lusso\u00bb <\/span><\/span><span style=\"font-family: Times New Roman, serif;\"><span style=\"font-size: medium;\"><b>continua la Iacattuni.<\/b><\/span><\/span><\/p>\n<p><span style=\"font-family: Times New Roman, serif;\"><span style=\"font-size: medium;\"><b>L\u2019obiettivo \u00e8 quello di difendere la categoria creando una realt\u00e0 di tutela<\/b><\/span><\/span><span style=\"font-family: Times New Roman, serif;\"><span style=\"font-size: medium;\"> per i piccoli proprietari<\/span><\/span><span style=\"font-family: Times New Roman, serif;\"><span style=\"font-size: medium;\"><b>, un\u2019estensione, quindi, del Movimento \u201cPartiamo da Qui\u201d, proprio per garantire un supporto importante. <\/b><\/span><\/span><span style=\"font-family: Times New Roman, serif;\"><span style=\"font-size: medium;\">Di conseguenza si avvier\u00e0 un dialogo costruttivo con le Amministrazioni per garantire regole chiare e definite, portando a un riconoscimento del valore economico e sociale di questa forma di ospitalit\u00e0.<\/span><\/span><\/p>\n","protected":false},"excerpt":{"rendered":"<p>Le strutture extra-alberghiere rappresentano un\u2019importante realt\u00e0 imprenditoriale per il turismo romano, ma si trovano a fronteggiare tasse in aumento, normative complesse e un&#8217;immagine distorta. Il Movimento &#8220;Partiamo da Qui&#8221; chiede<\/p>\n<div><a class=\"permalink\" href=\"https:\/\/www.radioempire.it\/index.php\/2025\/03\/08\/turismo-a-roma-interviene-il-movimento-politico-partiamo-da-qui-sul-settore-extra-alberghiero-tra-opportunita-e-ostacoli\/\">Read More&#8230;<\/a><\/div>\n","protected":false},"author":2,"featured_media":53951,"comment_status":"closed","ping_status":"closed","sticky":false,"template":"","format":"standard","meta":[],"categories":[3,36],"tags":[],"_links":{"self":[{"href":"https:\/\/www.radioempire.it\/index.php\/wp-json\/wp\/v2\/posts\/53950"}],"collection":[{"href":"https:\/\/www.radioempire.it\/index.php\/wp-json\/wp\/v2\/posts"}],"about":[{"href":"https:\/\/www.radioempire.it\/index.php\/wp-json\/wp\/v2\/types\/post"}],"author":[{"embeddable":true,"href":"https:\/\/www.radioempire.it\/index.php\/wp-json\/wp\/v2\/users\/2"}],"replies":[{"embeddable":true,"href":"https:\/\/www.radioempire.it\/index.php\/wp-json\/wp\/v2\/comments?post=53950"}],"version-history":[{"count":1,"href":"https:\/\/www.radioempire.it\/index.php\/wp-json\/wp\/v2\/posts\/53950\/revisions"}],"predecessor-version":[{"id":53952,"href":"https:\/\/www.radioempire.it\/index.php\/wp-json\/wp\/v2\/posts\/53950\/revisions\/53952"}],"wp:featuredmedia":[{"embeddable":true,"href":"https:\/\/www.radioempire.it\/index.php\/wp-json\/wp\/v2\/media\/53951"}],"wp:attachment":[{"href":"https:\/\/www.radioempire.it\/index.php\/wp-json\/wp\/v2\/media?parent=53950"}],"wp:term":[{"taxonomy":"category","embeddable":true,"href":"https:\/\/www.radioempire.it\/index.php\/wp-json\/wp\/v2\/categories?post=53950"},{"taxonomy":"post_tag","embeddable":true,"href":"https:\/\/www.radioempire.it\/index.php\/wp-json\/wp\/v2\/tags?post=53950"}],"curies":[{"name":"wp","href":"https:\/\/api.w.org\/{rel}","templated":true}]}}