{"id":53953,"date":"2025-03-08T11:13:59","date_gmt":"2025-03-08T11:13:59","guid":{"rendered":"https:\/\/www.radioempire.it\/?p=53953"},"modified":"2025-03-08T11:13:59","modified_gmt":"2025-03-08T11:13:59","slug":"a-night-sergio-bernal-al-teatro-mandanici-la-grande-danza-spagnola-arriva-a-barcellona-pozzo-di-gotto","status":"publish","type":"post","link":"https:\/\/www.radioempire.it\/index.php\/2025\/03\/08\/a-night-sergio-bernal-al-teatro-mandanici-la-grande-danza-spagnola-arriva-a-barcellona-pozzo-di-gotto\/","title":{"rendered":"&#8220;A Night Sergio Bernal&#8221; al Teatro Mandanici: la grande danza spagnola arriva a Barcellona Pozzo di Gotto"},"content":{"rendered":"<p align=\"CENTER\"><span style=\"font-family: Times New Roman, serif;\"><span style=\"font-size: small;\"><i>Non perdete l\u2019occasione di assistere a uno spettacolo straordinario che celebra il fascino e l\u2019intensit\u00e0 della danza spagnola, con un interprete d\u2019eccezione: Sergio Bernal.<\/i><\/span><\/span><\/p>\n<p><span style=\"font-family: Times New Roman, serif;\">Il Teatro Mandanici di Barcellona Pozzo di Gotto (ME) \u00e8 pronto ad accogliere uno degli eventi pi\u00f9 attesi della stagione: &#8220;A Night Sergio Bernal&#8221;, in programma <\/span><span style=\"font-family: Times New Roman, serif;\"><b>domenica 16 marzo 2025 alle ore 21:00<\/b><\/span><span style=\"font-family: Times New Roman, serif;\">. Lo spettacolo, organizzato in collaborazione con il Circolo Auto Moto d&#8217;Epoca di \u201cAlzavalvola\u201d di Castroreale, presieduto da Enrico Munaf\u00f3, per la direzione artistica di Fabio Portaro, vedr\u00e0 protagonista <\/span><span style=\"font-family: Times New Roman, serif;\"><b>Sergio Bernal, icona della danza spagnola contemporanea<\/b><\/span><span style=\"font-family: Times New Roman, serif;\">.<\/span><\/p>\n<p><span style=\"font-family: Times New Roman, serif;\"><b>Danzatore madrileno di fama internazionale<\/b><\/span><span style=\"font-family: Times New Roman, serif;\">, Bernal ha saputo unire la passione del flamenco con la tecnica e l\u2019eleganza della danza classica, dando vita a uno stile unico e travolgente. Dopo una brillante carriera come primo ballerino del Ballet Nacional de Espa\u00f1a, nel 2019 ha fondato la Sergio Bernal Dance Company, con cui porta in scena spettacoli acclamati in tutto il mondo.<\/span><\/p>\n<p><span style=\"font-family: Times New Roman, serif;\"><b>&#8220;A Night Sergio Bernal&#8221; \u00e8 un viaggio nell\u2019anima della danza spagnola<\/b><\/span><span style=\"font-family: Times New Roman, serif;\">, tra il fuoco del flamenco e la raffinatezza del balletto. In scena, vertiginosi assoli e straordinarie coreografie sulle musiche di Ricardo Cue, Alberto Iglesias (autore delle colonne sonore di Pedro Almodovar), Camille Saint-Sa\u00ebns e Maurice Ravel, con un&#8217;inedita interpretazione del celebre Bolero di Ravel. Accanto a Bernal, si esibiranno talentuosi <\/span><span style=\"font-family: Times New Roman, serif;\"><b>artisti come Jose Manuel Benitez e Miriam Mendoza<\/b><\/span><span style=\"font-family: Times New Roman, serif;\">, mentre l\u2019accompagnamento musicale dal vivo sar\u00e0 affidato al chitarrista Daniel Jurado, al cantaor Roberto Lorente e al percussionista Javier Valdunciel.<\/span><\/p>\n<p><span style=\"font-family: Times New Roman, serif;\">Il direttore artistico <\/span><span style=\"font-family: Times New Roman, serif;\"><b>dello spettacolo \u201cA Night Sergio Bernal&#8221;,<\/b><\/span> <span style=\"font-family: Times New Roman, serif;\"><b>Fabio Portaro, ha espresso grande entusiasmo<\/b><\/span><span style=\"font-family: Times New Roman, serif;\"> per questo evento: \u00abAccogliere un artista del calibro di Sergio Bernal \u00e8 un onore per il nostro teatro. Il suo talento e la sua energia sanno conquistare il pubblico con uno spettacolo che unisce tradizione e innovazione, passione e tecnica. Sar\u00e0 una serata indimenticabile per tutti gli amanti della danza e non solo\u00bb.<\/span><\/p>\n<p><span style=\"font-family: Times New Roman, serif;\"><b>Biglietti e informazioni<\/b><\/span><\/p>\n<p><span style=\"font-family: Times New Roman, serif;\">I biglietti per &#8220;Storia di una capinera&#8221; sono disponibili presso il botteghino del Teatro Mandanici nei seguenti orari:<\/span><\/p>\n<p><span style=\"font-family: Times New Roman, serif;\">Luned\u00ec, mercoled\u00ec, venerd\u00ec: 9:30 \u2013 12:30<\/span><\/p>\n<p><span style=\"font-family: Times New Roman, serif;\">Marted\u00ec, gioved\u00ec: 9:30 \u2013 12:30 \/ 15:00 \u2013 17:30<\/span><\/p>\n<p><span style=\"font-family: Times New Roman, serif;\">Per informazioni: 331 6703392<\/span><\/p>\n<p><span style=\"font-family: Times New Roman, serif;\">Oppure online su <a href=\"http:\/\/www.tickettando.it\">www.tickettando.it<\/a> <\/span><\/p>\n","protected":false},"excerpt":{"rendered":"<p>Non perdete l\u2019occasione di assistere a uno spettacolo straordinario che celebra il fascino e l\u2019intensit\u00e0 della danza spagnola, con un interprete d\u2019eccezione: Sergio Bernal. Il Teatro Mandanici di Barcellona Pozzo<\/p>\n<div><a class=\"permalink\" href=\"https:\/\/www.radioempire.it\/index.php\/2025\/03\/08\/a-night-sergio-bernal-al-teatro-mandanici-la-grande-danza-spagnola-arriva-a-barcellona-pozzo-di-gotto\/\">Read More&#8230;<\/a><\/div>\n","protected":false},"author":2,"featured_media":53954,"comment_status":"closed","ping_status":"closed","sticky":false,"template":"","format":"standard","meta":[],"categories":[3,36],"tags":[],"_links":{"self":[{"href":"https:\/\/www.radioempire.it\/index.php\/wp-json\/wp\/v2\/posts\/53953"}],"collection":[{"href":"https:\/\/www.radioempire.it\/index.php\/wp-json\/wp\/v2\/posts"}],"about":[{"href":"https:\/\/www.radioempire.it\/index.php\/wp-json\/wp\/v2\/types\/post"}],"author":[{"embeddable":true,"href":"https:\/\/www.radioempire.it\/index.php\/wp-json\/wp\/v2\/users\/2"}],"replies":[{"embeddable":true,"href":"https:\/\/www.radioempire.it\/index.php\/wp-json\/wp\/v2\/comments?post=53953"}],"version-history":[{"count":1,"href":"https:\/\/www.radioempire.it\/index.php\/wp-json\/wp\/v2\/posts\/53953\/revisions"}],"predecessor-version":[{"id":53955,"href":"https:\/\/www.radioempire.it\/index.php\/wp-json\/wp\/v2\/posts\/53953\/revisions\/53955"}],"wp:featuredmedia":[{"embeddable":true,"href":"https:\/\/www.radioempire.it\/index.php\/wp-json\/wp\/v2\/media\/53954"}],"wp:attachment":[{"href":"https:\/\/www.radioempire.it\/index.php\/wp-json\/wp\/v2\/media?parent=53953"}],"wp:term":[{"taxonomy":"category","embeddable":true,"href":"https:\/\/www.radioempire.it\/index.php\/wp-json\/wp\/v2\/categories?post=53953"},{"taxonomy":"post_tag","embeddable":true,"href":"https:\/\/www.radioempire.it\/index.php\/wp-json\/wp\/v2\/tags?post=53953"}],"curies":[{"name":"wp","href":"https:\/\/api.w.org\/{rel}","templated":true}]}}