{"id":53959,"date":"2025-03-08T13:03:14","date_gmt":"2025-03-08T13:03:14","guid":{"rendered":"https:\/\/www.radioempire.it\/?p=53959"},"modified":"2025-03-08T13:03:14","modified_gmt":"2025-03-08T13:03:14","slug":"il-femminile-e-la-magia-della-vita-a-giarre","status":"publish","type":"post","link":"https:\/\/www.radioempire.it\/index.php\/2025\/03\/08\/il-femminile-e-la-magia-della-vita-a-giarre\/","title":{"rendered":"&#8220;Il Femminile e la Magia della Vita&#8221; a Giarre"},"content":{"rendered":"<p style=\"text-align: left;\">\u201c21\u00b0 EDIZIONE GIORNATA INTERNAZIONALE DELLA DONNA\u201d<\/p>\n<p>Su iniziativa della Pro Loco di Giarre Aps, presieduta da Salvo Zappal\u00e0, avr\u00e0 luogo sabato 8 Marzo 2025, la tradizionale giornata dedicata alla festa della donna. La mattina sar\u00e0 dedicata alla tradizionale distribuzione di mimosa con un piccolo gadget a tutte le donne che si recheranno presso la sala espositiva, mentre nel pomeriggio si terr\u00e0 il 21\u00b0 Convegno-Dibattito <strong>\u201cIL FEMMINILE E LA MAGIA DELLA VITA\u201d<\/strong> presso Il Salone degli Specchi a Giarre, dalle ore 17.30 e vedr\u00e0 i saluti, oltre che dello stesso Presidente della Pro Loco Giarre Aps e Ente Pro Loco Sicilia ets, il Cav. Salvo Zappal\u00e0, del Sindaco di Giarre Leo Cantarella, dell&#8217;Assessore alle Pari Opportunit\u00e0 di Giarre Antonella Santonoceto, per proseguire con le esperienze ed i racconti delle relatrici che si susseguiranno secondo il filo rosso tessuto dalla moderatrice, la giornalista e antropologa Rita Patan\u00e8. Un racconto da un punto di vista differente, positivo, che indaga i tanti colori del Femminile.<br \/>\nA raccontarsi saranno: le imprenditrici Francesca e Martina D\u2019Angelo, l\u2019imprenditrice agricola Salvatrice Coco, l\u2019artista multimediale Marie Claire Delamichelle, la Drag Queen Claire Stardust, la volontaria della Croce Rossa Italiana Enza Maria Vattiato, la delegata Anag Otp Catania Angela Pacini, la pasticciera Lorenza De Natale, la hair stylist Samanda D\u2019Amico e la make-up artist Chiara Gulisano, ancora, la danzaterapeuta Margherita Badal\u00e0.<br \/>\nIl convegno \u2013 dibattito sar\u00e0 impreziosito dalle installazioni artistiche di Marie Claire Delamichelle, dall\u2019esposizione fotografica \u201cRitratti di Luce del Femminile\u201d a cura di Antonio Raciti ph e dall\u2019esibizione al pianoforte degli allievi della scuola \u201cRapsody in Blue\u201d di Gabriella Correnti.<br \/>\nUn pomeriggio ricco all\u2019insegna di arte, cultura e storie di vita, nel 75esimo anniversario della Pro Loco Giarre Aps.<\/p>\n<p style=\"text-align: left;\">Dopo il convegno sar\u00e0 possibile degustare le creazioni di Lorenza De Natale.<br \/>\nIl Convegno &#8211; Dibattito verr\u00e0 trasmesso in diretta streaming sulla pagina facebook della Pro Loco Giarre.<\/p>\n","protected":false},"excerpt":{"rendered":"<p>\u201c21\u00b0 EDIZIONE GIORNATA INTERNAZIONALE DELLA DONNA\u201d Su iniziativa della Pro Loco di Giarre Aps, presieduta da Salvo Zappal\u00e0, avr\u00e0 luogo sabato 8 Marzo 2025, la tradizionale giornata dedicata alla festa<\/p>\n<div><a class=\"permalink\" href=\"https:\/\/www.radioempire.it\/index.php\/2025\/03\/08\/il-femminile-e-la-magia-della-vita-a-giarre\/\">Read More&#8230;<\/a><\/div>\n","protected":false},"author":2,"featured_media":53960,"comment_status":"closed","ping_status":"closed","sticky":false,"template":"","format":"standard","meta":[],"categories":[3,36],"tags":[],"_links":{"self":[{"href":"https:\/\/www.radioempire.it\/index.php\/wp-json\/wp\/v2\/posts\/53959"}],"collection":[{"href":"https:\/\/www.radioempire.it\/index.php\/wp-json\/wp\/v2\/posts"}],"about":[{"href":"https:\/\/www.radioempire.it\/index.php\/wp-json\/wp\/v2\/types\/post"}],"author":[{"embeddable":true,"href":"https:\/\/www.radioempire.it\/index.php\/wp-json\/wp\/v2\/users\/2"}],"replies":[{"embeddable":true,"href":"https:\/\/www.radioempire.it\/index.php\/wp-json\/wp\/v2\/comments?post=53959"}],"version-history":[{"count":1,"href":"https:\/\/www.radioempire.it\/index.php\/wp-json\/wp\/v2\/posts\/53959\/revisions"}],"predecessor-version":[{"id":53961,"href":"https:\/\/www.radioempire.it\/index.php\/wp-json\/wp\/v2\/posts\/53959\/revisions\/53961"}],"wp:featuredmedia":[{"embeddable":true,"href":"https:\/\/www.radioempire.it\/index.php\/wp-json\/wp\/v2\/media\/53960"}],"wp:attachment":[{"href":"https:\/\/www.radioempire.it\/index.php\/wp-json\/wp\/v2\/media?parent=53959"}],"wp:term":[{"taxonomy":"category","embeddable":true,"href":"https:\/\/www.radioempire.it\/index.php\/wp-json\/wp\/v2\/categories?post=53959"},{"taxonomy":"post_tag","embeddable":true,"href":"https:\/\/www.radioempire.it\/index.php\/wp-json\/wp\/v2\/tags?post=53959"}],"curies":[{"name":"wp","href":"https:\/\/api.w.org\/{rel}","templated":true}]}}