{"id":53983,"date":"2025-03-10T20:12:58","date_gmt":"2025-03-10T20:12:58","guid":{"rendered":"https:\/\/www.radioempire.it\/?p=53983"},"modified":"2025-03-10T20:12:58","modified_gmt":"2025-03-10T20:12:58","slug":"potere-e-responsabilita-la-figura-del-magistrato-luigi-balestra-presenta-il-suo-libro-in-un-confronto-sul-ruolo-della-giustizia","status":"publish","type":"post","link":"https:\/\/www.radioempire.it\/index.php\/2025\/03\/10\/potere-e-responsabilita-la-figura-del-magistrato-luigi-balestra-presenta-il-suo-libro-in-un-confronto-sul-ruolo-della-giustizia\/","title":{"rendered":"&#8220;Potere e responsabilit\u00e0. La figura del magistrato&#8221;. Luigi Balestra presenta il suo libro in un confronto sul ruolo della giustizia"},"content":{"rendered":"<p align=\"CENTER\"><span style=\"font-family: Times New Roman, serif;\"><span style=\"font-size: small;\"><i>Un confronto sul ruolo del magistrato nella societ\u00e0 contemporanea con autorevoli esponenti del mondo accademico, giuridico e istituzionale.<\/i><\/span><\/span><\/p>\n<p><span style=\"font-family: Times New Roman, serif;\">Mercoled\u00ec 12 marzo 2025, alle ore 16:00, presso l\u2019Aula S. Pugliatti del Dipartimento di Giurisprudenza di Messina, si terr\u00e0 la presentazione del libro \u201cPotere e responsabilit\u00e0. La figura del magistrato\u201d di Luigi Balestra. <\/span><span style=\"font-family: Times New Roman, serif;\"><b>L\u2019evento \u00e8 organizzato<\/b><\/span><span style=\"font-family: Times New Roman, serif;\"> dalla Fondazione dell&#8217;Avvocatura Messinese, dalla Fondazione Nuovo Mezzogiorno, da ALuMnime, dal Dipartimento di Giurisprudenza del nostro Ateneo, <\/span><span style=\"font-family: Times New Roman, serif;\"><b>con l\u2019obiettivo di promuovere<\/b><\/span><span style=\"font-family: Times New Roman, serif;\"> un dialogo aperto e approfondito sul tema della giustizia e della funzione giudiziaria.<\/span><\/p>\n<p><span style=\"font-family: Times New Roman, serif;\">\u00abQuesto evento rappresenta un&#8217;importante occasione di confronto su un tema centrale per il nostro ordinamento democratico: il ruolo e la responsabilit\u00e0 della magistratura nella societ\u00e0 contemporanea, le implicazioni etiche e istituzionali della sua funzione. La giustizia \u00e8 un pilastro fondamentale della societ\u00e0, e il dibattito su come viene esercitata, sulle sue sfide e sulla formazione dei magistrati deve essere affrontato con seriet\u00e0 e senza pregiudizi ideologici. Il libro di Luigi Balestra ci offre uno spunto prezioso per riflettere su questi aspetti e per stimolare una discussione costruttiva tra avvocati, magistrati, studiosi e cittadini\u00bb <\/span><span style=\"font-family: Times New Roman, serif;\"><b>afferma l\u2019Avv. Vincenzo Ciraolo<\/b><\/span><span style=\"font-family: Times New Roman, serif;\">.<\/span><\/p>\n<p><span style=\"font-family: Times New Roman, serif;\">\u00abTali eventi nascono dalla necessit\u00e0 di stimolare il confronto su varie tematiche di attualit\u00e0, con spirito laico e costruttivo, cercando di trovare spunti di riflessione ed approfondimento sui principali temi di interesse dei cittadini\u00bb <\/span><span style=\"font-family: Times New Roman, serif;\"><b>afferma il Prof. Enrico Nastro Siniscalchi.<\/b><\/span><\/p>\n<p><span style=\"font-family: Times New Roman, serif;\"><b>L\u2019evento si aprir\u00e0 con i Saluti Istituzionali<\/b><\/span><span style=\"font-family: Times New Roman, serif;\"> del <\/span><span style=\"font-family: Times New Roman, serif;\"><b>Prof. Enrico Nastro Siniscalchi<\/b><\/span><span style=\"font-family: Times New Roman, serif;\">, Responsabile della Sezione di Messina della Fondazione Nuovo Mezzogiorno, e dal <\/span><span style=\"font-family: Times New Roman, serif;\"><b>Prof. Francesco Rende<\/b><\/span><span style=\"font-family: Times New Roman, serif;\">, Presidente ALuMnime. A seguire, il <\/span><span style=\"font-family: Times New Roman, serif;\"><b>Prof. Alessio Lo Giudice<\/b><\/span><span style=\"font-family: Times New Roman, serif;\">, Direttore del Dipartimento di Giurisprudenza, introdurr\u00e0 il tema dell\u2019incontro. Si entrer\u00e0 quindi nel vivo con <\/span><span style=\"font-family: Times New Roman, serif;\"><b>l\u2019Avv. Vincenzo Ciraolo<\/b><\/span><span style=\"font-family: Times New Roman, serif;\">, Presidente della Fondazione dell&#8217;Avvocatura Messinese, che guider\u00e0 la conversazione.<\/span><\/p>\n<p><span style=\"font-family: Times New Roman, serif;\"><b>A confrontarsi con l\u2019autore Luigi Balestra<\/b><\/span><span style=\"font-family: Times New Roman, serif;\">, saranno il <\/span><span style=\"font-family: Times New Roman, serif;\"><b>Dott. Domenico Armaleo<\/b><\/span><span style=\"font-family: Times New Roman, serif;\">, Componente del Comitato Direttivo Centrale A.N.M., la <\/span><span style=\"font-family: Times New Roman, serif;\"><b>Dott.ssa Francesca Bonanzinga<\/b><\/span><span style=\"font-family: Times New Roman, serif;\">, Presidente A.N.M. della Sezione di Messina, l\u2019<\/span><span style=\"font-family: Times New Roman, serif;\"><b>Avv. Alberto Gullino<\/b><\/span><span style=\"font-family: Times New Roman, serif;\">, Presidente della Camera Penale Pisani Amendolia di Messina, l\u2019<\/span><span style=\"font-family: Times New Roman, serif;\"><b>Avv. Paolo Vermiglio<\/b><\/span><span style=\"font-family: Times New Roman, serif;\">, Presidente dell\u2019Ordine degli Avvocati di Messina.<\/span><\/p>\n<p><span style=\"font-family: Times New Roman, serif;\">Le conclusioni saranno affidate al <\/span><span style=\"font-family: Times New Roman, serif;\"><b>Prof. On. Salvo And\u00f2<\/b><\/span><span style=\"font-family: Times New Roman, serif;\">, Presidente della Fondazione Nuovo Mezzogiorno.<\/span><\/p>\n<p><span style=\"font-family: Times New Roman, serif;\">Il testo di Luigi Balestra, &#8220;Potere e responsabilit\u00e0. La figura del magistrato&#8221; (Rubbettino), offre una riflessione approfondita sulla giustizia, analizzando sia le dinamiche interne al sistema giudiziario sia le influenze esterne che ne hanno determinato le trasformazioni. L\u2019autore evidenzia come il ruolo del magistrato sia profondamente mutato rispetto al passato, a causa di fattori complessi quali la lotta al terrorismo e alla mafia, l\u2019evoluzione della legislazione \u2013 spesso frammentata e incoerente \u2013 e la necessit\u00e0 di dare piena attuazione ai principi costituzionali. In questo contesto, <\/span><span style=\"font-family: Times New Roman, serif;\"><b>emerge la necessit\u00e0 di un dibattito rigoroso e privo di pregiudizi ideologici <\/b><\/span><span style=\"font-family: Times New Roman, serif;\">sull\u2019esercizio della funzione giudiziaria.<\/span><\/p>\n<p><span style=\"font-family: Times New Roman, serif;\"><b>Uno degli interrogativi centrali i meccanismi di selezione e formazione dei magistrati<\/b><\/span><span style=\"font-family: Times New Roman, serif;\">. Il libro invita a riflettere se tali percorsi siano realmente in grado di preparare uomini e donne consapevoli della responsabilit\u00e0 e dell\u2019alto valore istituzionale del loro ruolo.<\/span><\/p>\n<p><span style=\"font-family: Times New Roman, serif;\">Attraverso un\u2019analisi lucida e documentata, Balestra stimola una discussione fondamentale sul futuro della magistratura e sul suo rapporto con la societ\u00e0, ponendo al centro il delicato equilibrio<\/span><span style=\"font-family: Times New Roman, serif;\"><b> tra potere e responsabilit\u00e0<\/b><\/span><span style=\"font-family: Times New Roman, serif;\">.<\/span><\/p>\n<p><span style=\"font-family: Times New Roman, serif;\"><b>L\u2019evento si inserisce nel quadro del Progetto V.A.L.E.-plus<\/b><\/span><span style=\"font-family: Times New Roman, serif;\"> e gode del patrocinio del Comitato Scientifico, composto dai Prof.ri Enrico Nastro Siniscalchi e Francesco Rende.<\/span><\/p>\n<p><span style=\"font-family: Times New Roman, serif;\"><b>Agli studenti del Dipartimento di Giurisprudenza<\/b><\/span><span style=\"font-family: Times New Roman, serif;\">, che parteciperanno all\u2019incontro, verranno riconosciuti 0,25 CFU per ciascuna sessione. Inoltre<\/span><span style=\"font-family: Times New Roman, serif;\"><b>, il convegno \u00e8 in corso di accreditamento dall\u2019Ordine degli Avvocati<\/b><\/span><span style=\"font-family: Times New Roman, serif;\"> di Messina ai fini dell\u2019aggiornamento professionale.<\/span><\/p>\n","protected":false},"excerpt":{"rendered":"<p>Un confronto sul ruolo del magistrato nella societ\u00e0 contemporanea con autorevoli esponenti del mondo accademico, giuridico e istituzionale. Mercoled\u00ec 12 marzo 2025, alle ore 16:00, presso l\u2019Aula S. Pugliatti del<\/p>\n<div><a class=\"permalink\" href=\"https:\/\/www.radioempire.it\/index.php\/2025\/03\/10\/potere-e-responsabilita-la-figura-del-magistrato-luigi-balestra-presenta-il-suo-libro-in-un-confronto-sul-ruolo-della-giustizia\/\">Read More&#8230;<\/a><\/div>\n","protected":false},"author":2,"featured_media":53984,"comment_status":"closed","ping_status":"closed","sticky":false,"template":"","format":"standard","meta":[],"categories":[3,36],"tags":[],"_links":{"self":[{"href":"https:\/\/www.radioempire.it\/index.php\/wp-json\/wp\/v2\/posts\/53983"}],"collection":[{"href":"https:\/\/www.radioempire.it\/index.php\/wp-json\/wp\/v2\/posts"}],"about":[{"href":"https:\/\/www.radioempire.it\/index.php\/wp-json\/wp\/v2\/types\/post"}],"author":[{"embeddable":true,"href":"https:\/\/www.radioempire.it\/index.php\/wp-json\/wp\/v2\/users\/2"}],"replies":[{"embeddable":true,"href":"https:\/\/www.radioempire.it\/index.php\/wp-json\/wp\/v2\/comments?post=53983"}],"version-history":[{"count":2,"href":"https:\/\/www.radioempire.it\/index.php\/wp-json\/wp\/v2\/posts\/53983\/revisions"}],"predecessor-version":[{"id":53986,"href":"https:\/\/www.radioempire.it\/index.php\/wp-json\/wp\/v2\/posts\/53983\/revisions\/53986"}],"wp:featuredmedia":[{"embeddable":true,"href":"https:\/\/www.radioempire.it\/index.php\/wp-json\/wp\/v2\/media\/53984"}],"wp:attachment":[{"href":"https:\/\/www.radioempire.it\/index.php\/wp-json\/wp\/v2\/media?parent=53983"}],"wp:term":[{"taxonomy":"category","embeddable":true,"href":"https:\/\/www.radioempire.it\/index.php\/wp-json\/wp\/v2\/categories?post=53983"},{"taxonomy":"post_tag","embeddable":true,"href":"https:\/\/www.radioempire.it\/index.php\/wp-json\/wp\/v2\/tags?post=53983"}],"curies":[{"name":"wp","href":"https:\/\/api.w.org\/{rel}","templated":true}]}}