{"id":54037,"date":"2025-03-17T14:19:45","date_gmt":"2025-03-17T14:19:45","guid":{"rendered":"https:\/\/www.radioempire.it\/?p=54037"},"modified":"2025-03-17T14:19:45","modified_gmt":"2025-03-17T14:19:45","slug":"medoc-terza-edizione-focus-e-rassegna-di-ais-sicilia-sulle-doc-del-messinese","status":"publish","type":"post","link":"https:\/\/www.radioempire.it\/index.php\/2025\/03\/17\/medoc-terza-edizione-focus-e-rassegna-di-ais-sicilia-sulle-doc-del-messinese\/","title":{"rendered":"MEdoc, terza edizione: focus e rassegna di Ais Sicilia sulle DOC del Messinese"},"content":{"rendered":"<p><em>L\u2019Associazione Italiana Sommelier Sicilia il <strong>22 e 23 marzo<\/strong> prossimi riaprir\u00e0 i battenti presso la Sala Consulta della Camera di Commercio di Messina su <strong>Malvasia delle Lipari<\/strong>, <strong>Mamertino<\/strong> e <strong>Faro<\/strong>, le tre denominazioni d\u2019origine del Messinese. Previsti momenti tematici tra convegni, masterclass, banchi d\u2019assaggio, una cena a tema territoriale e un contest tecnico dei soci degustatori ufficiali che premier\u00e0 i vini in concorso<\/em><\/p>\n<p><strong>MESSINA<\/strong>. Solo pochi giorni fa ancora alle prese con la presentazione al pubblico della \u201c<em>Guida Vini Ais<\/em>\u201d della regione, la macchina organizzativa dell\u2019<strong>Associazione<\/strong> <strong>Italiana<\/strong> <strong>Sommelier<\/strong> <strong>Sicilia<\/strong> \u00e8 nuovamente accesa e pronta a ripartire.<\/p>\n<p>Dal Ragusano in direzione nord ci si sposta tra <em>Nebrodi<\/em> e <em>Peloritani<\/em>. In programma \u00e8 la missione di promozione territoriale attraverso la terza edizione di <strong>MEdoc<\/strong>, manifestazione che lo scorso anno registr\u00f2 affluenza di grande pubblico e che volge la sua concentrazione verso l\u2019incantevole territorio della provincia di Messina attraverso la valorizzazione delle sue tre denominazioni di origine <strong>Malvasia<\/strong> <strong>delle<\/strong> <strong>Lipari<\/strong>, <strong>Mamertino<\/strong> e <strong>Faro<\/strong>.<\/p>\n<p>I prossimi <strong>22 e 23 marzo<\/strong>, infatti, sar\u00e0 la <strong><em>Camera di Commercio di Messina<\/em><\/strong>, grazie al patrocinio della <strong><em>Citt\u00e0 Metropolitana<\/em><\/strong> e del <strong><em>Comune di Messina<\/em><\/strong>, unitamente alla partecipazione del <strong><em>GAL Taormina Peloritani Terre dei Miti e della <img loading=\"lazy\" class=\"size-medium wp-image-54040 alignleft\" src=\"https:\/\/www.radioempire.it\/wp-content\/uploads\/2025\/03\/Me-doc-2025-225x300.jpg\" alt=\"\" width=\"225\" height=\"300\" srcset=\"https:\/\/www.radioempire.it\/wp-content\/uploads\/2025\/03\/Me-doc-2025-225x300.jpg 225w, https:\/\/www.radioempire.it\/wp-content\/uploads\/2025\/03\/Me-doc-2025-768x1024.jpg 768w, https:\/\/www.radioempire.it\/wp-content\/uploads\/2025\/03\/Me-doc-2025-1152x1536.jpg 1152w, https:\/\/www.radioempire.it\/wp-content\/uploads\/2025\/03\/Me-doc-2025.jpg 1536w\" sizes=\"(max-width: 225px) 100vw, 225px\" \/>Bellezza<\/em><\/strong>, oltre alla presenza istituzionale dei <strong><em>Consorzi di Tutela<\/em><\/strong> delle tre denominazioni, ad ospitare proprio <strong>MEdoc<\/strong>, la rassegna delle eccellenze vitivinicole di areali tra gli unici al mondo, che con la propria forte identit\u00e0 e autenticit\u00e0 stanno trovando rilevante risonanza nel panorama vinicolo sia nazionale sia internazionale.<\/p>\n<p>\u00ab<em>Per il terzo anno consecutivo MEdoc si rivela realt\u00e0 ormai consolidata<\/em> \u2013 afferma <strong>Gioele Micali<\/strong>, responsabile regionale eventi <strong>Ais Sicilia<\/strong>. <em>Una manifestazione a cui le aziende del territorio messinese guardano con estremo interesse grazie, anche e soprattutto, alla sinergia con le istituzioni come il comune di Messina, la Citt\u00e0 Metropolitana e il GAL Taormina Peloritani Terre dei Miti e della Bellezza. Siamo riusciti ancora una volta a mettere su un grande contenitore culturale dove l\u2019attenzione enologica sul territorio delle tre DOC ritorna ad essere centrale attraverso tanti momenti di approfondimento come il convegno di apertura e le tre masterclass comparative che prevedranno un confronto singolare con altri vini e territori nazionali, in ottica di un\u2019essenziale crescita in termini di importanza valoriale di questo grande areale geografico<\/em>\u00bb.<\/p>\n<p>Territori custoditi tra le valli affascinanti e i promontori panoramici dei <strong><em>monti Peloritani<\/em><\/strong>,\u00a0declinati dolcemente o a strapiombo tra i due mari, <strong><em>Ionio<\/em><\/strong> e <strong><em>Tirreno<\/em><\/strong>, o eroicamente nati nell\u2019arcipelago delle suggestive <strong><em>isole Eolie<\/em><\/strong>.<\/p>\n<p>Tutti luoghi avvolti dal fascino aureo della mitologia greca e intrisi di ricchezza culturale, come quello del <strong>Mamertino<\/strong>, conosciuto sin dai tempi dei Romani gi\u00e0 dal 289 a.C., vetusto di onori e di blasoni, tra i pi\u00f9 antichi della storia, le cui virt\u00f9 furono declamate da <strong>Plinio il Vecchio<\/strong> e da <strong>Giulio Cesare<\/strong> che lo cit\u00f2 addirittura nel suo \u201c<em>De Bello Gallico<\/em>\u201d.<\/p>\n<p>O come la <strong>Malvasia<\/strong>, introdotta dai veneti sui territori delle isole Eolie gi\u00e0 colonizzati dai Greci, da cui nacque quel vino che in epoca napoleonica fece innamorare gli Inglesi. O ancora i <strong>Pharii<\/strong> (da cui deriva \u201c<strong>Faro<\/strong>\u201d), popolo dell\u2019antica Grecia, che diedero un apporto significativo alla viticoltura, alla diffusione dell\u2019\u201calberello\u201d e alla produzione del vino di cui <strong>Shakespeare<\/strong> parla nelle sue opere.<\/p>\n<p><strong>MEdoc<\/strong> prevedr\u00e0 diversi momenti tematici. Al sabato un <em>talk<\/em> <em>show<\/em> d\u2019apertura dal titolo \u201c<em>La viticoltura eroica a Messina: viaggio tra le colline peloritane della DOC Faro, della DOC Mamertino e dell\u2019arcipelago delle isole Eolie<\/em>\u201d, condotto da <strong>Luigi Salvo<\/strong>, delegato <strong>Ais Palermo<\/strong> e responsabile regionale dei degustatori, alla presenza dei rappresentanti dei tre consorzi di tutela, di <strong>Ais Italia<\/strong>, di <strong>Ais Sicilia<\/strong>, del <strong>CERVIM<\/strong>, Centro di Ricerca, Studi, Salvaguardia, Coordinamento e Valorizzazione per la Viticoltura Montana, e delle pubbliche autorit\u00e0. Un approfondimento di storia, ampelografia e ricchezza potenziale di questi territori, ancora non del tutto scoperti, oltre a sfide e ad obiettivi futuri per queste tre denominazioni.<\/p>\n<p>Seguiranno <strong><u>tre masterclass<\/u><\/strong> nella giornata di <strong><u>domenica 23 marzo<\/u><\/strong> guidate dai sommelier di <strong>Ais Sicilia<\/strong> e da <strong>Paolo Tamagnini<\/strong>, docente relatore di <strong>Ais Umbria<\/strong>, che avranno come tema i vini dello Stretto e del Sud Italia, a seguire un parallelo tra DOC Faro e il territorio del Conero, ed infine un \u201cviaggio\u201d tra le dolcezze di dieci Malvasie dalle isole Eolie al resto d\u2019Italia.<\/p>\n<p>Per l\u2019intera <strong><u>domenica 23 marzo<\/u><\/strong><u> <strong>dalle 10.30 alle 19<\/strong><\/u> saranno previsti gli immancabili <strong><u>banchi d\u2019assaggio<\/u><\/strong> con le aziende del comprensorio per i <em>winelovers<\/em> curiosi di conoscere tutte le sfaccettature delle tre denominazioni.<\/p>\n<p>Il giorno precedente, invece,<strong> <u>sabato 22 marzo<\/u><\/strong>, i degustatori ufficiali <strong>Ais Sicilia <\/strong>saranno impegnati con diversi <em>tasting<\/em> in un <em>contest<\/em> tecnico. Proprio quest\u2019ultimo avr\u00e0 il compito di premiare i vini in concorso secondo quattro parametri organolettici e di attualit\u00e0: <strong>eccellenza<\/strong>, <strong>innovazione<\/strong>, <strong>piacevolezza<\/strong> e <strong>compatibilit\u00e0<\/strong> <strong>gastronomica<\/strong>.<\/p>\n<p>\u00ab<em>Il concorso enologico di MEdoc ha una duplice funzione<\/em> \u2013 <strong>sostiene Luigi Salvo<\/strong>, coordinatore del panel dei giudici enologici del <em>contest<\/em>. <em>Da un lato quella di far crescere il gruppo dei degustatori ufficiali di Ais Sicilia in un confronto sui vini delle denominazioni messinesi, mentre dall\u2019altro ha il compito di verificare lo sviluppo sostanziale del comparto enologico dell\u2019areale, comunicando la crescente qualit\u00e0 di questi territori straordinari<\/em>\u00bb.<\/p>\n<p>Sempre <strong><u>sabato 22 marzo<\/u><\/strong> ci sar\u00e0 una grande novit\u00e0 per questa terza edizione, ossia una <strong><u>cena tematica<\/u><\/strong> per la valorizzazione dei prodotti enogastronomici del territorio presso il ristorante \u201c<em>La Corte dei Mari<\/em>\u201d di Messina.<\/p>\n<p>Questo l\u2019intero programma di <strong>Medoc 2025<\/strong>:<\/p>\n<p><strong>Sabato 22 marzo<\/strong><\/p>\n<p><strong>\u00a0<\/strong><\/p>\n<p><strong>Ore 10:30<\/strong>\u2013<strong>15:30\u00a0<\/strong>\u2013 <u>SALA CONSULTA \u2013 CAMERA DI COMMERCIO DI MESSINA<\/u><\/p>\n<p>Commissione d&#8217;assaggio dei degustatori di <strong>Ais Sicilia<\/strong> per la terza edizione del concorso enologico <strong>MEdoc<\/strong><br \/>\n\u2022 <em>Momento a porte chiuse solo per addetti ai lavori del panel di degustazione<\/em><\/p>\n<p>&nbsp;<\/p>\n<p><strong>Ore 17:30 <\/strong>\u2013 <u>SALA CONSULTA \u2013 CAMERA DI COMMERCIO DI MESSINA<\/u><\/p>\n<p>Talk <em>&#8220;<strong>La viticoltura eroica a Messina: viaggio tra le colline peloritane della DOC Faro, della DOC Mamertino e dell&#8217;arcipelago delle isole Eolie<\/strong>&#8220;<\/em>. Al convegno presenzieranno i rappresentanti dei consorzi di tutela delle tre DOC messinesi, di Ais Italia, di Ais Sicilia, del CERVIM, Centro di Ricerca, Studi, Salvaguardia, Coordinamento e Valorizzazione per la Viticoltura Montana, e delle pubbliche autorit\u00e0<br \/>\n\u2022 <em>A seguire momento conviviale con degustazione<\/em><\/p>\n<p>&nbsp;<\/p>\n<p><strong>Ore 20:00 <\/strong>\u2013<strong> A tavola con<\/strong> <strong>MEdoc<\/strong><\/p>\n<p>Ristorante \u201c<em>La Corte dei Mari<\/em>\u201d \u2022 Messina<\/p>\n<p>Cena con le eccellenze enogastronomiche del Messinese<\/p>\n<p><strong>\u00a0<\/strong><\/p>\n<p><strong>Domenica 17 marzo<\/strong><\/p>\n<p><strong>Ore 10:30<\/strong>\u00a0\u2013\u00a0<u>SALA BORSA \u2013 CAMERA DI COMMERCIO DI MESSINA<\/u><\/p>\n<p>Apertura al pubblico dei <strong>banchi d\u2019assaggio<\/strong> delle aziende produttrici di Faro, Mamertino e Malvasia delle Lipari<\/p>\n<p>&nbsp;<\/p>\n<p><strong>Ore 11:00<\/strong>\u00a0\u2013\u00a0<u>SALA CONSULTA \u2013 CAMERA DI COMMERCIO DI MESSINA<\/u><\/p>\n<p><strong>Prima masterclass<\/strong><\/p>\n<p><em>&#8220;<strong>La cerniera dello Stretto ed il bottone del Sud Italia<\/strong>&#8220;<\/em>. Blind tasting su due vitigni e due storie: l\u2019Aglianico ed il Nocera delle aziende produttrici della DOC Mamertino<\/p>\n<p>&nbsp;<\/p>\n<p><strong>Ore 14:00<\/strong>\u00a0\u2013\u00a0<u>SALA CONSULTA \u2013 CAMERA DI COMMERCIO DI MESSINA<\/u><\/p>\n<p><strong>Seconda masterclass<\/strong><\/p>\n<p><em>&#8220;<strong>Rossi d&#8217;a&#8230;mare. Faro e Conero, lo specchio di due mari<\/strong>&#8220;<\/em>. Blind tasting tra differenti espressioni della DOC Faro e i vini dell&#8217;areale del Conero<\/p>\n<p>&nbsp;<\/p>\n<p><strong>Ore 17:00<\/strong>\u00a0\u2013\u00a0<u>SALA CONSULTA \u2013 CAMERA DI COMMERCIO DI MESSINA<\/u><\/p>\n<p><strong>Terza masterclass<\/strong><\/p>\n<p><em>&#8220;<strong>Malvasie d&#8217;Italia. Lipari e le altre vie della dolcezza<\/strong>&#8220;<\/em>. Blind tasting tra 10 Malvasie dello Stivale a confronto<\/p>\n<p>&nbsp;<\/p>\n<p><strong>Ore 19:00<\/strong>\u00a0\u2013\u00a0<u>SALA BORSA \u2013 CAMERA DI COMMERCIO DI MESSINA<\/u><\/p>\n<p>Proclamazione dei vini premiati della terza edizione del concorso enologico &#8220;<strong>MEdoc<\/strong>&#8221; e consegna degli attestati ai produttori.<\/p>\n<p>Buffet e degustazione delle eccellenze e dei prodotti tipici messinesi a cura dell&#8217;associazione <em>Its Academy Albatros<\/em> e <em>Non Solo Cibus<\/em><\/p>\n<p>&nbsp;<\/p>\n<p><strong>Ore 19:30\u00a0<\/strong>\u2013 <u>SALA BORSA \u2013 CAMERA DI COMMERCIO DI MESSINA<\/u><\/p>\n<p>Saluti di ringraziamento e chiusura della manifestazione<\/p>\n<p>&nbsp;<\/p>\n<p><strong><em>Ufficio Stampa Ais Sicilia<br \/>\nMarcello Malta<\/em><\/strong><\/p>\n<p><em>Giornalista Pubblicista<br \/>\nTessera\u00a0Ordine Professionale dei Giornalisti n\u00b0 120588<br \/>\nMob.: +39 347 8833091<\/em><\/p>\n<p><em>Mail:\u00a0<\/em><a href=\"mailto:ufficiostampa@aissicilia.com\"><em>ufficiostampa@aissicilia.com<\/em><\/a><em>, <\/em><a href=\"mailto:marcellomalta@yahoo.it\"><em>marcellomalta@yahoo.it<\/em><\/a><\/p>\n<p><strong>\u00a0<\/strong><\/p>\n<p><strong>\u00a0<\/strong><\/p>\n","protected":false},"excerpt":{"rendered":"<p>L\u2019Associazione Italiana Sommelier Sicilia il 22 e 23 marzo prossimi riaprir\u00e0 i battenti presso la Sala Consulta della Camera di Commercio di Messina su Malvasia delle Lipari, Mamertino e Faro,<\/p>\n<div><a class=\"permalink\" href=\"https:\/\/www.radioempire.it\/index.php\/2025\/03\/17\/medoc-terza-edizione-focus-e-rassegna-di-ais-sicilia-sulle-doc-del-messinese\/\">Read More&#8230;<\/a><\/div>\n","protected":false},"author":2,"featured_media":54039,"comment_status":"closed","ping_status":"closed","sticky":false,"template":"","format":"standard","meta":[],"categories":[3,36],"tags":[],"_links":{"self":[{"href":"https:\/\/www.radioempire.it\/index.php\/wp-json\/wp\/v2\/posts\/54037"}],"collection":[{"href":"https:\/\/www.radioempire.it\/index.php\/wp-json\/wp\/v2\/posts"}],"about":[{"href":"https:\/\/www.radioempire.it\/index.php\/wp-json\/wp\/v2\/types\/post"}],"author":[{"embeddable":true,"href":"https:\/\/www.radioempire.it\/index.php\/wp-json\/wp\/v2\/users\/2"}],"replies":[{"embeddable":true,"href":"https:\/\/www.radioempire.it\/index.php\/wp-json\/wp\/v2\/comments?post=54037"}],"version-history":[{"count":1,"href":"https:\/\/www.radioempire.it\/index.php\/wp-json\/wp\/v2\/posts\/54037\/revisions"}],"predecessor-version":[{"id":54041,"href":"https:\/\/www.radioempire.it\/index.php\/wp-json\/wp\/v2\/posts\/54037\/revisions\/54041"}],"wp:featuredmedia":[{"embeddable":true,"href":"https:\/\/www.radioempire.it\/index.php\/wp-json\/wp\/v2\/media\/54039"}],"wp:attachment":[{"href":"https:\/\/www.radioempire.it\/index.php\/wp-json\/wp\/v2\/media?parent=54037"}],"wp:term":[{"taxonomy":"category","embeddable":true,"href":"https:\/\/www.radioempire.it\/index.php\/wp-json\/wp\/v2\/categories?post=54037"},{"taxonomy":"post_tag","embeddable":true,"href":"https:\/\/www.radioempire.it\/index.php\/wp-json\/wp\/v2\/tags?post=54037"}],"curies":[{"name":"wp","href":"https:\/\/api.w.org\/{rel}","templated":true}]}}