{"id":54267,"date":"2025-04-14T16:57:35","date_gmt":"2025-04-14T16:57:35","guid":{"rendered":"https:\/\/www.radioempire.it\/?p=54267"},"modified":"2025-04-14T16:57:35","modified_gmt":"2025-04-14T16:57:35","slug":"ali-terme-incontro-dibattito-sullautismo","status":"publish","type":"post","link":"https:\/\/www.radioempire.it\/index.php\/2025\/04\/14\/ali-terme-incontro-dibattito-sullautismo\/","title":{"rendered":"Al\u00ec Terme. Incontro dibattito sull&#8217;autismo"},"content":{"rendered":"\r\n<p>Articolo di Orazio Leotta<br \/><br \/>Al\u00ec Terme. Con inizio alle ore 10, si \u00e8 tenuto sabato mattina al Centro Diurno di Al\u00ec Terme un convegno sulla disabilit\u00e0 denominato \u201cInformarsi per stare bene\u201d. Organizzato dall\u2019associazione di volontariato per bambini autistici \u201cComitato Montinari Sicilia Onlus\u201d, col patrocinio del Comune di Al\u00ec Terme, l\u2019incontro, moderato dalla presidente del succitato comitato Carmelina Manganaro, ha visto l\u2019alternarsi di qualificati relatori fra i quali la dott. Marialuisa Bagnato, medica chirurga, che si \u00e8 particolarmente soffermata sui comportamenti da osservare negli autistici; il dott. Antonino Corica, medico specialista allergologo e immunologo, che ha trattato le patologie di sua competenza quando presenti in soggetti autistici e la dott. Maria Adele Casella, farmacista, con esperienza trentennale in omeopatia, nutrizione e fitoterapia, che ha incentrato il suo intervento su autismo e medicina complementare. Un interessante dibattito finale ha reso ancora pi\u00f9 interessante la mattinata medico-scientifica con quesiti di varia natura posti dagli intervenuti: dal biossido di cloro quale cura sperimentata nei paesi anglosassoni a come preparare un bambino autistico ad affrontare un nuovo esame medico; dal microbiota intestinale alterato alle iper o ipo sensorialit\u00e0 nei bambini autistici. <\/p>\r\n","protected":false},"excerpt":{"rendered":"<p>Articolo di Orazio Leotta Al\u00ec Terme. Con inizio alle ore 10, si \u00e8 tenuto sabato mattina al Centro Diurno di Al\u00ec Terme un convegno sulla disabilit\u00e0 denominato \u201cInformarsi per stare<\/p>\n<div><a class=\"permalink\" href=\"https:\/\/www.radioempire.it\/index.php\/2025\/04\/14\/ali-terme-incontro-dibattito-sullautismo\/\">Read More&#8230;<\/a><\/div>\n","protected":false},"author":2,"featured_media":54310,"comment_status":"closed","ping_status":"closed","sticky":false,"template":"","format":"standard","meta":[],"categories":[3,36],"tags":[],"_links":{"self":[{"href":"https:\/\/www.radioempire.it\/index.php\/wp-json\/wp\/v2\/posts\/54267"}],"collection":[{"href":"https:\/\/www.radioempire.it\/index.php\/wp-json\/wp\/v2\/posts"}],"about":[{"href":"https:\/\/www.radioempire.it\/index.php\/wp-json\/wp\/v2\/types\/post"}],"author":[{"embeddable":true,"href":"https:\/\/www.radioempire.it\/index.php\/wp-json\/wp\/v2\/users\/2"}],"replies":[{"embeddable":true,"href":"https:\/\/www.radioempire.it\/index.php\/wp-json\/wp\/v2\/comments?post=54267"}],"version-history":[{"count":2,"href":"https:\/\/www.radioempire.it\/index.php\/wp-json\/wp\/v2\/posts\/54267\/revisions"}],"predecessor-version":[{"id":54311,"href":"https:\/\/www.radioempire.it\/index.php\/wp-json\/wp\/v2\/posts\/54267\/revisions\/54311"}],"wp:featuredmedia":[{"embeddable":true,"href":"https:\/\/www.radioempire.it\/index.php\/wp-json\/wp\/v2\/media\/54310"}],"wp:attachment":[{"href":"https:\/\/www.radioempire.it\/index.php\/wp-json\/wp\/v2\/media?parent=54267"}],"wp:term":[{"taxonomy":"category","embeddable":true,"href":"https:\/\/www.radioempire.it\/index.php\/wp-json\/wp\/v2\/categories?post=54267"},{"taxonomy":"post_tag","embeddable":true,"href":"https:\/\/www.radioempire.it\/index.php\/wp-json\/wp\/v2\/tags?post=54267"}],"curies":[{"name":"wp","href":"https:\/\/api.w.org\/{rel}","templated":true}]}}