{"id":54272,"date":"2025-04-10T22:36:50","date_gmt":"2025-04-10T22:36:50","guid":{"rendered":"https:\/\/www.radioempire.it\/?p=54272"},"modified":"2025-04-10T22:36:50","modified_gmt":"2025-04-10T22:36:50","slug":"la-sicilia-celebra-al-vinitaly-il-riconoscimento-di-regione-europea-della-gastronomia-2025","status":"publish","type":"post","link":"https:\/\/www.radioempire.it\/index.php\/2025\/04\/10\/la-sicilia-celebra-al-vinitaly-il-riconoscimento-di-regione-europea-della-gastronomia-2025\/","title":{"rendered":"La Sicilia celebra al Vinitaly il riconoscimento di Regione Europea della Gastronomia 2025"},"content":{"rendered":"<p><strong><em>Per tutto l\u2019anno saranno organizzati eventi, degustazioni e workshop con chef e produttori locali, con particolare attenzione a luoghi simbolo del riscatto siciliano come Corleone e Castelvetrano<\/em><\/strong><\/p>\n<p><strong>Verona, 8 aprile 2025<\/strong>\u00a0\u2013 Al Vinitaly, presso il Padiglione della Regione Siciliana, si \u00e8 svolto un incontro dedicato alla degustazione dei prodotti d\u2019eccellenza siciliani e alla celebrazione del titolo di\u00a0<strong>Regione Europea della Gastronomia 2025<\/strong>, assegnato dall\u2019Istituto Internazionale di Gastronomia, Cultura, Arti e Turismo (IGCAT). Questo importante riconoscimento rappresenta un\u2019opportunit\u00e0 unica per promuovere tradizioni culinarie, prodotti tipici e innovazione gastronomica, rafforzando l\u2019immagine della Sicilia nel panorama internazionale.<\/p>\n<p><img loading=\"lazy\" class=\"size-medium wp-image-54274 alignleft\" src=\"https:\/\/www.radioempire.it\/wp-content\/uploads\/2025\/04\/Foto-tavolo-2-300x225.jpeg\" alt=\"\" width=\"300\" height=\"225\" srcset=\"https:\/\/www.radioempire.it\/wp-content\/uploads\/2025\/04\/Foto-tavolo-2-300x225.jpeg 300w, https:\/\/www.radioempire.it\/wp-content\/uploads\/2025\/04\/Foto-tavolo-2-1024x768.jpeg 1024w, https:\/\/www.radioempire.it\/wp-content\/uploads\/2025\/04\/Foto-tavolo-2-768x576.jpeg 768w, https:\/\/www.radioempire.it\/wp-content\/uploads\/2025\/04\/Foto-tavolo-2-1536x1152.jpeg 1536w, https:\/\/www.radioempire.it\/wp-content\/uploads\/2025\/04\/Foto-tavolo-2.jpeg 2048w\" sizes=\"(max-width: 300px) 100vw, 300px\" \/>Il Professor <strong>Salvatore Barbagallo<\/strong>, Assessore dell\u2019Agricoltura, dello Sviluppo Rurale e della Pesca Mediterranea della Regione Siciliana, ha dichiarato: <em>\u201cLa Sicilia custodisce un patrimonio unico di vini, prodotti agroalimentari, tradizioni e cultura. Come Regione, siamo impegnati a sostenere le imprese, tutelare le nostre eccellenze e promuovere la sostenibilit\u00e0, trasformando l\u2019isola in un simbolo di qualit\u00e0 e identit\u00e0 riconosciuto ovunque. Essere Regione Europea della Gastronomia nel 2025 \u00e8 un\u2019opportunit\u00e0 unica per valorizzare le nostre produzioni e rafforzare il legame tra enogastronomia, territorio e cultura. Per tutto l\u2019anno saranno organizzati eventi, degustazioni e workshop con chef e produttori locali, con particolare attenzione a luoghi simbolo del riscatto siciliano come Corleone e Castelvetrano. Questi territori, spesso associati a un passato difficile, meritano di essere raccontati attraverso le loro eccellenze, la loro storia e il loro impegno per un futuro di legalit\u00e0 e sviluppo. Le iniziative coinvolgeranno pubblico italiano e internazionale, contribuendo a sostenere il turismo e l\u2019economia locale, mostrando il vero volto della Sicilia: una terra di qualit\u00e0, bellezza e innovazione\u201d.<\/em><\/p>\n<p><strong>Fulvio<\/strong><strong>\u00a0<\/strong><strong>Bellomo<\/strong><strong>,\u00a0<\/strong>Direttore Generale del Dipartimento Agricoltura Regione Siciliana ha illustrato gli strumenti messi in campo per sostenere la produzione delle eccellenze isolane:\u00a0<em>\u201cStiamo lavorando per rafforzare le filiere produttive, dalla terra alla tavola. \u00c8 essenziale continuare a diversificare i mercati e promuovere i nostri prodotti in contesti internazionali per superare le sfide che ci attendono. Il nostro obiettivo \u00e8 proseguire nella crescita puntando sulla qualit\u00e0, sulla certificazione e su una comunicazione che racconti al mondo la vera essenza della Sicilia\u201d.<\/em><\/p>\n<p><strong>Mariangela Cambria,<\/strong> Presidente di Assovini Sicilia, ha sottolineato il ruolo strategico del vino nell\u2019economia dell\u2019isola:\u00a0<em>\u201cLa Sicilia quest\u2019anno ha ottenuto un grande riconoscimento, in quanto \u00e8 stata proclamata\u00a0Regione Europea della Gastronomia 2025. Incentivare la produzione di vini siciliani significa valorizzare l\u2019intera isola. Il vino \u00e8 un ambasciatore del nostro territorio e un volano per la sua economia. Come Assovini, continueremo a lavorare in sinergia con la Regione Siciliana per promuovere i nostri prodotti su scala globale, con l\u2019obiettivo di consolidare la percezione della Sicilia come terra di eccellenza\u201d.<\/em><\/p>\n<p><strong>Antonio Rallo, <\/strong>Presidente del Consorzio di Tutela Vini DOC Sicilia, ha evidenziato le caratteristiche distintive dei vini siciliani e il loro impatto competitivo sui mercati internazionali: <em>\u201cI vini siciliani si distinguono per la loro straordinaria identit\u00e0, frutto di un territorio unico e di una tradizione secolare. La diversit\u00e0 dei vitigni autoctoni, la qualit\u00e0 delle materie prime e l\u2019attenzione alla sostenibilit\u00e0 ci permettono di competere in modo eccellente nel contesto globale. In tal senso, fare sistema insieme alle Istituzioni, pu\u00f2 portare maggiori vantaggi all\u2019isola\u201d.<\/em><\/p>\n<p><strong><em>Patrizia Penna<\/em><br \/>\n<em>Giornalista professionista (Odg Sicilia, tessera n. 079909)<\/em><\/strong><\/p>\n<p><strong><em>tel. 347\/6196768.<\/em><\/strong><\/p>\n","protected":false},"excerpt":{"rendered":"<p>Per tutto l\u2019anno saranno organizzati eventi, degustazioni e workshop con chef e produttori locali, con particolare attenzione a luoghi simbolo del riscatto siciliano come Corleone e Castelvetrano Verona, 8 aprile<\/p>\n<div><a class=\"permalink\" href=\"https:\/\/www.radioempire.it\/index.php\/2025\/04\/10\/la-sicilia-celebra-al-vinitaly-il-riconoscimento-di-regione-europea-della-gastronomia-2025\/\">Read More&#8230;<\/a><\/div>\n","protected":false},"author":2,"featured_media":54273,"comment_status":"closed","ping_status":"closed","sticky":false,"template":"","format":"standard","meta":[],"categories":[3,36],"tags":[],"_links":{"self":[{"href":"https:\/\/www.radioempire.it\/index.php\/wp-json\/wp\/v2\/posts\/54272"}],"collection":[{"href":"https:\/\/www.radioempire.it\/index.php\/wp-json\/wp\/v2\/posts"}],"about":[{"href":"https:\/\/www.radioempire.it\/index.php\/wp-json\/wp\/v2\/types\/post"}],"author":[{"embeddable":true,"href":"https:\/\/www.radioempire.it\/index.php\/wp-json\/wp\/v2\/users\/2"}],"replies":[{"embeddable":true,"href":"https:\/\/www.radioempire.it\/index.php\/wp-json\/wp\/v2\/comments?post=54272"}],"version-history":[{"count":1,"href":"https:\/\/www.radioempire.it\/index.php\/wp-json\/wp\/v2\/posts\/54272\/revisions"}],"predecessor-version":[{"id":54275,"href":"https:\/\/www.radioempire.it\/index.php\/wp-json\/wp\/v2\/posts\/54272\/revisions\/54275"}],"wp:featuredmedia":[{"embeddable":true,"href":"https:\/\/www.radioempire.it\/index.php\/wp-json\/wp\/v2\/media\/54273"}],"wp:attachment":[{"href":"https:\/\/www.radioempire.it\/index.php\/wp-json\/wp\/v2\/media?parent=54272"}],"wp:term":[{"taxonomy":"category","embeddable":true,"href":"https:\/\/www.radioempire.it\/index.php\/wp-json\/wp\/v2\/categories?post=54272"},{"taxonomy":"post_tag","embeddable":true,"href":"https:\/\/www.radioempire.it\/index.php\/wp-json\/wp\/v2\/tags?post=54272"}],"curies":[{"name":"wp","href":"https:\/\/api.w.org\/{rel}","templated":true}]}}