{"id":54315,"date":"2025-04-16T14:05:43","date_gmt":"2025-04-16T14:05:43","guid":{"rendered":"https:\/\/www.radioempire.it\/?p=54315"},"modified":"2025-04-16T14:05:43","modified_gmt":"2025-04-16T14:05:43","slug":"ordine-dei-giornalisti-di-sicilia-si-insedia-il-consiglio-con-mannisi-nuovo-presidente","status":"publish","type":"post","link":"https:\/\/www.radioempire.it\/index.php\/2025\/04\/16\/ordine-dei-giornalisti-di-sicilia-si-insedia-il-consiglio-con-mannisi-nuovo-presidente\/","title":{"rendered":"Ordine dei Giornalisti di Sicilia. Si insedia il Consiglio con Mannisi nuovo presidente"},"content":{"rendered":"\r\n<p>Concetto Mannisi \u00e8 il nuovo presidente dell&#8217;Ordine dei giornalisti Sicilia. L&#8217;elezione \u00e8 arrivata durante la prima riunione del nuovo Consiglio che si \u00e8 insediato luned\u00ec 14 aprile. Elette tutte le cariche: Filippo Mul\u00e8 segretario, vicepresidente Laura Simoncini, tesoriere Daniele Lo Porto.<br \/>\u00abRingrazio i colleghi che mi hanno voluto nuovamente in Consiglio\u00bb la prima dichiarazione di Mannisi da presidente \u00abe, naturalmente, quelli che mi hanno indicato come presidente. Ci sar\u00e0 da lavorare tantissimo ma, come sa chi mi conosce, il lavoro non mi ha mai spaventato. L&#8217;Ordine deve tornare a essere la casa di tutti per meglio affrontare le sfide che interessano la categoria dei giornalisti, di chi fa questo mestiere, anche al fine di respingere gli attacchi di chi prova a minare le basi della professione e a renderci poveri e ricattabili. Non sar\u00e0 facile ma ci proveremo, assieme a tutti gli altri consiglieri professionisti e pubblicisti, dialogando col sindacato e con grande senso di responsabilit\u00e0. Per questo ho anche chiesto a diversi colleghi che hanno affrontato l&#8217;ultima tornata elettorale su uno schieramento contrapposto a quello di controcorrente, squadra di cui sono orgoglioso di fare parte, di continuare a impegnarsi al nostro fianco e persino di mantenere gli incarichi loro attribuiti nel precedente mandato. Quindi da una maggioranza diversa dalla nostra. L&#8217;Ordine deve essere la casa di tutti. E che non siano solo parole\u00bb.<br \/><br \/>Si \u00e8 anche riunito il Collegio dei Revisori dei conti composto da Salvatore Messina, Roberto Immesi e Vittorio Corradino, che \u00e8 stato eletto presidente.<\/p>\r\n","protected":false},"excerpt":{"rendered":"<p>Concetto Mannisi \u00e8 il nuovo presidente dell&#8217;Ordine dei giornalisti Sicilia. L&#8217;elezione \u00e8 arrivata durante la prima riunione del nuovo Consiglio che si \u00e8 insediato luned\u00ec 14 aprile. Elette tutte le<\/p>\n<div><a class=\"permalink\" href=\"https:\/\/www.radioempire.it\/index.php\/2025\/04\/16\/ordine-dei-giornalisti-di-sicilia-si-insedia-il-consiglio-con-mannisi-nuovo-presidente\/\">Read More&#8230;<\/a><\/div>\n","protected":false},"author":2,"featured_media":54340,"comment_status":"closed","ping_status":"closed","sticky":false,"template":"","format":"standard","meta":[],"categories":[3,36],"tags":[],"_links":{"self":[{"href":"https:\/\/www.radioempire.it\/index.php\/wp-json\/wp\/v2\/posts\/54315"}],"collection":[{"href":"https:\/\/www.radioempire.it\/index.php\/wp-json\/wp\/v2\/posts"}],"about":[{"href":"https:\/\/www.radioempire.it\/index.php\/wp-json\/wp\/v2\/types\/post"}],"author":[{"embeddable":true,"href":"https:\/\/www.radioempire.it\/index.php\/wp-json\/wp\/v2\/users\/2"}],"replies":[{"embeddable":true,"href":"https:\/\/www.radioempire.it\/index.php\/wp-json\/wp\/v2\/comments?post=54315"}],"version-history":[{"count":2,"href":"https:\/\/www.radioempire.it\/index.php\/wp-json\/wp\/v2\/posts\/54315\/revisions"}],"predecessor-version":[{"id":54341,"href":"https:\/\/www.radioempire.it\/index.php\/wp-json\/wp\/v2\/posts\/54315\/revisions\/54341"}],"wp:featuredmedia":[{"embeddable":true,"href":"https:\/\/www.radioempire.it\/index.php\/wp-json\/wp\/v2\/media\/54340"}],"wp:attachment":[{"href":"https:\/\/www.radioempire.it\/index.php\/wp-json\/wp\/v2\/media?parent=54315"}],"wp:term":[{"taxonomy":"category","embeddable":true,"href":"https:\/\/www.radioempire.it\/index.php\/wp-json\/wp\/v2\/categories?post=54315"},{"taxonomy":"post_tag","embeddable":true,"href":"https:\/\/www.radioempire.it\/index.php\/wp-json\/wp\/v2\/tags?post=54315"}],"curies":[{"name":"wp","href":"https:\/\/api.w.org\/{rel}","templated":true}]}}