{"id":54325,"date":"2025-04-15T19:52:00","date_gmt":"2025-04-15T19:52:00","guid":{"rendered":"https:\/\/www.radioempire.it\/?p=54325"},"modified":"2025-04-15T19:55:08","modified_gmt":"2025-04-15T19:55:08","slug":"isabel-centovalli-madrina-del-programma-lora-tutta-musica-in-bianco-e-nero","status":"publish","type":"post","link":"https:\/\/www.radioempire.it\/index.php\/2025\/04\/15\/isabel-centovalli-madrina-del-programma-lora-tutta-musica-in-bianco-e-nero\/","title":{"rendered":"Isabel Centovalli, madrina del programma L\u2019Ora Tutta musica in Bianco e Nero."},"content":{"rendered":"<p>Chi \u00e8 Isabel Centovalli? L\u2019abbiamo chiesto a Nino Rizzo conduttore a Radio Empire del programma \u201cL\u2019Ora tutta musica in Bianco e Nero\u201d. Questa la sua descrizione: Isabel \u00e8 una delle artiste pi\u00f9 grandi e vere che abbia conosciuto nella mia vita. Seriet\u00e0, professionalit\u00e0, intelligenza e bellezza rara. Trovare tutto questo \u00e8 davvero raro, per questo ho sempre avuto tantissima stima per Isabel Centovalli, per tutto ci\u00f2 che \u00e8 Lei: musicista, cantante, paroliera, violinista, filosofa, maestra, scrittrice, cinema, teatro, fondatrice di un\u2019associazione per persone che soffrono di depressione, abbandono e solitudine. E\u2019 sempre stata Musa di famosi pittori e artisti per la sua bellezza rara e i suoi lineamenti sensuali. E\u2019 nata e cresciuta in Svizzera tedesca, antenati irlandesi, genitori immigrati dalla Puglia. Isabel Centovalli parla fluido: Italiano, Svizzero tedesco, Tedesco, Francese, Inglese, poco Arabo e poco Turco; i suoi hobbies: amore immenso per gli animali , ama soprattutto cavalli, gatti e cani, passione per la filosofia e storia, disegno e pittura.<\/p>\n<p>Redazionale<\/p>\n","protected":false},"excerpt":{"rendered":"<p>Chi \u00e8 Isabel Centovalli? L\u2019abbiamo chiesto a Nino Rizzo conduttore a Radio Empire del programma \u201cL\u2019Ora tutta musica in Bianco e Nero\u201d. Questa la sua descrizione: Isabel \u00e8 una delle<\/p>\n<div><a class=\"permalink\" href=\"https:\/\/www.radioempire.it\/index.php\/2025\/04\/15\/isabel-centovalli-madrina-del-programma-lora-tutta-musica-in-bianco-e-nero\/\">Read More&#8230;<\/a><\/div>\n","protected":false},"author":2,"featured_media":54328,"comment_status":"closed","ping_status":"closed","sticky":false,"template":"","format":"standard","meta":[],"categories":[3,36],"tags":[],"_links":{"self":[{"href":"https:\/\/www.radioempire.it\/index.php\/wp-json\/wp\/v2\/posts\/54325"}],"collection":[{"href":"https:\/\/www.radioempire.it\/index.php\/wp-json\/wp\/v2\/posts"}],"about":[{"href":"https:\/\/www.radioempire.it\/index.php\/wp-json\/wp\/v2\/types\/post"}],"author":[{"embeddable":true,"href":"https:\/\/www.radioempire.it\/index.php\/wp-json\/wp\/v2\/users\/2"}],"replies":[{"embeddable":true,"href":"https:\/\/www.radioempire.it\/index.php\/wp-json\/wp\/v2\/comments?post=54325"}],"version-history":[{"count":1,"href":"https:\/\/www.radioempire.it\/index.php\/wp-json\/wp\/v2\/posts\/54325\/revisions"}],"predecessor-version":[{"id":54327,"href":"https:\/\/www.radioempire.it\/index.php\/wp-json\/wp\/v2\/posts\/54325\/revisions\/54327"}],"wp:featuredmedia":[{"embeddable":true,"href":"https:\/\/www.radioempire.it\/index.php\/wp-json\/wp\/v2\/media\/54328"}],"wp:attachment":[{"href":"https:\/\/www.radioempire.it\/index.php\/wp-json\/wp\/v2\/media?parent=54325"}],"wp:term":[{"taxonomy":"category","embeddable":true,"href":"https:\/\/www.radioempire.it\/index.php\/wp-json\/wp\/v2\/categories?post=54325"},{"taxonomy":"post_tag","embeddable":true,"href":"https:\/\/www.radioempire.it\/index.php\/wp-json\/wp\/v2\/tags?post=54325"}],"curies":[{"name":"wp","href":"https:\/\/api.w.org\/{rel}","templated":true}]}}