{"id":54481,"date":"2025-04-30T17:41:16","date_gmt":"2025-04-30T17:41:16","guid":{"rendered":"https:\/\/www.radioempire.it\/?p=54481"},"modified":"2025-04-30T17:41:16","modified_gmt":"2025-04-30T17:41:16","slug":"fondazione-taormina-arte-sicilia-felice-panebianco-e-il-nuovo-sovrintendente","status":"publish","type":"post","link":"https:\/\/www.radioempire.it\/index.php\/2025\/04\/30\/fondazione-taormina-arte-sicilia-felice-panebianco-e-il-nuovo-sovrintendente\/","title":{"rendered":"FONDAZIONE TAORMINA ARTE SICILIA: FELICE PANEBIANCO \u00c8 IL NUOVO SOVRINTENDENTE"},"content":{"rendered":"<p class=\"western\" style=\"margin-bottom: 7.95pt; line-height: 107%;\"><span style=\"font-size: 13.5pt; line-height: 107%; font-family: 'Arial',sans-serif;\">\u00a0<\/span><span style=\"font-size: 13.5pt; line-height: 107%; font-family: 'Arial',sans-serif;\">Taormina. Felice Panebianco, 42 anni, avvocato di Messina, \u00e8 il nuovo sovrintendente della Fondazione Taormina Arte Sicilia. Panebianco, che si \u00e8 gi\u00e0 insediato, lavorer\u00e0 in stretta sinergia con il commissario straordinario Sergio Bonomo.<\/span><\/p>\n<p class=\"western\" style=\"margin-bottom: 7.95pt; line-height: 107%;\"><span style=\"font-size: 13.5pt; line-height: 107%; font-family: 'Arial',sans-serif;\">\u201cL\u2019avvocato Panebianco \u00e8 un professionista competente &#8211; spiega Bonomo &#8211; e rappresenta la persona giusta per dare ulteriore stabilit\u00e0 alla Fondazione. Questa nomina arriva nel momento pi\u00f9 opportuno. Siamo alle porte della 71\u00aa edizione del Taormina Film Fest, che si svolger\u00e0 dal 10 al 14 giugno, sotto la direzione artistica di Tiziana Rocca. In quei giorni, Taormina torner\u00e0 ad essere capitale del grande cinema, con un programma articolato in tre sezioni: concorso internazionale, fuori concorso ed eventi speciali ospitati nello scenario unico del Teatro Antico. Il 18 giugno ci saranno le celebrazioni del Trattato di Messina e Taormina, con la presenza di circa 36 rappresentanti di Stato di nazioni europee. Tutto questo viene inserito all\u2019interno di una programmazione gi\u00e0 definita del Taobuk. Nei mesi di luglio, agosto e settembre ci sar\u00e0 un bel cartellone di eventi del Festival di Taormina Arte diretto da Gianna Fratta. La Fondazione, seppur faticosamente ma con determinazione e impegno, gi\u00e0 dal 2024 sta risalendo la china, essendo certi di voler proiettare la qualit\u00e0 delle programmazioni culturali ai massimi livelli. Inoltre l&#8217;anno finanziario appena chiuso, con un utile d\u2019esercizio, n\u00e8 \u00e8 la dimostrazione dell&#8217;importanza che vogliamo destinare ai bilanci dell&#8217;Ente, base essenziale per la crescita della Fondazione\u201d.<\/span><\/p>\n<p class=\"western\" style=\"margin-bottom: 7.95pt; line-height: 107%;\"><span style=\"font-size: 13.5pt; line-height: 107%; font-family: 'Arial',sans-serif;\">\u201cA parte il Festival del Cinema &#8211; prosegue Bonomo &#8211; sono previste oltre 20 serate di spettacolo. Tra gli eventi gi\u00e0 annunciati, ricordo il 15 luglio Pfm doppia traccia, il 22 luglio Peppe Barra, il 12 agosto Astor un secolo di tango, il 25 agosto Giulietta e Romeo, il 26 agosto Tony Hadley e il 28 agosto Arisa. Dal 31 agosto al 6 settembre sono in programma le celebrazioni per i 100 anni di Camilleri, con retrospettive, maratone, proiezioni, mostre, concerti, incontri, tavole rotonde e spettacoli per rendere omaggio al grande scrittore di Porto Empedocle. Per questa iniziativa, promossa dall\u2019assessorato al Turismo, allo Sport e allo Spettacolo diretto dall\u2019on. Elvira Amata, \u00e8 stata importante la rete partenariale attivata dalla Fondazione Taormina Arte Sicilia con l\u2019Associazione Fondo Andrea Camilleri, il Comitato nazionale Camilleri 100, la Palomar, Rai Fiction e Siae. A seguire \u00e8 in programma la Belliniana, affermato festival in onore di Vincenzo Bellini. Colgo l\u2019occasione per ringraziare il direttore artistico del Festival del Cinema, Tiziana Rocca, e il direttore artistico del Festival di Taormina Arte, Gianna Fratta, per l\u2019ottimo lavoro che stanno portando avanti con grande impegno e professionalit\u00e0. Ringrazio, in particolare, l\u2019assessore regionale al Turismo, allo Sport e alllo Spettacolo, on. Elvira Amata, che con grande intuito e dedizione crea le condizioni per dare sviluppo all&#8217;Ente, consolidando il lavoro finora svolto\u201d.<\/span><\/p>\n","protected":false},"excerpt":{"rendered":"<p>\u00a0Taormina. Felice Panebianco, 42 anni, avvocato di Messina, \u00e8 il nuovo sovrintendente della Fondazione Taormina Arte Sicilia. Panebianco, che si \u00e8 gi\u00e0 insediato, lavorer\u00e0 in stretta sinergia con il commissario<\/p>\n<div><a class=\"permalink\" href=\"https:\/\/www.radioempire.it\/index.php\/2025\/04\/30\/fondazione-taormina-arte-sicilia-felice-panebianco-e-il-nuovo-sovrintendente\/\">Read More&#8230;<\/a><\/div>\n","protected":false},"author":2,"featured_media":54482,"comment_status":"closed","ping_status":"closed","sticky":false,"template":"","format":"standard","meta":[],"categories":[36,78],"tags":[],"_links":{"self":[{"href":"https:\/\/www.radioempire.it\/index.php\/wp-json\/wp\/v2\/posts\/54481"}],"collection":[{"href":"https:\/\/www.radioempire.it\/index.php\/wp-json\/wp\/v2\/posts"}],"about":[{"href":"https:\/\/www.radioempire.it\/index.php\/wp-json\/wp\/v2\/types\/post"}],"author":[{"embeddable":true,"href":"https:\/\/www.radioempire.it\/index.php\/wp-json\/wp\/v2\/users\/2"}],"replies":[{"embeddable":true,"href":"https:\/\/www.radioempire.it\/index.php\/wp-json\/wp\/v2\/comments?post=54481"}],"version-history":[{"count":1,"href":"https:\/\/www.radioempire.it\/index.php\/wp-json\/wp\/v2\/posts\/54481\/revisions"}],"predecessor-version":[{"id":54483,"href":"https:\/\/www.radioempire.it\/index.php\/wp-json\/wp\/v2\/posts\/54481\/revisions\/54483"}],"wp:featuredmedia":[{"embeddable":true,"href":"https:\/\/www.radioempire.it\/index.php\/wp-json\/wp\/v2\/media\/54482"}],"wp:attachment":[{"href":"https:\/\/www.radioempire.it\/index.php\/wp-json\/wp\/v2\/media?parent=54481"}],"wp:term":[{"taxonomy":"category","embeddable":true,"href":"https:\/\/www.radioempire.it\/index.php\/wp-json\/wp\/v2\/categories?post=54481"},{"taxonomy":"post_tag","embeddable":true,"href":"https:\/\/www.radioempire.it\/index.php\/wp-json\/wp\/v2\/tags?post=54481"}],"curies":[{"name":"wp","href":"https:\/\/api.w.org\/{rel}","templated":true}]}}