{"id":54545,"date":"2025-05-08T06:24:05","date_gmt":"2025-05-08T06:24:05","guid":{"rendered":"https:\/\/www.radioempire.it\/?p=54545"},"modified":"2025-05-08T06:25:53","modified_gmt":"2025-05-08T06:25:53","slug":"palazzo-dei-leoni-si-e-insediato-il-consiglio-metropolitano-di-messina","status":"publish","type":"post","link":"https:\/\/www.radioempire.it\/index.php\/2025\/05\/08\/palazzo-dei-leoni-si-e-insediato-il-consiglio-metropolitano-di-messina\/","title":{"rendered":"Palazzo dei Leoni, si \u00e8 insediato il Consiglio Metropolitano di Messina"},"content":{"rendered":"<p><strong><span style=\"font-size: 10.0pt; font-family: 'Arial',sans-serif; color: #3311d7;\">I quattordici consiglieri metropolitani hanno giurato alla presenza del sindaco metropolitano Federico Basile<\/span><\/strong><\/p>\n<p><span style=\"font-family: 'Arial',sans-serif; color: black;\">\u00a0S<\/span><span style=\"font-family: 'Arial',sans-serif; color: black;\">i \u00e8 svolta la prima riunione del Consiglio Metropolitano di Messina, un momento di grande rilevanza che segna l\u2019avvio delle attivit\u00e0 dell&#8217;importante organismo di rappresentanza territoriale.<br \/>\nL\u2019assemblea, presieduta dal sindaco metropolitano Federico Basile con il supporto del segretario generale Rossana Carrubba, ha visto la partecipazione di tutti i quattordici consiglieri eletti lo scorso 27 aprile, provenienti da diverse forze politiche: \u201cAvanti con Basile sindaco\u201d (Giuseppe Crisafulli, Flavio Santoro, Carmelina Bambara e Daniela Zirilli), \u201cLega Salvini Premier\u201d (Alberto Ferra\u00f9, Giuseppe Calabr\u00f2 e Antonino Russo), \u201cFratelli d\u2019Italia &#8211; Giorgia Meloni\u201d (Francesco Perdichizzi e Libero Gioveni), \u201cForza Italia &#8211; Berlusconi PPE\u201d (Carmelo Pietrafitta e Alessandra Milio), \u201cPartito Democratico &#8211; L\u2019Alternativa\u201d (Felice Calabr\u00f2 e Domenico Sebastiano Santisi) e infine \u201cGrande Sicilia\u201d (Ilenia Torre).<br \/>\n<img loading=\"lazy\" class=\"size-medium wp-image-54548 alignleft\" src=\"https:\/\/www.radioempire.it\/wp-content\/uploads\/2025\/05\/Il-Consiglio-Metropolitano-300x163.jpg\" alt=\"\" width=\"300\" height=\"163\" srcset=\"https:\/\/www.radioempire.it\/wp-content\/uploads\/2025\/05\/Il-Consiglio-Metropolitano-300x163.jpg 300w, https:\/\/www.radioempire.it\/wp-content\/uploads\/2025\/05\/Il-Consiglio-Metropolitano-768x418.jpg 768w, https:\/\/www.radioempire.it\/wp-content\/uploads\/2025\/05\/Il-Consiglio-Metropolitano-750x406.jpg 750w, https:\/\/www.radioempire.it\/wp-content\/uploads\/2025\/05\/Il-Consiglio-Metropolitano.jpg 944w\" sizes=\"(max-width: 300px) 100vw, 300px\" \/>La sessione si \u00e8 aperta con i saluti del sindaco Basile, che ha sottolineato l\u2019importanza dell&#8217;appuntamento odierno come punto di partenza di un\u2019azione politica e amministrativa condivisa con le realt\u00e0 territoriali.<br \/>\n\u201cOggi, dopo molti anni, la Citt\u00e0 Metropolitana si riappropria, seppur parzialmente, di un Consiglio che rappresenta l\u2019intero territorio \u2013 ha affermato Basile \u2013 un\u2019area vasta e complessa, con numerose criticit\u00e0, che potr\u00e0 ora avvalersi di un organo collegiale dedicato alla crescita sociale, infrastrutturale ed economica delle singole comunit\u00e0. I risultati ottenuti finora dal Palazzo dei Leoni sono stati significativi, come il risanamento del bilancio, ma da oggi si apre una nuova fase in cui potremo pianificare insieme un percorso condiviso, volto a rafforzare le nostre capacit\u00e0 e raggiungere obiettivi ambiziosi e sfidanti\u201d.<br \/>\nSuccessivamente, i consiglieri hanno prestato giuramento, assumendo formalmente l\u2019incarico e impegnandosi a svolgere con responsabilit\u00e0 e dedizione il ruolo loro affidato. \u00c8 stata, inoltre, approvata la documentazione attestante l\u2019assenza di cause di ineleggibilit\u00e0, incandidabilit\u00e0 o incompatibilit\u00e0.<br \/>\nLa riunione si \u00e8 conclusa con le dichiarazioni di impegno dei quattordici neoeletti che hanno assicurato il massimo impegno per il territorio, auspicando che la presenza di un organo politico, seppur non eletto direttamente dalla volont\u00e0 popolare, possa contribuire a ripristinare un meccanismo di rappresentanza, interrotto bruscamente con la soppressione delle ex Province nel 2014.<\/span><\/p>\n<p><strong><span style=\"font-family: 'Arial',sans-serif; color: black;\">\u00a0<\/span><\/strong><\/p>\n<p><strong><span style=\"font-family: 'Arial',sans-serif; color: black;\">Il Responsabile dell\u2019Ufficio Comunicazione Istituzionale<br \/>\nDott. Giuseppe Span\u00f2<\/span><\/strong><\/p>\n<p><strong><span style=\"font-family: 'Arial',sans-serif; color: black;\">\u00a0<\/span><\/strong><\/p>\n<p><strong><span style=\"font-family: 'Arial',sans-serif; color: black;\">Il Responsabile del Servizio Gabinetto Istituzionale<br \/>\nIng. G. Maggioloti<\/span><\/strong><\/p>\n","protected":false},"excerpt":{"rendered":"<p>I quattordici consiglieri metropolitani hanno giurato alla presenza del sindaco metropolitano Federico Basile \u00a0Si \u00e8 svolta la prima riunione del Consiglio Metropolitano di Messina, un momento di grande rilevanza che<\/p>\n<div><a class=\"permalink\" href=\"https:\/\/www.radioempire.it\/index.php\/2025\/05\/08\/palazzo-dei-leoni-si-e-insediato-il-consiglio-metropolitano-di-messina\/\">Read More&#8230;<\/a><\/div>\n","protected":false},"author":2,"featured_media":54546,"comment_status":"closed","ping_status":"closed","sticky":false,"template":"","format":"standard","meta":[],"categories":[3,36],"tags":[],"_links":{"self":[{"href":"https:\/\/www.radioempire.it\/index.php\/wp-json\/wp\/v2\/posts\/54545"}],"collection":[{"href":"https:\/\/www.radioempire.it\/index.php\/wp-json\/wp\/v2\/posts"}],"about":[{"href":"https:\/\/www.radioempire.it\/index.php\/wp-json\/wp\/v2\/types\/post"}],"author":[{"embeddable":true,"href":"https:\/\/www.radioempire.it\/index.php\/wp-json\/wp\/v2\/users\/2"}],"replies":[{"embeddable":true,"href":"https:\/\/www.radioempire.it\/index.php\/wp-json\/wp\/v2\/comments?post=54545"}],"version-history":[{"count":2,"href":"https:\/\/www.radioempire.it\/index.php\/wp-json\/wp\/v2\/posts\/54545\/revisions"}],"predecessor-version":[{"id":54549,"href":"https:\/\/www.radioempire.it\/index.php\/wp-json\/wp\/v2\/posts\/54545\/revisions\/54549"}],"wp:featuredmedia":[{"embeddable":true,"href":"https:\/\/www.radioempire.it\/index.php\/wp-json\/wp\/v2\/media\/54546"}],"wp:attachment":[{"href":"https:\/\/www.radioempire.it\/index.php\/wp-json\/wp\/v2\/media?parent=54545"}],"wp:term":[{"taxonomy":"category","embeddable":true,"href":"https:\/\/www.radioempire.it\/index.php\/wp-json\/wp\/v2\/categories?post=54545"},{"taxonomy":"post_tag","embeddable":true,"href":"https:\/\/www.radioempire.it\/index.php\/wp-json\/wp\/v2\/tags?post=54545"}],"curies":[{"name":"wp","href":"https:\/\/api.w.org\/{rel}","templated":true}]}}