{"id":54671,"date":"2025-05-16T16:20:20","date_gmt":"2025-05-16T16:20:20","guid":{"rendered":"https:\/\/www.radioempire.it\/?p=54671"},"modified":"2025-05-16T16:25:17","modified_gmt":"2025-05-16T16:25:17","slug":"milo-ct-al-via-il-festival-dedicato-allarte-e-alla-spiritualita-di-franco-battiato-domani-parte-etna-arts-fest","status":"publish","type":"post","link":"https:\/\/www.radioempire.it\/index.php\/2025\/05\/16\/milo-ct-al-via-il-festival-dedicato-allarte-e-alla-spiritualita-di-franco-battiato-domani-parte-etna-arts-fest\/","title":{"rendered":"Milo (CT), al via il Festival dedicato all\u2019arte e alla spiritualit\u00e0 di Franco Battiato. Domani parte Etna Arts Fest."},"content":{"rendered":"<p>Avr\u00e0 inizio domani, <strong>venerd\u00ec 16 maggio<\/strong>, il Festival \u2018<strong>Etna Arts Fest \u2013 No Time No Space. La via di Franco Battiato come ponte tra terra e cielo\u2019<\/strong>, promosso dal <strong>Centro Studi Gravit\u00e0 Permanente,<\/strong>\u00a0riconosciuto come <strong>Progetto Speciale 2025<\/strong>\u00a0dal <strong>Ministero della Cultura<\/strong>\u00a0e sostenuto dalla <strong>Regione Siciliana<\/strong>\u00a0e dai Comuni di <strong>Milo <\/strong>e <strong>Riposto<\/strong>. Tre giorni di eventi tra arte, musica, teatro e spiritualit\u00e0 per rendere omaggio a uno dei pi\u00f9 grandi artisti del nostro tempo. L\u2019evento di apertura a Riposto, la cerimonia di intitolazione della piazza del quartiere \u201cScariceddu\u201d a Franco Battiato, luogo dove l\u2019artista nacque il 23 marzo 1945, \u00e8 stato rinviato a data da destinarsi a causa delle previste condizioni meteo avverse.<\/p>\n<p><img loading=\"lazy\" class=\"size-medium wp-image-54673 alignleft\" src=\"https:\/\/www.radioempire.it\/wp-content\/uploads\/2025\/05\/Sandro-Vergato-1-300x200.jpg\" alt=\"\" width=\"300\" height=\"200\" srcset=\"https:\/\/www.radioempire.it\/wp-content\/uploads\/2025\/05\/Sandro-Vergato-1-300x200.jpg 300w, https:\/\/www.radioempire.it\/wp-content\/uploads\/2025\/05\/Sandro-Vergato-1-1024x682.jpg 1024w, https:\/\/www.radioempire.it\/wp-content\/uploads\/2025\/05\/Sandro-Vergato-1-768x512.jpg 768w, https:\/\/www.radioempire.it\/wp-content\/uploads\/2025\/05\/Sandro-Vergato-1-1536x1023.jpg 1536w, https:\/\/www.radioempire.it\/wp-content\/uploads\/2025\/05\/Sandro-Vergato-1.jpg 1600w\" sizes=\"(max-width: 300px) 100vw, 300px\" \/>Il programma proseguir\u00e0 regolarmente a <strong>Milo<\/strong>, a partire dalle ore 14.00, con la prima giornata del seminario sufi esperienziale<strong>\u00a0\u201cLa via dell\u2019amore\u201d<\/strong>, guidato dal maestro <strong>Sheykh Hassan Dyck<\/strong>, rappresentante europeo della Confraternita Naqshbandia Haqqania, e ospitato negli spazi del Centro Servizi \u201cCav. Salvatore Arcidiacono\u201d. A seguire, alle ore 17.00, <strong>in Piazza Belvedere Giovanni d\u2019Aragona<\/strong>, andr\u00e0 in scena <strong>\u201cAnima la vita per dare vita all\u2019anima\u201d<\/strong>, un originale spettacolo teatrale dal tono filosofico e comico, scritto e interpretato da <strong>Sandro Vergato<\/strong>.<\/p>\n<p>In serata, alle ore 21.00, la piazza accoglier\u00e0 uno dei momenti pi\u00f9 intensi della giornata: la performance \u201cCome verdi fili d\u2019erba\u201d, ideata da <strong>Stefano Pio<\/strong>, figlio del grande musicista <strong>Giusto Pio<\/strong>, che con <strong>Franco Battiato<\/strong>\u00a0condivise un legame artistico straordinario. Un omaggio in musica, parole e immagini al loro sodalizio, che vedr\u00e0 sul palco Filippo Destrieri, alle tastiere, Alberto Grossi, al pianoforte, Mauro Roveri, al violoncello, Maddalena Main, al violoncello, con il Quintetto d\u2019archi \u2018Sulle Corde di Aries, e le attrici Lucia Sardo e Ketty Governali. Musiche di Franco Battiato e Giusto Pio negli arrangiamenti originali. Lo spettacolo sar\u00e0 impreziosito dalla performance estemporanea del calligrafo sensitivo Norbu <img loading=\"lazy\" class=\"size-medium wp-image-54675 alignleft\" src=\"https:\/\/www.radioempire.it\/wp-content\/uploads\/2025\/05\/Stefano-Pio-2-300x244.jpg\" alt=\"\" width=\"300\" height=\"244\" srcset=\"https:\/\/www.radioempire.it\/wp-content\/uploads\/2025\/05\/Stefano-Pio-2-300x244.jpg 300w, https:\/\/www.radioempire.it\/wp-content\/uploads\/2025\/05\/Stefano-Pio-2-1024x834.jpg 1024w, https:\/\/www.radioempire.it\/wp-content\/uploads\/2025\/05\/Stefano-Pio-2-768x625.jpg 768w, https:\/\/www.radioempire.it\/wp-content\/uploads\/2025\/05\/Stefano-Pio-2.jpg 1474w\" sizes=\"(max-width: 300px) 100vw, 300px\" \/>Grinparich, che dar\u00e0 vita a un&#8217;opera ispirata all\u2019energia dell\u2019evento. Tutti gli eventi <strong>previsti all\u2019aperto si svolgeranno regolarmente anche in caso di pioggia<\/strong>, grazie a una <strong>copertura predisposta per garantire la piena fruizione del programma<\/strong>\u00a0e la sicurezza del pubblico e degli artisti.<\/p>\n<p>\u201cQuesta rassegna nasce da un sentimento autentico e profondo \u2013 dichiara <strong>Fiorella Nozzetti<\/strong>, direttore artistico e presidente del Centro Studi Gravit\u00e0 Permanente \u2013 e vuole essere un<\/p>\n<p>tributo sincero a ci\u00f2 che Franco Battiato ha rappresentato per la cultura e per l\u2019anima di questa terra. Daremo voce e forma a quel suo mondo interiore fatto di musica, ricerca, poesia e spiritualit\u00e0, coinvolgendo il pubblico in un\u2019esperienza viva e condivisa\u201d.<\/p>\n<p>&nbsp;<\/p>\n<p>&nbsp;<\/p>\n<p><strong>U.S. Maria Bella<\/strong><\/p>\n<p><strong>3284176181<\/strong><\/p>\n<p><strong>Tessera Odg N\u00b0 073783<\/strong><\/p>\n","protected":false},"excerpt":{"rendered":"<p>Avr\u00e0 inizio domani, venerd\u00ec 16 maggio, il Festival \u2018Etna Arts Fest \u2013 No Time No Space. La via di Franco Battiato come ponte tra terra e cielo\u2019, promosso dal Centro<\/p>\n<div><a class=\"permalink\" href=\"https:\/\/www.radioempire.it\/index.php\/2025\/05\/16\/milo-ct-al-via-il-festival-dedicato-allarte-e-alla-spiritualita-di-franco-battiato-domani-parte-etna-arts-fest\/\">Read More&#8230;<\/a><\/div>\n","protected":false},"author":2,"featured_media":54672,"comment_status":"closed","ping_status":"closed","sticky":false,"template":"","format":"standard","meta":[],"categories":[36,78],"tags":[],"_links":{"self":[{"href":"https:\/\/www.radioempire.it\/index.php\/wp-json\/wp\/v2\/posts\/54671"}],"collection":[{"href":"https:\/\/www.radioempire.it\/index.php\/wp-json\/wp\/v2\/posts"}],"about":[{"href":"https:\/\/www.radioempire.it\/index.php\/wp-json\/wp\/v2\/types\/post"}],"author":[{"embeddable":true,"href":"https:\/\/www.radioempire.it\/index.php\/wp-json\/wp\/v2\/users\/2"}],"replies":[{"embeddable":true,"href":"https:\/\/www.radioempire.it\/index.php\/wp-json\/wp\/v2\/comments?post=54671"}],"version-history":[{"count":4,"href":"https:\/\/www.radioempire.it\/index.php\/wp-json\/wp\/v2\/posts\/54671\/revisions"}],"predecessor-version":[{"id":54678,"href":"https:\/\/www.radioempire.it\/index.php\/wp-json\/wp\/v2\/posts\/54671\/revisions\/54678"}],"wp:featuredmedia":[{"embeddable":true,"href":"https:\/\/www.radioempire.it\/index.php\/wp-json\/wp\/v2\/media\/54672"}],"wp:attachment":[{"href":"https:\/\/www.radioempire.it\/index.php\/wp-json\/wp\/v2\/media?parent=54671"}],"wp:term":[{"taxonomy":"category","embeddable":true,"href":"https:\/\/www.radioempire.it\/index.php\/wp-json\/wp\/v2\/categories?post=54671"},{"taxonomy":"post_tag","embeddable":true,"href":"https:\/\/www.radioempire.it\/index.php\/wp-json\/wp\/v2\/tags?post=54671"}],"curies":[{"name":"wp","href":"https:\/\/api.w.org\/{rel}","templated":true}]}}