{"id":54720,"date":"2025-05-20T20:53:57","date_gmt":"2025-05-20T20:53:57","guid":{"rendered":"https:\/\/www.radioempire.it\/?p=54720"},"modified":"2025-05-20T20:53:57","modified_gmt":"2025-05-20T20:53:57","slug":"maggio-dei-libri-sbarca-in-sicilia-il-fornaio-libanese-presentazioni-a-palermo-catania-e-siracusa","status":"publish","type":"post","link":"https:\/\/www.radioempire.it\/index.php\/2025\/05\/20\/maggio-dei-libri-sbarca-in-sicilia-il-fornaio-libanese-presentazioni-a-palermo-catania-e-siracusa\/","title":{"rendered":"Maggio dei Libri, sbarca in Sicilia &#8220;Il fornaio libanese&#8221;: presentazioni a Palermo, Catania e Siracusa."},"content":{"rendered":"<p>&#8220;Il fornaio libanese&#8221;, 12\u00b0 romanzo dello scrittore Eugenio Cardi, residente a Roma, \u00e8 un romanzo di Resistenza, femminista e antifascista.<\/p>\n<p>In libreria dal 7 maggio 2025 per Santelli Editore (distribuito da Messaggerie Libri), nell&#8217;ambito della campagna nazionale di promozione della lettura denominata &#8220;Il Maggio dei Libri&#8221;, edizione 2025, il romanzo di Cardi verr\u00e0 presentato:<\/p>\n<p>a Palermo, nella splendida cornice di Villa Trabia, il prossimo 22 maggio (ore 17), relatori: Prof. Charlie Barnao (Universit\u00e0 degli Studi di Palermo), dott. Antonio Ferrante (Presidente Ass.ne &#8220;Sposta la linea&#8221;) e a Catania nello storico Palazzo della Cultura il 23 maggio (Sala S. Agata, ore 18), relatori: Antonio Ferrante, Farid Adly (Direttore Editoriale Anbamed), moderano i giornalisti Lidia Ginestra Giuffrida e Giovanni Iozzia.<\/p>\n<p>A seguire, il 24 maggio (ore 17,30), l&#8217;autore del romanzo sar\u00e0 ospite \u2013 unitamente alla giornalista siracusana Lidia Ginestra Giuffrida &#8211; del Comune di Siracusa nella favolosa location di Spazio 900, ex convento del ritiro, via Mirabella 31, con il Patrocinio dell&#8217;Assessorato alla Cultura.<\/p>\n<p>Ambientato a Beirut durante l\u2019invasione israeliana del Libano nel 1982, il libro intreccia la vita di personaggi indimenticabili \u2013 civili, combattenti, intellettuali, bambini \u2013 che lottano quotidianamente per la sopravvivenza, la dignit\u00e0 e la verit\u00e0.<\/p>\n<p>Protagonista del nuovo romanzo del dottor Cardi \u00e8 Ibrahim, ex professore di letteratura divenuto panettiere dopo la morte del padre, proprio nei giorni dell\u2019invasione. Il suo forno diventa un luogo simbolico: rifugio per la resistenza, scuola per i pi\u00f9 giovani, spazio di memoria e speranza. Accanto a lui si muovono figure intense e complesse che incarnano la resilienza femminile e la partecipazione attiva alla lotta contro l\u2019oppressione: Najma e Zaynab, sorelle palestinesi di 20 e 10 anni, vissute da sempre in campi profughi, decidono spontaneamente di resistere e di sopravvivere all&#8217;invasione dello Stato di Israele entrando a far parte della resistenza armata. Lo faranno &#8211; unite e coese tra loro &#8211; da due posizioni diverse e lontane: Zaynab da Beirut, restando nella capitale libanese con la madre Layla e Najma da Jenin, campo profughi palestinese della Cisgiordania dove Tariq, padre delle ragazze, cerca di assistere le persone l\u00ec rifugiatesi. Sullo sfondo la verit\u00e0 storica dello strazio di milioni di persone maltrattate, incarcerate, ammazzate. &#8220;Il fornaio libanese&#8221; \u00e8 un romanzo che narra la dura storia vera di un popolo che dal 1948 non ha ancora ricevuto riscontro del proprio &#8220;diritto al ritorno&#8221;.<\/p>\n<p>&#8220;Sai habibti cosa succede quando si brucia un libro? Le parole restano nella memoria di chi le ha lette. \u00c8 per questo che continuiamo a fare il pane, a raccontare storie, a vivere. Perch\u00e9 la memoria \u00e8 pi\u00f9 forte delle bombe&#8230;&#8221;.<\/p>\n","protected":false},"excerpt":{"rendered":"<p>&#8220;Il fornaio libanese&#8221;, 12\u00b0 romanzo dello scrittore Eugenio Cardi, residente a Roma, \u00e8 un romanzo di Resistenza, femminista e antifascista. In libreria dal 7 maggio 2025 per Santelli Editore (distribuito<\/p>\n<div><a class=\"permalink\" href=\"https:\/\/www.radioempire.it\/index.php\/2025\/05\/20\/maggio-dei-libri-sbarca-in-sicilia-il-fornaio-libanese-presentazioni-a-palermo-catania-e-siracusa\/\">Read More&#8230;<\/a><\/div>\n","protected":false},"author":2,"featured_media":54721,"comment_status":"closed","ping_status":"closed","sticky":false,"template":"","format":"standard","meta":[],"categories":[36,78],"tags":[],"_links":{"self":[{"href":"https:\/\/www.radioempire.it\/index.php\/wp-json\/wp\/v2\/posts\/54720"}],"collection":[{"href":"https:\/\/www.radioempire.it\/index.php\/wp-json\/wp\/v2\/posts"}],"about":[{"href":"https:\/\/www.radioempire.it\/index.php\/wp-json\/wp\/v2\/types\/post"}],"author":[{"embeddable":true,"href":"https:\/\/www.radioempire.it\/index.php\/wp-json\/wp\/v2\/users\/2"}],"replies":[{"embeddable":true,"href":"https:\/\/www.radioempire.it\/index.php\/wp-json\/wp\/v2\/comments?post=54720"}],"version-history":[{"count":1,"href":"https:\/\/www.radioempire.it\/index.php\/wp-json\/wp\/v2\/posts\/54720\/revisions"}],"predecessor-version":[{"id":54722,"href":"https:\/\/www.radioempire.it\/index.php\/wp-json\/wp\/v2\/posts\/54720\/revisions\/54722"}],"wp:featuredmedia":[{"embeddable":true,"href":"https:\/\/www.radioempire.it\/index.php\/wp-json\/wp\/v2\/media\/54721"}],"wp:attachment":[{"href":"https:\/\/www.radioempire.it\/index.php\/wp-json\/wp\/v2\/media?parent=54720"}],"wp:term":[{"taxonomy":"category","embeddable":true,"href":"https:\/\/www.radioempire.it\/index.php\/wp-json\/wp\/v2\/categories?post=54720"},{"taxonomy":"post_tag","embeddable":true,"href":"https:\/\/www.radioempire.it\/index.php\/wp-json\/wp\/v2\/tags?post=54720"}],"curies":[{"name":"wp","href":"https:\/\/api.w.org\/{rel}","templated":true}]}}