{"id":54760,"date":"2025-05-24T14:51:55","date_gmt":"2025-05-24T14:51:55","guid":{"rendered":"https:\/\/www.radioempire.it\/?p=54760"},"modified":"2025-05-24T14:51:55","modified_gmt":"2025-05-24T14:51:55","slug":"ais-sicilia-loro-verde-di-messina-ll-primo-appuntamento-del-progetto-di-ais-dedicato-alla-conoscenza-e-valorizzazione-degli-olii-extraverine-di-oliva","status":"publish","type":"post","link":"https:\/\/www.radioempire.it\/index.php\/2025\/05\/24\/ais-sicilia-loro-verde-di-messina-ll-primo-appuntamento-del-progetto-di-ais-dedicato-alla-conoscenza-e-valorizzazione-degli-olii-extraverine-di-oliva\/","title":{"rendered":"AIS Sicilia. \u201cL\u2019ORO VERDE DI MESSINA\u201d.  ll primo appuntamento del progetto di AIS dedicato alla conoscenza e valorizzazione degli olii extraverine di oliva."},"content":{"rendered":"<p align=\"JUSTIFY\"><span style=\"font-family: Arial, serif;\">Sar\u00e0 la citt\u00e0 di Messina ad ospitare il primo degli appuntamenti di AIS Sicilia dedicati all\u2019Olio extravergine di oliva con il convegno \u201cL\u2019ORO VERDE DI MESSINA. Tradizione, sostenibilit\u00e0 e futuro dell\u2019olio extravergine messinese\u201d, patrocinato <\/span><span style=\"color: #222222;\"><span style=\"font-family: Arial, serif;\">dalla Citt\u00e0 e dalla Provincia di Messina, avr\u00e0 luogo il 26 maggio dalle ore 19.00 e si svolger\u00e0 tra le antiche mura di Santa Maria Alemanna.<\/span><\/span><\/p>\n<p align=\"JUSTIFY\"><span style=\"font-family: Arial, serif;\">L\u2019evento si innesta nel pi\u00f9 ampio progetto di AIS \u201cOlio \u00e8 tempo di conoscerlo\u201d, che prevede, oltre ad attivit\u00e0 di promozione, un ben definito programma didattico e formativo che verr\u00e0 sviluppato, gi\u00e0 a partire da ottobre, con la realizzazione dei corsi monotematici sull\u2019olio nelle varie delegazioni di AIS Sicilia. L\u2019obiettivo \u00e8 quello di promuovere la conoscenza e la cultura dell\u2019Olio EVO. <\/span><\/p>\n<p align=\"JUSTIFY\"><span style=\"color: #222222;\"><span style=\"font-family: Arial, serif;\">Questo primo convegno tematico sull\u2019olio extravergine d\u2019oliva, vuole essere un viaggio tra storia, cultura, origini, evoluzione e prospettive dell\u2019oro verde di Messina, che vedr\u00e0 p<\/span><\/span><span style=\"font-family: Arial, serif;\">rotagonisti gli olii della provincia di Messina dai Nebrodi all\u2019Alcantara.<\/span><\/p>\n<p align=\"JUSTIFY\"><a name=\"Bookmark\"><\/a><span style=\"color: #222222;\"><span style=\"font-family: Arial, serif;\">Accompagnati dagli esperti ed attraverso il racconto dei produttori sar\u00e0 possibile conoscere ed apprezzare le realt\u00e0 olearie del territorio e di degustarne gli olii, in un percorso esperienziale unico.<\/span><\/span><\/p>\n<p align=\"JUSTIFY\"><span style=\"color: #222222;\"><span style=\"font-family: Arial, serif;\">L\u2019evento \u00e8 aperto al pubblico ed \u00e8 rivolto, non solo agli operatori del settore, della ristorazione e dell\u2019hotellerie, agli enotecari, ai \u201cwine and oil lovers\u201d, ad assaggiatori e degustatori, ma anche a tutti coloro che desiderano sapere qualcosa di pi\u00f9 di questo prezioso alimento. Un occasione imperdibile p<\/span><\/span><span style=\"font-family: Arial, serif;\">er conoscere l\u2019universo dell\u2019extravergine di oliva, eccellenza ed espressione ancestrale del territorio messinese.<\/span><\/p>\n<p align=\"JUSTIFY\"><span style=\"color: #222222;\"><span style=\"font-family: Arial, serif;\">Si ringraziano le<\/span><\/span><span style=\"font-family: Arial, serif;\"> istituzioni pubbliche Comune e Provincia di Messina e le associazioni di categoria, da sempre a fianco e a sostegno dei produttori locali e di AIS e gli organi di stampa per la collaborazione. <\/span><\/p>\n","protected":false},"excerpt":{"rendered":"<p>Sar\u00e0 la citt\u00e0 di Messina ad ospitare il primo degli appuntamenti di AIS Sicilia dedicati all\u2019Olio extravergine di oliva con il convegno \u201cL\u2019ORO VERDE DI MESSINA. Tradizione, sostenibilit\u00e0 e futuro<\/p>\n<div><a class=\"permalink\" href=\"https:\/\/www.radioempire.it\/index.php\/2025\/05\/24\/ais-sicilia-loro-verde-di-messina-ll-primo-appuntamento-del-progetto-di-ais-dedicato-alla-conoscenza-e-valorizzazione-degli-olii-extraverine-di-oliva\/\">Read More&#8230;<\/a><\/div>\n","protected":false},"author":2,"featured_media":54761,"comment_status":"closed","ping_status":"closed","sticky":false,"template":"","format":"standard","meta":[],"categories":[3,36],"tags":[],"_links":{"self":[{"href":"https:\/\/www.radioempire.it\/index.php\/wp-json\/wp\/v2\/posts\/54760"}],"collection":[{"href":"https:\/\/www.radioempire.it\/index.php\/wp-json\/wp\/v2\/posts"}],"about":[{"href":"https:\/\/www.radioempire.it\/index.php\/wp-json\/wp\/v2\/types\/post"}],"author":[{"embeddable":true,"href":"https:\/\/www.radioempire.it\/index.php\/wp-json\/wp\/v2\/users\/2"}],"replies":[{"embeddable":true,"href":"https:\/\/www.radioempire.it\/index.php\/wp-json\/wp\/v2\/comments?post=54760"}],"version-history":[{"count":1,"href":"https:\/\/www.radioempire.it\/index.php\/wp-json\/wp\/v2\/posts\/54760\/revisions"}],"predecessor-version":[{"id":54762,"href":"https:\/\/www.radioempire.it\/index.php\/wp-json\/wp\/v2\/posts\/54760\/revisions\/54762"}],"wp:featuredmedia":[{"embeddable":true,"href":"https:\/\/www.radioempire.it\/index.php\/wp-json\/wp\/v2\/media\/54761"}],"wp:attachment":[{"href":"https:\/\/www.radioempire.it\/index.php\/wp-json\/wp\/v2\/media?parent=54760"}],"wp:term":[{"taxonomy":"category","embeddable":true,"href":"https:\/\/www.radioempire.it\/index.php\/wp-json\/wp\/v2\/categories?post=54760"},{"taxonomy":"post_tag","embeddable":true,"href":"https:\/\/www.radioempire.it\/index.php\/wp-json\/wp\/v2\/tags?post=54760"}],"curies":[{"name":"wp","href":"https:\/\/api.w.org\/{rel}","templated":true}]}}