{"id":54950,"date":"2025-06-10T16:13:19","date_gmt":"2025-06-10T16:13:19","guid":{"rendered":"https:\/\/www.radioempire.it\/?p=54950"},"modified":"2025-06-10T16:13:19","modified_gmt":"2025-06-10T16:13:19","slug":"insediato-il-nuovo-consiglio-dellordine-degli-architetti-di-messina","status":"publish","type":"post","link":"https:\/\/www.radioempire.it\/index.php\/2025\/06\/10\/insediato-il-nuovo-consiglio-dellordine-degli-architetti-di-messina\/","title":{"rendered":"Insediato il nuovo Consiglio dell&#8217;Ordine degli Architetti di Messina"},"content":{"rendered":"<p>Si \u00e8 insediato ieri pomeriggio il nuovo Consiglio dell\u2019Ordine degli Architetti Pianificatori Paesaggisti e Conservatori della Provincia di Messina, che rimarr\u00e0 in carica fino al 2029.<\/p>\n<p>Alla guida del Consiglio \u00e8 stato eletto all\u2019unanimit\u00e0 Giovanni Lazzari, gi\u00e0 designato come candidato dal gruppo vincente \u201cProgetto Insieme \u2013 L\u2019Ordine sei tu\u201d in occasione delle elezioni dello scorso maggio. Al suo fianco, Michele Palamara ricopre la carica di Vicepresidente Vicario, Bruno Barlassina \u00e8 il nuovo Segretario, mentre Fabrizio Ciappina assume il ruolo di Tesoriere.<\/p>\n<p>Il nuovo Consiglio si articola anche su base territoriale, con la nomina di quattro Vicepresidenti con deleghe distrettuali: Nuccia Calanni Macchio per il distretto Nebrodi, Nino Milone per il distretto Tirreno, Angela Muscolino per il distretto Ionio e Giusy Vinci per il distretto delle Isole Eolie.<\/p>\n<p>A completare il quadro dei consiglieri: Anna Carulli, attuale presidente della Fondazione Architetti nel Mediterraneo; Graziella Arena, delegata ai rapporti con professionisti ed uffici, unitamente a\u00a0 Walter Pidal\u00e0, delegato anche ai rapporti con il Tribunale e alle politiche previdenziali; Floriana Buzzanca, delegata alle politiche per i giovani professionisti; Massimo De Francesco, delegato ai rapporti con il Consiglio uscente; Maria Teresa Giorgio, delegata ai rapporti con l\u2019Universit\u00e0; Federica Mosca, anch\u2019essa impegnata nelle politiche per i giovani professionisti; Renato Romeo, primo dei non eletti, collaborer\u00e0 anch\u2019egli alle attivit\u00e0 legate alle politiche per i giovani professionisti. La comunicazione dell\u2019Ordine continuer\u00e0 a essere affidata a Michele Palamara.<\/p>\n<p>\u201cLavoreremo per rendere l&#8217;Ordine degli Architetti PPC un luogo sempre pi\u00f9 aperto, vivo e dinamico\u201d \u2013 dichiara il presidente Giovanni Lazzari \u2013 \u201cLa credibilit\u00e0 e la riconoscibilit\u00e0 del ruolo dell&#8217;Architetto verso l&#8217;esterno si dovr\u00e0 riconquistare attraverso azioni e strategie finalizzate ad una Rigenerazione del territorio della Citt\u00e0 Metropolitana di Messina, l\u00ec dove gli Architetti hanno la competenza per incidere sui necessari processi di trasformazione ed infrastrutturazione territoriale, il tutto nel segno della valorizzazione dell&#8217;Architettura e con il favorire, e quindi rilanciare, iniziative pubbliche e private che coinvolgano anche i giovani professionisti e la cittadinanza.\u201d<\/p>\n<p>\u201cAvvieremo percorsi virtuosi di promozione del dialogo con enti ed istituzioni \u2013 conclude Lazzari \u2013 per rendere il nostro ordine sempre pi\u00f9 presente e propositivo rispetto alle strategie di governo del territorio, puntando alla sostenibilit\u00e0, alla bellezza e alla qualit\u00e0 dello stesso. \u201d<\/p>\n","protected":false},"excerpt":{"rendered":"<p>Si \u00e8 insediato ieri pomeriggio il nuovo Consiglio dell\u2019Ordine degli Architetti Pianificatori Paesaggisti e Conservatori della Provincia di Messina, che rimarr\u00e0 in carica fino al 2029. Alla guida del Consiglio<\/p>\n<div><a class=\"permalink\" href=\"https:\/\/www.radioempire.it\/index.php\/2025\/06\/10\/insediato-il-nuovo-consiglio-dellordine-degli-architetti-di-messina\/\">Read More&#8230;<\/a><\/div>\n","protected":false},"author":2,"featured_media":54951,"comment_status":"closed","ping_status":"closed","sticky":false,"template":"","format":"standard","meta":[],"categories":[3,36],"tags":[],"_links":{"self":[{"href":"https:\/\/www.radioempire.it\/index.php\/wp-json\/wp\/v2\/posts\/54950"}],"collection":[{"href":"https:\/\/www.radioempire.it\/index.php\/wp-json\/wp\/v2\/posts"}],"about":[{"href":"https:\/\/www.radioempire.it\/index.php\/wp-json\/wp\/v2\/types\/post"}],"author":[{"embeddable":true,"href":"https:\/\/www.radioempire.it\/index.php\/wp-json\/wp\/v2\/users\/2"}],"replies":[{"embeddable":true,"href":"https:\/\/www.radioempire.it\/index.php\/wp-json\/wp\/v2\/comments?post=54950"}],"version-history":[{"count":1,"href":"https:\/\/www.radioempire.it\/index.php\/wp-json\/wp\/v2\/posts\/54950\/revisions"}],"predecessor-version":[{"id":54952,"href":"https:\/\/www.radioempire.it\/index.php\/wp-json\/wp\/v2\/posts\/54950\/revisions\/54952"}],"wp:featuredmedia":[{"embeddable":true,"href":"https:\/\/www.radioempire.it\/index.php\/wp-json\/wp\/v2\/media\/54951"}],"wp:attachment":[{"href":"https:\/\/www.radioempire.it\/index.php\/wp-json\/wp\/v2\/media?parent=54950"}],"wp:term":[{"taxonomy":"category","embeddable":true,"href":"https:\/\/www.radioempire.it\/index.php\/wp-json\/wp\/v2\/categories?post=54950"},{"taxonomy":"post_tag","embeddable":true,"href":"https:\/\/www.radioempire.it\/index.php\/wp-json\/wp\/v2\/tags?post=54950"}],"curies":[{"name":"wp","href":"https:\/\/api.w.org\/{rel}","templated":true}]}}