{"id":55058,"date":"2025-06-25T09:58:22","date_gmt":"2025-06-25T09:58:22","guid":{"rendered":"https:\/\/www.radioempire.it\/?p=55058"},"modified":"2025-06-25T10:19:33","modified_gmt":"2025-06-25T10:19:33","slug":"a-villa-litta-a-lainate-provincia-di-milano-la-prima-edizione-del-festival-notes-around-smg-diretto-dal-pianista-antonio-farao","status":"publish","type":"post","link":"https:\/\/www.radioempire.it\/index.php\/2025\/06\/25\/a-villa-litta-a-lainate-provincia-di-milano-la-prima-edizione-del-festival-notes-around-smg-diretto-dal-pianista-antonio-farao\/","title":{"rendered":"A Villa Litta, a Lainate (provincia di Milano), la prima edizione del festival \u201cNotes  Around SMG\u201d diretto dal pianista Antonio Fara\u00f2"},"content":{"rendered":"<p style=\"text-align: center;\"><strong>Dal 25 al 28 giugno concerti jazz con Swing Faces Marching Band, Yves-Yann Lavaly Quintet, Fabio<\/strong><br \/>\n<strong>Concato, il tributo ai jazz club \u201cIl Capolinea\u201d e \u201cLe Scimmie\u201d e Antonio Fara\u00f2 Quartet Special Guest MarioBiondi<\/strong><\/p>\n<p>Dopo il successo delle prime aperture stagionali, <strong>Villa Visconti Borromeo Litta<\/strong> torna ad animarsi con il festival <strong>Notes Around SMG<\/strong>, un\u2019iniziativa culturale che celebra il jazz con concerti esclusivi e performance diffuse: quattro serate, da <strong>mercoled\u00ec 25 giugno<\/strong> a <strong>sabato 28 giugno<\/strong>, realizzate con il contributo del <strong>Comune di Lainate<\/strong>, di <strong>SMG Gas e Luce<\/strong>, <strong>Notes Around<\/strong> e <strong>Radio Cecchetto<\/strong> come radio partner.<\/p>\n<p>Con la direzione artistica del pianista jazz e compositore <strong>Antonio Fara\u00f2<\/strong>, la rassegna \u201cNotes Around SMG\u201d porta a <strong>Lainate<\/strong> (provincia di <strong>Milano<\/strong>) artisti di rilievo nazionale e internazionale, oltre a giovani talenti, con l\u2019obiettivo di valorizzare il patrimonio architettonico e culturale della citt\u00e0 attraverso la musica. Il <strong>Teatro Naturale<\/strong> di <strong>Villa Litta<\/strong>, immerso nel verde del parco storico, sar\u00e0 il cuore degli eventi serali e il palco principale dei concerti (che in caso di maltempo si terranno presso l\u2019<strong>Ariston Urban Center<\/strong>).<\/p>\n<p><strong>Paola Ferrario<\/strong>, Assessora allo Sviluppo Culturale, Valorizzazione e Comunicazione di Villa Litta, del Comune di Lainate, commenta cos\u00ec: \u00abEsprimo grande soddisfazione per il ritorno dei protagonisti della scena musicale nazionale e internazionale presso la prestigiosa Villa Litta. Grazie ad Antonio Fara\u00f2, lainatese riconosciuto fra i pi\u00f9 importanti jazzisti, che ha presentato all\u2019Amministrazione questo bellissimo progetto che si svolger\u00e0 nella magica cornice del Teatro Naturale\u00bb.<\/p>\n<p><strong>Mercoled\u00ec 25 giugno<\/strong>, l\u2019anteprima del festival prevede un doppio appuntamento: dalle <strong>20:30<\/strong> alle <strong>22:00<\/strong>, la <strong>Swing Faces Marching Band<\/strong> animer\u00e0 le strade di Lainate e coinvolger\u00e0 il pubblico con il sound tipico delle marching band di New Orleans. <strong>Stefano Barbaglia<\/strong> (clarinetto), <strong>Giancarlo Mariani<\/strong> (tromba), <strong>Fabio Prina<\/strong> (basso tuba) e <strong>Alessandro Clerici<\/strong> (banjo) proporranno il repertorio tipico delle parate della Louisiana.<\/p>\n<p>Poi, alle <strong>22:00<\/strong>, gli ospiti potranno assistere al concerto di <strong>Yves-Yann Lavaly Quintet<\/strong> al locale <strong>Locanda al 5<\/strong>, formazione diretta da un giovane e brillante pianista jazz e compositore originario della Martinica e completata da quattro talenti: <strong>Matteo Vertua<\/strong> (tromba), <strong>Raffaele Fiengo<\/strong> (sax alto), <strong>Daniele Tortora<\/strong> (contrabbasso) e <strong>Dominique Fara\u00f2<\/strong> (batteria). Il repertorio sar\u00e0 incentrato su composizioni originali del leader e standard jazz.<\/p>\n<p><strong>Gioved\u00ec 26<\/strong>, alle <strong>21:30<\/strong>, nel Teatro Naturale di Villa Litta, salir\u00e0 sul palco <strong>Fabio Concato<\/strong>, uno fra i cantautori italiani pi\u00f9 raffinati degli ultimi cinquant\u2019anni. Il musicista milanese presenter\u00e0 il suo nuovo progetto <strong>Altro di Me<\/strong>, accompagnato dai suoi storici partner di note: <strong>Ornella D\u2019Urbano<\/strong> (pianoforte e tastiere), <strong>Larry Tomassini<\/strong> (chitarra), <strong>Stefano Casali<\/strong> (basso) e <strong>Gabriele Palazzi Rossi<\/strong> (batteria). Un live improntato sulla rilettura dell\u2019ampio repertorio dell\u2019artista lombardo, volto a riportare alla luce canzoni meno note e raramente eseguite dal vivo, a fianco ai grandi successi che hanno segnato la sua storia.<\/p>\n<p><strong>Venerd\u00ec 27<\/strong>, alle <strong>21:00<\/strong>, sar\u00e0 il momento di <strong>Ricordando Il Capolinea e Le Scimmie<\/strong>, un omaggio a due storici jazz club di Milano. Locali, questi, che negli anni hanno ospitato eroi del jazz come <strong>Chet Baker, Dizzy Gillespie, Pat Metheny, Tony Scott<\/strong> e moltissimi altri eccezionali jazzisti italiani. A Villa Litta, la magica atmosfera del Capolinea e Le Scimmie rivivr\u00e0 in un concerto collettivo e irripetibile che vedr\u00e0 protagonisti alcuni fra i pi\u00f9 importanti jazzisti come: <strong>Claudio Fasoli, Luigi Bonafede, Dado Moroni, Gianni Cazzola, Attilio Zanchi, Enrico Intra, Paolo Pellegatti, Piero Leveratto, Gigi Cifarelli, Riccardo Fioravanti, Mario Rusca, Tony Arco, Luca Meneghello, Ronnie Jones, Maxx Furian, Fabrizio Bernasconi, Luca Pasqua, Mauro Capitale, Marco Ricci, Tonino De Sensi, Michele Bozza, Mauro Negri, Marco Detto, Ferdinando Fara\u00f2 e Antonio Fara\u00f2<\/strong>.<\/p>\n<p><strong>Sabato 28<\/strong>, alle <strong>21:30<\/strong>, il festival proporr\u00e0 il gran finale con <strong>Antonio Fara\u00f2 Quartet Special Guest Mario Biondi<\/strong>, una formazione d\u2019eccellenza, inedita, diretta da Fara\u00f2 e completata da tre formidabili sideman come <strong>Till Br\u00f6nner<\/strong> (tromba), <strong>Ameen Saleem<\/strong> (contrabbasso) e <strong>Nicolas Viccaro<\/strong> (batteria), con <strong>Mario Biondi<\/strong> in qualit\u00e0 di ospite, cantante dal timbro cavernoso, ambrato, caldo, irrinunciabile punto di riferimento per il blue-eyed soul in Italia. I pi\u00f9 grandi successi dell\u2019artista di origine siciliana pi\u00f9 <strong>Theme for Bond<\/strong>, brano originale di Fara\u00f2, costituiranno il repertorio del concerto che sar\u00e0 aperto solo in quartetto. Una serata di grande fascino, nel segno dell\u2019incontro fra jazz e soul.<\/p>\n<p>Ad arricchire una proposta artistica gi\u00e0 di livello assoluto, durante le giornate di \u201cNotes Around SMG\u201d vi saranno altri eventi particolarmente degni di nota. Dal <strong>26<\/strong> al <strong>28<\/strong>, prima dei concerti, sar\u00e0 possibile visitare la mostra fotografica a cura di <strong>Roberto Cifarelli<\/strong>, uno fra i pi\u00f9 grandi narratori visivi del jazz contemporaneo, <strong>Elena Carminati<\/strong>, <strong>Giordano Minora<\/strong> e <strong>Carlo Verri<\/strong>, autori di scatti che hanno immortalato i jazzisti di caratura mondiale passati proprio dal Capolinea e Le Scimmie.<\/p>\n<p>Sempre dal <strong>26<\/strong> al <strong>28<\/strong>, alle <strong>20:00<\/strong>, prima dei concerti, il celebre <strong>Ninfeo<\/strong> con i suoi giochi d\u2019acqua sar\u00e0 visitabile con tour guidati a cura dell\u2019associazione <strong>Amici di Villa Litta<\/strong>.<\/p>\n<p>Mentre il <strong>28<\/strong>, dalle <strong>15:00<\/strong> alle <strong>18:00<\/strong>, i bambini dai <strong>3<\/strong> ai <strong>12<\/strong> anni potranno ricevere lezioni a cura della<strong> Scuola di Musica Primo Piano<\/strong> (gratis con posti limitati su prenotazione). La scuola invita i pi\u00f9 piccoli a provare l\u2019esperienza delle lezioni con il sistema di educazione musicale <strong>Yamaha<\/strong>, un metodo che sviluppa l\u2019ascolto, la creativit\u00e0 e l\u2019apprendimento attraverso l\u2019esperienza diretta. I bambini potranno sperimentare corsi pensati per le diverse fasce di et\u00e0: <strong>Music Wonderland<\/strong> dai tre anni, <strong>Junior Music Course<\/strong> a partire da quattro anni e i percorsi successivi di livello avanzato. Le lezioni collettive, l\u2019attenzione allo sviluppo evolutivo e la valorizzazione delle capacit\u00e0\u00a0 creative(improvvisazione e arrangiamento) sono i punti di forza di un metodo che favorisce anche lo sviluppo linguistico e cognitivo.<\/p>\n<p><strong>VENDITA BIGLIETTI PER CONCERTI AL TEATRO NATURALE SU MAILTICKET:<\/strong><br \/>\nhttps:\/\/www.mailticket.it\/rassegna-custom\/41\/festival-notes-around-smg-2025<\/p>\n<p><strong>PER INFORMAZIONI CONSULTARE IL SITO DEL COMUNE DI LAINATE &#8211; SEZIONE \u201cEVENTI\u201d:<\/strong><br \/>\nhttps:\/\/comune.lainate.mi.it\/<\/p>\n<p><strong>OPPURE RIVOLGERSI ALL\u2019UFFICIO CULTURA: 02 93598267-266 &#8211;<\/strong> cultura@comune.lainate.mi.it<\/p>\n<p><strong>CANALI SOCIAL:<\/strong><br \/>\nhttps:\/\/www.facebook.com\/profile.php?id=61576750157152&amp;locale=it_IT<br \/>\nhttps:\/\/www.instagram.com\/notesaroundag\/<\/p>\n<p><strong>UFFICIO STAMPA VILLA LITTA:<\/strong> <strong>MANZONI22<\/strong><br \/>\n<strong>MAIL:<\/strong> ufficiostampa@manzoni22.it<br \/>\n<strong>TELEFONO:<\/strong> <strong>031 303482<\/strong><\/p>\n","protected":false},"excerpt":{"rendered":"<p>Dal 25 al 28 giugno concerti jazz con Swing Faces Marching Band, Yves-Yann Lavaly Quintet, Fabio Concato, il tributo ai jazz club \u201cIl Capolinea\u201d e \u201cLe Scimmie\u201d e Antonio Fara\u00f2<\/p>\n<div><a class=\"permalink\" href=\"https:\/\/www.radioempire.it\/index.php\/2025\/06\/25\/a-villa-litta-a-lainate-provincia-di-milano-la-prima-edizione-del-festival-notes-around-smg-diretto-dal-pianista-antonio-farao\/\">Read More&#8230;<\/a><\/div>\n","protected":false},"author":2,"featured_media":55059,"comment_status":"closed","ping_status":"closed","sticky":false,"template":"","format":"standard","meta":[],"categories":[36,78],"tags":[],"_links":{"self":[{"href":"https:\/\/www.radioempire.it\/index.php\/wp-json\/wp\/v2\/posts\/55058"}],"collection":[{"href":"https:\/\/www.radioempire.it\/index.php\/wp-json\/wp\/v2\/posts"}],"about":[{"href":"https:\/\/www.radioempire.it\/index.php\/wp-json\/wp\/v2\/types\/post"}],"author":[{"embeddable":true,"href":"https:\/\/www.radioempire.it\/index.php\/wp-json\/wp\/v2\/users\/2"}],"replies":[{"embeddable":true,"href":"https:\/\/www.radioempire.it\/index.php\/wp-json\/wp\/v2\/comments?post=55058"}],"version-history":[{"count":1,"href":"https:\/\/www.radioempire.it\/index.php\/wp-json\/wp\/v2\/posts\/55058\/revisions"}],"predecessor-version":[{"id":55060,"href":"https:\/\/www.radioempire.it\/index.php\/wp-json\/wp\/v2\/posts\/55058\/revisions\/55060"}],"wp:featuredmedia":[{"embeddable":true,"href":"https:\/\/www.radioempire.it\/index.php\/wp-json\/wp\/v2\/media\/55059"}],"wp:attachment":[{"href":"https:\/\/www.radioempire.it\/index.php\/wp-json\/wp\/v2\/media?parent=55058"}],"wp:term":[{"taxonomy":"category","embeddable":true,"href":"https:\/\/www.radioempire.it\/index.php\/wp-json\/wp\/v2\/categories?post=55058"},{"taxonomy":"post_tag","embeddable":true,"href":"https:\/\/www.radioempire.it\/index.php\/wp-json\/wp\/v2\/tags?post=55058"}],"curies":[{"name":"wp","href":"https:\/\/api.w.org\/{rel}","templated":true}]}}