{"id":55098,"date":"2025-07-01T05:58:19","date_gmt":"2025-07-01T05:58:19","guid":{"rendered":"https:\/\/www.radioempire.it\/?p=55098"},"modified":"2025-07-01T06:05:35","modified_gmt":"2025-07-01T06:05:35","slug":"al-via-la-seconda-edizione-de-le-valli-del-mito-e-della-musica-il-gal-taormina-peloritani-rilancia-la-sfida-della-rete-territoriale-coinvolti-29-comuni","status":"publish","type":"post","link":"https:\/\/www.radioempire.it\/index.php\/2025\/07\/01\/al-via-la-seconda-edizione-de-le-valli-del-mito-e-della-musica-il-gal-taormina-peloritani-rilancia-la-sfida-della-rete-territoriale-coinvolti-29-comuni\/","title":{"rendered":"Al via la seconda edizione de \u201cLe Valli del Mito e della Musica\u201d: il GAL Taormina Peloritani rilancia la sfida della rete territoriale. Coinvolti 29 Comuni"},"content":{"rendered":"<p><strong>\u00c8 stata presentata, nella cornice istituzionale del Salone degli Specchi di Palazzo dei Leoni, sede della Citt\u00e0 Metropolitana di Messina, la seconda edizione del progetto \u201cLe Valli del Mito e della Musica \u2013 II edizione \u2013 Il Viaggio fra le Armonie e i Sapori del Territorio\u201d, promosso dal GAL Taormina Peloritani \u2013 Terre dei Miti e della Bellezza.<\/strong><\/p>\n<p>Una nuova stagione di eventi diffusi che coinvolger\u00e0 29 Comuni dell\u2019area jonica, tirrenica e dei peloritani e che mira a consolidare una rete culturale, enogastronomica e musicale ispirata ai principi della sostenibilit\u00e0, della valorizzazione delle identit\u00e0 locali e della partecipazione attiva delle comunit\u00e0 attraverso la promozione del patrimonio agroalimentare.<br \/>\nAd aprire i lavori \u00e8 stato il Sindaco della Citt\u00e0 Metropolitana di Messina, Federico Basile, che ha sottolineato il valore strategico del progetto:<br \/>\n\u00abLa seconda edizione de Le Valli del Mito e della Musica rappresenta un passo avanti importante nella costruzione di un\u2019identit\u00e0 territoriale forte e condivisa. Fare sistema tra istituzioni, imprese, cultura e cittadinanza \u00e8 la vera sfida per il futuro, e la Citt\u00e0 Metropolitana \u00e8 pienamente impegnata nel sostenere iniziative come questa che mettono in rete il territorio e rafforzano la coesione tra i comuni\u00bb.<br \/>\nA illustrare la visione e la struttura della nuova edizione \u00e8 stata Beatrice Briguglio, direttore del GAL Taormina Peloritani:<br \/>\n\u00abAbbiamo costruito un format dinamico, partecipato e multidisciplinare. Le Valli del Mito e della Musica non \u00e8 solo un calendario di eventi, ma una piattaforma di attivazione territoriale, che intreccia enogastronomia, musica, turismo e cultura con una forte attenzione alla sostenibilit\u00e0 e all\u2019empowerment locale. Vogliamo che ogni comunit\u00e0 si senta protagonista e interprete della propria identit\u00e0\u00bb.<br \/>\nA fare il punto sulla visione strategica e sulle prospettive \u00e8 stato il Presidente del GAL, Antonino Bonfiglio, che ha evidenziato il lavoro fatto e i risultati attesi:<br \/>\n\u00abQuesta seconda edizione nasce dall\u2019entusiasmo e dal riscontro ottenuto, ma anche dalla consapevolezza che i territori oggi hanno bisogno di strumenti concreti per valorizzarsi. Siamo orgogliosi di aver coinvolto 29 comuni, in un percorso che mette a sistema risorse pubbliche e competenze locali, per fare del GAL un vero motore di sviluppo integrato e sostenibile\u00bb.<br \/>\nTra i Comuni presenti alla conferenza: sindaci e amministratori dei comuni del Gal: Furci Siculo, Roccalumera, Forza d\u2019Agr\u00f2, Saponara, Pagliara, Gallodoro, Rometta, Monforte San Giorgio, Mandanici, Santa Teresa di Riva, Fiumedinisi, Casalvecchio Siculo, Al\u00ec, Itala, Roccavaldina, Antillo e Taormina, in rappresentanza di un territorio coeso e pronto a raccogliere la sfida dello sviluppo dal basso.<\/p>\n<p>A chiudere l\u2019incontro \u00e8 stato Cateno De Luca, Sindaco di Taormina, comune capofila del gal.<br \/>\n\u00abIl modello del GAL dimostra che i territori possono autodeterminarsi se messi nelle condizioni di farlo. Serve un cambio di paradigma: dobbiamo uscire dalla logica assistenzialista e centralista per costruire una governance reale dal basso. Con Le Valli del Mito e della Musica stiamo dimostrando che una Sicilia diversa \u00e8 possibile: coesa, attrattiva, efficiente. Ora dobbiamo fare in modo che questa rete diventi stabile, strutturata e riconosciuta come buona pratica\u00bb. Si parte venerd\u00ec 4 luglio da Messina, Giampilieri con la nuova edizione de \u201cLe Valli del Mito e della Musica\u201d, il viaggio tra sapori, identit\u00e0 e tradizioni promosso dal GAL Taormina Peloritani che attraverser\u00e0 ben 29 Comuni fino al 29 agosto.<\/p>\n<p>Tutti gli eventi sono a ingresso gratuito e offriranno un mix coinvolgente di degustazioni di eccellenze locali, spettacoli di musica popolare e show cooking, trasformando ogni tappa in un momento di festa e valorizzazione delle eccellenze del territorio.<\/p>\n<p>Il calendario degli eventi prevede le seguenti tappe:<\/p>\n<p>Venerd\u00ec 4 luglio \u2013 Messina (Giampilieri)<\/p>\n<p>Domenica 6 luglio \u2013 Forza D\u2019Agr\u00f2<\/p>\n<p>Venerd\u00ec 11 luglio \u2013 Casalvecchio Siculo<\/p>\n<p>Domenica 13 luglio \u2013 Nizza di Sicilia<\/p>\n<p>Sabato 19 luglio \u2013 Furci<\/p>\n<p>Gioved\u00ec 24 luglio \u2013 Sant\u2019Alessio<\/p>\n<p>Venerd\u00ec 25 luglio \u2013 Savoca<\/p>\n<p>Sabato 26 luglio \u2013 Saponara<\/p>\n<p>Domenica 27 luglio \u2013 Roccafiorita<\/p>\n<p>Gioved\u00ec 31 luglio \u2013 Itala<\/p>\n<p>Venerd\u00ec 1 agosto \u2013 Monforte<\/p>\n<p>Sabato 2 agosto \u2013 Al\u00ec<\/p>\n<p>Marted\u00ec 5 agosto \u2013 Scaletta Zanclea<\/p>\n<p>Mercoled\u00ec 6 agosto \u2013 Roccalumera<\/p>\n<p>Gioved\u00ec 7 agosto \u2013 Rometta<\/p>\n<p>Venerd\u00ec 8 agosto \u2013 Letojanni<\/p>\n<p>Sabato 9 agosto \u2013 Pagliara<\/p>\n<p>Domenica 10 agosto \u2013 Limina<\/p>\n<p>Luned\u00ec 11 agosto \u2013 Antillo<\/p>\n<p>Mercoled\u00ec 13 agosto \u2013 Al\u00ec Terme<\/p>\n<p>Domenica 17 agosto \u2013 Mandanici<\/p>\n<p>Marted\u00ec 19 agosto \u2013 Gallodoro<\/p>\n<p>Mercoled\u00ec 20 agosto \u2013 Castelmola<\/p>\n<p>Gioved\u00ec 21 agosto \u2013 Roccavaldina<\/p>\n<p>Venerd\u00ec 22 agosto \u2013 Fiumedinisi<\/p>\n<p>Sabato 23 agosto \u2013 Mongiuffi Melia<\/p>\n<p>Domenica 24 agosto \u2013 Spadafora<\/p>\n<p>Mercoled\u00ec 27 agosto \u2013 Santa Teresa di Riva<\/p>\n<p>Venerd\u00ec 29 agosto \u2013 Taormina (Trappitello)<\/p>\n","protected":false},"excerpt":{"rendered":"<p>\u00c8 stata presentata, nella cornice istituzionale del Salone degli Specchi di Palazzo dei Leoni, sede della Citt\u00e0 Metropolitana di Messina, la seconda edizione del progetto \u201cLe Valli del Mito e<\/p>\n<div><a class=\"permalink\" href=\"https:\/\/www.radioempire.it\/index.php\/2025\/07\/01\/al-via-la-seconda-edizione-de-le-valli-del-mito-e-della-musica-il-gal-taormina-peloritani-rilancia-la-sfida-della-rete-territoriale-coinvolti-29-comuni\/\">Read More&#8230;<\/a><\/div>\n","protected":false},"author":2,"featured_media":55099,"comment_status":"closed","ping_status":"closed","sticky":false,"template":"","format":"standard","meta":[],"categories":[3,36],"tags":[],"_links":{"self":[{"href":"https:\/\/www.radioempire.it\/index.php\/wp-json\/wp\/v2\/posts\/55098"}],"collection":[{"href":"https:\/\/www.radioempire.it\/index.php\/wp-json\/wp\/v2\/posts"}],"about":[{"href":"https:\/\/www.radioempire.it\/index.php\/wp-json\/wp\/v2\/types\/post"}],"author":[{"embeddable":true,"href":"https:\/\/www.radioempire.it\/index.php\/wp-json\/wp\/v2\/users\/2"}],"replies":[{"embeddable":true,"href":"https:\/\/www.radioempire.it\/index.php\/wp-json\/wp\/v2\/comments?post=55098"}],"version-history":[{"count":2,"href":"https:\/\/www.radioempire.it\/index.php\/wp-json\/wp\/v2\/posts\/55098\/revisions"}],"predecessor-version":[{"id":55101,"href":"https:\/\/www.radioempire.it\/index.php\/wp-json\/wp\/v2\/posts\/55098\/revisions\/55101"}],"wp:featuredmedia":[{"embeddable":true,"href":"https:\/\/www.radioempire.it\/index.php\/wp-json\/wp\/v2\/media\/55099"}],"wp:attachment":[{"href":"https:\/\/www.radioempire.it\/index.php\/wp-json\/wp\/v2\/media?parent=55098"}],"wp:term":[{"taxonomy":"category","embeddable":true,"href":"https:\/\/www.radioempire.it\/index.php\/wp-json\/wp\/v2\/categories?post=55098"},{"taxonomy":"post_tag","embeddable":true,"href":"https:\/\/www.radioempire.it\/index.php\/wp-json\/wp\/v2\/tags?post=55098"}],"curies":[{"name":"wp","href":"https:\/\/api.w.org\/{rel}","templated":true}]}}