{"id":55119,"date":"2025-07-02T21:50:59","date_gmt":"2025-07-02T21:50:59","guid":{"rendered":"https:\/\/www.radioempire.it\/?p=55119"},"modified":"2025-07-02T21:50:59","modified_gmt":"2025-07-02T21:50:59","slug":"cresce-sano-e-forte-laquilotto-dei-nebrodi-la-webcam-del-parco-racconta-la-sua-avventura","status":"publish","type":"post","link":"https:\/\/www.radioempire.it\/index.php\/2025\/07\/02\/cresce-sano-e-forte-laquilotto-dei-nebrodi-la-webcam-del-parco-racconta-la-sua-avventura\/","title":{"rendered":"Cresce sano e forte l\u2019aquilotto dei Nebrodi: la webcam del Parco racconta la sua avventura"},"content":{"rendered":"<p>S.Agata Militello 02.07.2025<\/p>\n<p>Cresce bene <strong>l\u2019aquilotto<\/strong> nato nel Parco dei Nebrodi, figlio della storica coppia di <strong>Aquila Reale<\/strong> che nidifica sul massiccio delle <strong>Rocche del Crasto<\/strong>, nel territorio di Alcara Li Fusi. Il piccolo rapace \u00e8 venuto alla luce lo scorso 24 maggio, proprio in occasione della Giornata Europea dei Parchi: un simbolico segno della forza e della vitalit\u00e0 della natura protetta.<\/p>\n<p>La schiusa \u00e8 avvenuta dopo 45 giorni di cova, effettuata a turno da entrambi i genitori. Quest\u2019anno, tuttavia, solo uno dei due uova si \u00e8 schiuso. Il secondo, purtroppo, non ha dato alla luce un altro aquilotto.<\/p>\n<p><img loading=\"lazy\" class=\"size-medium wp-image-55120 alignleft\" src=\"https:\/\/www.radioempire.it\/wp-content\/uploads\/2025\/07\/foto-1-aquilotto-300x136.jpg\" alt=\"\" width=\"300\" height=\"136\" srcset=\"https:\/\/www.radioempire.it\/wp-content\/uploads\/2025\/07\/foto-1-aquilotto-300x136.jpg 300w, https:\/\/www.radioempire.it\/wp-content\/uploads\/2025\/07\/foto-1-aquilotto-1024x465.jpg 1024w, https:\/\/www.radioempire.it\/wp-content\/uploads\/2025\/07\/foto-1-aquilotto-768x349.jpg 768w, https:\/\/www.radioempire.it\/wp-content\/uploads\/2025\/07\/foto-1-aquilotto-1536x698.jpg 1536w, https:\/\/www.radioempire.it\/wp-content\/uploads\/2025\/07\/foto-1-aquilotto.jpg 2023w\" sizes=\"(max-width: 300px) 100vw, 300px\" \/>Grazie a una <strong>webcam<\/strong> installata sopra il nido, situato su una ripida parete rocciosa delle Rocche del Crasto, \u00e8 possibile seguire in diretta 24 ore su 24 tutto ci\u00f2 che accade nel nido collegandosi al sito ufficiale dell\u2019Ente Parco dei Nebrodi: <strong>www.parcodeinebrodi.it.<\/strong> Lo streaming ha gi\u00e0 raccolto l\u2019attenzione di numerosi appassionati e studiosi, che da settimane seguono la crescita del giovane rapace.<\/p>\n<p>L\u2019aquilotto ha superato le cinque settimane di vita e inizia a cambiare aspetto: iniziano a spuntare le prime penne, che gradualmente \u00a0sostituiranno il candido piumino bianco che lo ricopriva alla nascita.<\/p>\n<p>Non sono mancati momenti di apprensione tra gli spettatori che seguono, in diretta web, la crescita dell\u2019aquilotto: in alcune occasioni i genitori sono stati assenti dal nido per diverse ore e l\u2019aquilotto non era visibile nell\u2019inquadratura. Ma chi segue da anni queste nidificazioni sa che, durante la crescita, i piccoli spesso si rifugiano all\u2019interno delle cenge rocciose per proteggersi o riposare.<\/p>\n<p>Quest\u2019anno il giovane esemplare ha dimostrato un carattere particolarmente deciso: gi\u00e0 a 18 giorni era in grado di raggiungere e nutrirsi da solo delle prede lasciate dai genitori, senza attendere che venisse imboccato.<\/p>\n<p>Il<strong><em> \u201cbattesimo dell\u2019aria\u201d <\/em><\/strong>\u00e8 previsto intorno al 7 agosto, quando l\u2019aquilotto avr\u00e0 circa 75 giorni. Dopo il primo volo, rester\u00e0 ancora per alcune settimane nel territorio dei genitori per apprendere le tecniche di caccia e sopravvivenza.<\/p>\n<p>In autunno, come da natura, lascer\u00e0 spontaneamente il territorio familiare, altrimenti sar\u00e0 allontanato dai genitori, pronti ad affrontare un nuovo ciclo riproduttivo.<\/p>\n<p>Il Commissario Straordinario dell\u2019Ente Parco dei Nebrodi, <strong>Dr. Alfonso di Piazza<\/strong>, dichiara: \u00a0\u00a0\u00a0\u00a0\u00a0\u00a0\u00a0\u00a0\u00a0\u00a0\u00a0\u201c <em>La nascita e il positivo sviluppo dell\u2019Aquilotto Reale sulle Rocche del Crasto rappresentano un importante segnale della vitalit\u00e0 del nostro ecosistema e confermano l\u2019efficacia delle azioni di tutela ambientale messe in campo dall\u2019Ente Parco. La possibilit\u00e0 di seguire in diretta il sistema di monitoraggio video rafforza il legame tra Istituzioni, Comunit\u00e0 e Territorio, promuovendo una cultura diffusa della conservazione e del rispetto per la biodiversit\u00e0.<\/em><\/p>\n<p>Una visione pienamente coerente con gli atti di indirizzo promossi dall\u2019Assessore Regionale al Territorio e Ambiente <strong>l\u2019On. Avv. Giusi Savarino<\/strong> \u00a0che ha dichiarato:<em>\u201d l\u2019emozione di seguire da vicino, giorno dopo giorno, la crescita di un\u2019Aquila Reale nei cieli della nostra Sicilia \u00e8 un\u2019esperienza educativa e scientifica straordinaria, che valorizza il nostro patrimonio naturale. Iniziative come questa uniscono tutela ambientale e innovazione tecnologica, rafforzando l\u2019identit\u00e0 ecologica della nostra Regione\u201d.<\/em><\/p>\n<p><em>\u00a0\u00a0\u00a0\u00a0\u00a0\u00a0\u00a0\u00a0\u00a0\u00a0\u00a0\u00a0\u00a0\u00a0\u00a0\u00a0\u00a0\u00a0\u00a0\u00a0\u00a0\u00a0\u00a0\u00a0\u00a0\u00a0\u00a0\u00a0\u00a0\u00a0\u00a0\u00a0\u00a0\u00a0\u00a0\u00a0\u00a0\u00a0\u00a0\u00a0\u00a0\u00a0\u00a0\u00a0\u00a0\u00a0\u00a0\u00a0\u00a0\u00a0\u00a0\u00a0\u00a0\u00a0\u00a0\u00a0\u00a0\u00a0\u00a0\u00a0\u00a0\u00a0\u00a0\u00a0\u00a0\u00a0\u00a0\u00a0\u00a0\u00a0\u00a0\u00a0\u00a0\u00a0\u00a0\u00a0\u00a0\u00a0\u00a0\u00a0\u00a0\u00a0\u00a0\u00a0\u00a0\u00a0\u00a0\u00a0\u00a0\u00a0\u00a0\u00a0\u00a0\u00a0\u00a0\u00a0\u00a0\u00a0\u00a0\u00a0 <strong>Ufficio Presidenza<\/strong><\/em><\/p>\n","protected":false},"excerpt":{"rendered":"<p>S.Agata Militello 02.07.2025 Cresce bene l\u2019aquilotto nato nel Parco dei Nebrodi, figlio della storica coppia di Aquila Reale che nidifica sul massiccio delle Rocche del Crasto, nel territorio di Alcara<\/p>\n<div><a class=\"permalink\" href=\"https:\/\/www.radioempire.it\/index.php\/2025\/07\/02\/cresce-sano-e-forte-laquilotto-dei-nebrodi-la-webcam-del-parco-racconta-la-sua-avventura\/\">Read More&#8230;<\/a><\/div>\n","protected":false},"author":2,"featured_media":55121,"comment_status":"closed","ping_status":"closed","sticky":false,"template":"","format":"standard","meta":[],"categories":[3,36],"tags":[],"_links":{"self":[{"href":"https:\/\/www.radioempire.it\/index.php\/wp-json\/wp\/v2\/posts\/55119"}],"collection":[{"href":"https:\/\/www.radioempire.it\/index.php\/wp-json\/wp\/v2\/posts"}],"about":[{"href":"https:\/\/www.radioempire.it\/index.php\/wp-json\/wp\/v2\/types\/post"}],"author":[{"embeddable":true,"href":"https:\/\/www.radioempire.it\/index.php\/wp-json\/wp\/v2\/users\/2"}],"replies":[{"embeddable":true,"href":"https:\/\/www.radioempire.it\/index.php\/wp-json\/wp\/v2\/comments?post=55119"}],"version-history":[{"count":1,"href":"https:\/\/www.radioempire.it\/index.php\/wp-json\/wp\/v2\/posts\/55119\/revisions"}],"predecessor-version":[{"id":55122,"href":"https:\/\/www.radioempire.it\/index.php\/wp-json\/wp\/v2\/posts\/55119\/revisions\/55122"}],"wp:featuredmedia":[{"embeddable":true,"href":"https:\/\/www.radioempire.it\/index.php\/wp-json\/wp\/v2\/media\/55121"}],"wp:attachment":[{"href":"https:\/\/www.radioempire.it\/index.php\/wp-json\/wp\/v2\/media?parent=55119"}],"wp:term":[{"taxonomy":"category","embeddable":true,"href":"https:\/\/www.radioempire.it\/index.php\/wp-json\/wp\/v2\/categories?post=55119"},{"taxonomy":"post_tag","embeddable":true,"href":"https:\/\/www.radioempire.it\/index.php\/wp-json\/wp\/v2\/tags?post=55119"}],"curies":[{"name":"wp","href":"https:\/\/api.w.org\/{rel}","templated":true}]}}