{"id":55210,"date":"2025-07-11T07:23:56","date_gmt":"2025-07-11T07:23:56","guid":{"rendered":"https:\/\/www.radioempire.it\/?p=55210"},"modified":"2025-07-11T07:23:56","modified_gmt":"2025-07-11T07:23:56","slug":"forza-dagro-in-fase-avanzata-gli-interventi-di-messa-in-sicurezza-lungo-la-strada-provinciale-16","status":"publish","type":"post","link":"https:\/\/www.radioempire.it\/index.php\/2025\/07\/11\/forza-dagro-in-fase-avanzata-gli-interventi-di-messa-in-sicurezza-lungo-la-strada-provinciale-16\/","title":{"rendered":"Forza d&#8217;Agr\u00f2, in fase avanzata gli interventi di messa in sicurezza lungo la strada provinciale 16"},"content":{"rendered":"<p><strong><span style=\"font-size: 13.5pt; font-family: 'Arial',sans-serif; color: #0716b0;\">Si tratta di lavori di scarifica, risagomatura, bitumatura del piano viabile e di scerbatura<\/span><\/strong><\/p>\n<p><span style=\"font-family: 'Arial',sans-serif; color: black;\">\u00a0<\/span><span style=\"font-size: 18.0pt; font-family: 'Arial',sans-serif; color: black;\">La Citt\u00e0 Metropolitana di Messina sta portando avanti le attivit\u00e0 di ammodernamento della rete stradale provinciale con un approccio operativo e concreto, puntando su interventi pianificati e mirati per migliorare le condizioni della viabilit\u00e0 locale.<\/span><\/p>\n<p><span style=\"font-size: 18.0pt; font-family: 'Arial',sans-serif; color: black;\">Sono in fase avanzata i lavori di messa in sicurezza sulla Strada Provinciale 16, che conduce a Forza d\u2019Agr\u00f2. Gli operatori della ditta incaricata stanno eseguendo la scarifica, la risagomatura del piano viabile e la posa del nuovo tappetino stradale. Contestualmente, si interviene con la scerbatura delle aree adiacenti alla carreggiata, con l\u2019intento di restituire decoro anche sul piano ambientale.<\/span><\/p>\n<p><span style=\"font-size: 18.0pt; font-family: 'Arial',sans-serif; color: black;\">L\u2019arteria assume una funzione strategica nella mobilit\u00e0 della fascia jonica, specialmente nei mesi estivi, in cui cresce il numero di visitatori diretti verso il borgo storico. Gli interventi si inseriscono in un quadro pi\u00f9 ampio di riqualificazione infrastrutturale che interessa il comprensorio della Valle d&#8217;Agr\u00f2. L\u2019obiettivo \u00e8 duplice: garantire una maggiore sicurezza alla rete stradale e al tempo stesso promuovere la valorizzazione del territorio sotto il profilo ambientale e paesaggistico.<\/span><\/p>\n<p><span style=\"font-size: 18.0pt; font-family: 'Arial',sans-serif; color: black;\">Il sindaco di Forza d\u2019Agr\u00f2, Bruno Miliad\u00f2, ha espresso &#8220;apprezzamento per le attivit\u00e0 in corso, ringraziando il sindaco metropolitano Federico Basile e il direttore generale della Citt\u00e0 Metropolitana, Giuseppe Campagna, per l\u2019attenzione rivolta al territorio e per la tempestivit\u00e0 degli interventi&#8221;.<\/span><\/p>\n<p><span style=\"font-family: 'Arial',sans-serif; color: black;\">\u201c<\/span><span style=\"font-size: 18.0pt; font-family: 'Arial',sans-serif; color: black;\">La Citt\u00e0 Metropolitana di Messina \u2013 ha sottolineato Basile &#8211; prosegue nel suo impegno volto a garantire la sicurezza e l\u2019efficienza delle infrastrutture stradali provinciali, attraverso interventi programmati e tempestivi lungo le arterie di propria competenza. La riqualificazione della strada provinciale 16 rappresenta un passo importante per migliorare la qualit\u00e0 della viabilit\u00e0 e garantire condizioni di sicurezza adeguate ai cittadini e agli operatori economici del comprensorio\u201d.<\/span><\/p>\n<p><span style=\"font-family: 'Arial',sans-serif; color: black;\">\u00a0<\/span><\/p>\n<p><strong><span style=\"font-size: 18.0pt; font-family: 'Arial',sans-serif; color: black;\">Il Responsabile dell\u2019Ufficio Comunicazione Istituzionale<\/span><\/strong><\/p>\n<p><strong><span style=\"font-size: 18.0pt; font-family: 'Arial',sans-serif; color: black;\">Dott. Giuseppe Span\u00f2<\/span><\/strong><\/p>\n<p><strong><span style=\"font-family: 'Arial',sans-serif; color: black;\">\u00a0<\/span><\/strong><\/p>\n<p><strong><span style=\"font-size: 18.0pt; font-family: 'Arial',sans-serif; color: black;\">Il Responsabile del Servizio Gabinetto Istituzionale<\/span><\/strong><\/p>\n<p><strong><span style=\"font-size: 18.0pt; font-family: 'Arial',sans-serif; color: black;\">Ing. G. Maggioloti<\/span><\/strong><\/p>\n","protected":false},"excerpt":{"rendered":"<p>Si tratta di lavori di scarifica, risagomatura, bitumatura del piano viabile e di scerbatura \u00a0La Citt\u00e0 Metropolitana di Messina sta portando avanti le attivit\u00e0 di ammodernamento della rete stradale provinciale<\/p>\n<div><a class=\"permalink\" href=\"https:\/\/www.radioempire.it\/index.php\/2025\/07\/11\/forza-dagro-in-fase-avanzata-gli-interventi-di-messa-in-sicurezza-lungo-la-strada-provinciale-16\/\">Read More&#8230;<\/a><\/div>\n","protected":false},"author":2,"featured_media":55211,"comment_status":"closed","ping_status":"closed","sticky":false,"template":"","format":"standard","meta":[],"categories":[3,36],"tags":[],"_links":{"self":[{"href":"https:\/\/www.radioempire.it\/index.php\/wp-json\/wp\/v2\/posts\/55210"}],"collection":[{"href":"https:\/\/www.radioempire.it\/index.php\/wp-json\/wp\/v2\/posts"}],"about":[{"href":"https:\/\/www.radioempire.it\/index.php\/wp-json\/wp\/v2\/types\/post"}],"author":[{"embeddable":true,"href":"https:\/\/www.radioempire.it\/index.php\/wp-json\/wp\/v2\/users\/2"}],"replies":[{"embeddable":true,"href":"https:\/\/www.radioempire.it\/index.php\/wp-json\/wp\/v2\/comments?post=55210"}],"version-history":[{"count":1,"href":"https:\/\/www.radioempire.it\/index.php\/wp-json\/wp\/v2\/posts\/55210\/revisions"}],"predecessor-version":[{"id":55213,"href":"https:\/\/www.radioempire.it\/index.php\/wp-json\/wp\/v2\/posts\/55210\/revisions\/55213"}],"wp:featuredmedia":[{"embeddable":true,"href":"https:\/\/www.radioempire.it\/index.php\/wp-json\/wp\/v2\/media\/55211"}],"wp:attachment":[{"href":"https:\/\/www.radioempire.it\/index.php\/wp-json\/wp\/v2\/media?parent=55210"}],"wp:term":[{"taxonomy":"category","embeddable":true,"href":"https:\/\/www.radioempire.it\/index.php\/wp-json\/wp\/v2\/categories?post=55210"},{"taxonomy":"post_tag","embeddable":true,"href":"https:\/\/www.radioempire.it\/index.php\/wp-json\/wp\/v2\/tags?post=55210"}],"curies":[{"name":"wp","href":"https:\/\/api.w.org\/{rel}","templated":true}]}}