{"id":55553,"date":"2025-08-13T17:32:38","date_gmt":"2025-08-13T17:32:38","guid":{"rendered":"https:\/\/www.radioempire.it\/?p=55553"},"modified":"2025-08-13T17:32:38","modified_gmt":"2025-08-13T17:32:38","slug":"venerdi-15-agosto-alle-2130-a-calatafimi-segesta-petra-magoni-arke-string-quartet-subversion-in-concerto","status":"publish","type":"post","link":"https:\/\/www.radioempire.it\/index.php\/2025\/08\/13\/venerdi-15-agosto-alle-2130-a-calatafimi-segesta-petra-magoni-arke-string-quartet-subversion-in-concerto\/","title":{"rendered":"Venerd\u00ec 15 agosto alle 21:30, a Calatafimi Segesta, Petra Magoni &#038; Ark\u00e8 String Quartet \u2013 \u201cSubversion\u201d in concerto"},"content":{"rendered":"<p><strong>La cantante Petra Magoni e il quartetto d\u2019archi, live al Tempio di Calatafimi Segesta (provincia di Trapani), in occasione dell\u2019edizione 2025 di \u201cSegesta Teatro Festival\u201d, renderanno omaggio a band, cantautori e compositori nel segno della \u201csovversione\u201d<\/strong><\/p>\n<p>L\u2019estasiante <strong>Tempio<\/strong> di <strong>Calatafimi Segesta<\/strong> (provincia di <strong>Trapani<\/strong>) sar\u00e0 la venue che ospiter\u00e0 il concerto di <strong>Petra Magoni &amp; Ark\u00e8 String Quartet \u2013 \u201cSubversion\u201d,<\/strong> in programma <strong>venerd\u00ec 15 agosto<\/strong> alle <strong>21:30<\/strong>, in occasione dell\u2019edizione 2025 di <strong>Segesta Teatro Festival<\/strong>, con la direzione artistica a cura di <strong>Claudio Collov\u00e0<\/strong>.<\/p>\n<p>\u201cSubversion\u201d \u00e8 un progetto altamente provocatorio, volto a scuotere le coscienze, uno spettacolo che esorta a cambiare una visione del mondo, sovente, ingabbiata dentro pregiudizi tendenti al manicheismo. Un concerto che intende rompere gli schemi, per affrancarsi da barriere ideologiche dietro cui si arroccano le istituzioni e le varie forme di potere. La cantante Petra Magoni e l\u2019Ark\u00e8 String Quartet, ensemble d\u2019archi formato da <strong>Carlo Cantini<\/strong> (violino), <strong>Valentino Corvino<\/strong> (violino, oud ed elettronica), <strong>Matteo Del Sold\u00e0<\/strong> (viola) e <strong>Stefano Dall\u2019Ora<\/strong> (contrabbasso), proporranno un repertorio di brani trasversale dal punto di vista stilistico, passando dai <strong>Beatles<\/strong>, <strong>John Lennon<\/strong>, <strong>Rolling Stones<\/strong> a <strong>Wolfgang Amadeus Mozart<\/strong>, per poi giungere a <strong>John Cage<\/strong>, <strong>Frank Zappa<\/strong>, <strong>Boris Vian<\/strong>, <strong>Ennio Morricone<\/strong>, <strong>Fabrizio De Andr\u00e9<\/strong>, <strong>Franco Battiato<\/strong>, <strong>Giorgio Gaber<\/strong>, <strong>Nina Simone<\/strong>, <strong>David Bowie<\/strong> e i <strong>Pink Floyd<\/strong>. Il tutto nel segno di una prorompente personalit\u00e0 artistica e una spiccata identit\u00e0 comunicativa che caratterizzano questi cinque brillanti musicisti.<\/p>\n<p><img loading=\"lazy\" class=\"size-medium wp-image-55554 alignleft\" src=\"https:\/\/www.radioempire.it\/wp-content\/uploads\/2025\/08\/PETRA-MAGONI-ARKE-STRING-4ET-PH-LUCA-BOLOGNESE-300x300.jpg\" alt=\"\" width=\"300\" height=\"300\" srcset=\"https:\/\/www.radioempire.it\/wp-content\/uploads\/2025\/08\/PETRA-MAGONI-ARKE-STRING-4ET-PH-LUCA-BOLOGNESE-300x300.jpg 300w, https:\/\/www.radioempire.it\/wp-content\/uploads\/2025\/08\/PETRA-MAGONI-ARKE-STRING-4ET-PH-LUCA-BOLOGNESE-1024x1024.jpg 1024w, https:\/\/www.radioempire.it\/wp-content\/uploads\/2025\/08\/PETRA-MAGONI-ARKE-STRING-4ET-PH-LUCA-BOLOGNESE-150x150.jpg 150w, https:\/\/www.radioempire.it\/wp-content\/uploads\/2025\/08\/PETRA-MAGONI-ARKE-STRING-4ET-PH-LUCA-BOLOGNESE-768x768.jpg 768w, https:\/\/www.radioempire.it\/wp-content\/uploads\/2025\/08\/PETRA-MAGONI-ARKE-STRING-4ET-PH-LUCA-BOLOGNESE-188x188.jpg 188w, https:\/\/www.radioempire.it\/wp-content\/uploads\/2025\/08\/PETRA-MAGONI-ARKE-STRING-4ET-PH-LUCA-BOLOGNESE.jpg 1080w\" sizes=\"(max-width: 300px) 100vw, 300px\" \/>Esuberante, sensibile, poliedrica, ispirata da una toccante autenticit\u00e0 e animata da una fervida immaginazione musicale, Petra Magoni \u00e8 una fra le cantanti italiane pi\u00f9 talentuose e complete degli ultimi vent\u2019anni. Grazie alle sue qualit\u00e0 ha calcato e calca tutt\u2019ora i palchi nazionali e internazionali pi\u00f9 prestigiosi, condividendo la scena con numerosi musicisti di levatura nazionale e mondiale quali <strong>Al Jarreau<\/strong>, <strong>Chano Dominguez<\/strong>, <strong>Claude Salmi\u00e9ri<\/strong>, <strong>Paolo Fresu<\/strong>, <strong>Ares Tavolazzi<\/strong>, <strong>Nicola Stilo<\/strong>, <strong>Peppe Servillo<\/strong>, <strong>Paolo Benvegn\u00f9<\/strong>, <strong>Francesco Bearzatti<\/strong>, <strong>Morgan<\/strong>, <strong>Mario Biondi<\/strong>, <strong>Joe Barbieri<\/strong>, <strong>Mauro Ottolini<\/strong>, <strong>Andr\u00e9 Minvielle<\/strong> e tanti altri ancora.<\/p>\n<p>L\u2019Ark\u00e8 String Quartet \u00e8 una formazione che fa dell\u2019eclettismo stilistico e della creativit\u00e0 due segni particolari della sua carta d\u2019identit\u00e0 musicale. Quartetto di matrice accademica, notevole nello spaziare con naturalezza dalla musica colta al jazz, dall\u2019avanguardia alla world music, dal pop fino ad arrivare alla musica elettronica, in trent\u2019anni di carriera stringe collaborazioni degne di nota al fianco di artisti blasonati sulla scena italiana e internazionale come <strong>Trilok Gurtu<\/strong>, <strong>Antonella Ruggiero<\/strong>, <strong>Stefano Bollani<\/strong>, <strong>Enrico Pieranunzi<\/strong>, <strong>Rita Marcotulli<\/strong>, <strong>Samuele Bersani<\/strong>, <strong>Tullio De Piscopo<\/strong>, <strong>Moni Ovadia<\/strong>, solo per elencarne alcuni.<\/p>\n<p>\u201cSubversion\u201d, progetto arricchito da diverse videoproiezioni, \u00e8 uno spettacolo coinvolgente e travolgente, per tutti gli amanti della buona musica. Quella che racconta la verit\u00e0.<\/p>\n<p><strong>PER INFO CONCERTO:<\/strong><\/p>\n<p><a href=\"https:\/\/www.segestateatrofestival.com\/\"><strong>https:\/\/www.segestateatrofestival.com\/<\/strong><\/a><\/p>\n<p><a href=\"https:\/\/www.facebook.com\/segestateatrofestival?locale=it_IT\"><strong>https:\/\/www.facebook.com\/segestateatrofestival?locale=it_IT<\/strong><\/a><\/p>\n<p><a href=\"https:\/\/www.instagram.com\/segesta_teatro_festival\/\"><strong>https:\/\/www.instagram.com\/segesta_teatro_festival\/<\/strong><\/a><\/p>\n<p><strong>https:\/\/www.kinomusic.it\/concerti\/ (15 AGOSTO \u2013 Petra Magoni, venerd\u00ec, Calatafimi \u2013 Segesta &#8211; TP)<\/strong><\/p>\n","protected":false},"excerpt":{"rendered":"<p>La cantante Petra Magoni e il quartetto d\u2019archi, live al Tempio di Calatafimi Segesta (provincia di Trapani), in occasione dell\u2019edizione 2025 di \u201cSegesta Teatro Festival\u201d, renderanno omaggio a band, cantautori<\/p>\n<div><a class=\"permalink\" href=\"https:\/\/www.radioempire.it\/index.php\/2025\/08\/13\/venerdi-15-agosto-alle-2130-a-calatafimi-segesta-petra-magoni-arke-string-quartet-subversion-in-concerto\/\">Read More&#8230;<\/a><\/div>\n","protected":false},"author":2,"featured_media":55555,"comment_status":"closed","ping_status":"closed","sticky":false,"template":"","format":"standard","meta":[],"categories":[36,78],"tags":[],"_links":{"self":[{"href":"https:\/\/www.radioempire.it\/index.php\/wp-json\/wp\/v2\/posts\/55553"}],"collection":[{"href":"https:\/\/www.radioempire.it\/index.php\/wp-json\/wp\/v2\/posts"}],"about":[{"href":"https:\/\/www.radioempire.it\/index.php\/wp-json\/wp\/v2\/types\/post"}],"author":[{"embeddable":true,"href":"https:\/\/www.radioempire.it\/index.php\/wp-json\/wp\/v2\/users\/2"}],"replies":[{"embeddable":true,"href":"https:\/\/www.radioempire.it\/index.php\/wp-json\/wp\/v2\/comments?post=55553"}],"version-history":[{"count":1,"href":"https:\/\/www.radioempire.it\/index.php\/wp-json\/wp\/v2\/posts\/55553\/revisions"}],"predecessor-version":[{"id":55556,"href":"https:\/\/www.radioempire.it\/index.php\/wp-json\/wp\/v2\/posts\/55553\/revisions\/55556"}],"wp:featuredmedia":[{"embeddable":true,"href":"https:\/\/www.radioempire.it\/index.php\/wp-json\/wp\/v2\/media\/55555"}],"wp:attachment":[{"href":"https:\/\/www.radioempire.it\/index.php\/wp-json\/wp\/v2\/media?parent=55553"}],"wp:term":[{"taxonomy":"category","embeddable":true,"href":"https:\/\/www.radioempire.it\/index.php\/wp-json\/wp\/v2\/categories?post=55553"},{"taxonomy":"post_tag","embeddable":true,"href":"https:\/\/www.radioempire.it\/index.php\/wp-json\/wp\/v2\/tags?post=55553"}],"curies":[{"name":"wp","href":"https:\/\/api.w.org\/{rel}","templated":true}]}}