{"id":55613,"date":"2025-08-19T16:33:16","date_gmt":"2025-08-19T16:33:16","guid":{"rendered":"https:\/\/www.radioempire.it\/?p=55613"},"modified":"2025-08-19T16:39:10","modified_gmt":"2025-08-19T16:39:10","slug":"gerardina-trovato-ora-e-tempo-di-brillare","status":"publish","type":"post","link":"https:\/\/www.radioempire.it\/index.php\/2025\/08\/19\/gerardina-trovato-ora-e-tempo-di-brillare\/","title":{"rendered":"Gerardina Trovato: ora \u00e8 tempo di brillare!"},"content":{"rendered":"<p><strong>di Tiziana Mazzaglia<\/strong><\/p>\n<p><strong>Intervista a Gerardina Trovato: la voce della Sicilia tra musica e rinascita.<\/strong><\/p>\n<p>Il 9 agosto Gerardina Trovato ha celebrato i 40 anni di Radio Empire in Sicilia, una serata speciale che ci offre l\u2019occasione per conoscere meglio questa straordinaria artista siciliana. Nota non solo per la sua voce intensa e i suoi successi musicali, Gerardina ha anche raccontato una storia di coraggio e resilienza, affrontando e superando un percorso difficile con l\u2019anoressia. In questa intervista, cercheremo di mettere in risalto solo la forza e bellezza di un\u2019anima rinata, per raccontarsi si \u00e8 raccontata e adesso vogliamo solo vederla felice e brillare pi\u00f9 di prima.<\/p>\n<p><strong>\u00abCome hai vissuto la celebrazione dei 40 anni di Radio Empire e cosa significa per te tornare a casa, in Sicilia?\u00bb<\/strong><\/p>\n<p><img loading=\"lazy\" class=\"size-medium wp-image-55624 alignleft\" src=\"https:\/\/www.radioempire.it\/wp-content\/uploads\/2025\/08\/gerardina-151-300x200.jpg\" alt=\"\" width=\"300\" height=\"200\" srcset=\"https:\/\/www.radioempire.it\/wp-content\/uploads\/2025\/08\/gerardina-151-300x200.jpg 300w, https:\/\/www.radioempire.it\/wp-content\/uploads\/2025\/08\/gerardina-151-768x512.jpg 768w, https:\/\/www.radioempire.it\/wp-content\/uploads\/2025\/08\/gerardina-151.jpg 800w\" sizes=\"(max-width: 300px) 100vw, 300px\" \/>\u00abHo vissuto questa festa con un\u2019emozione fortissima che mi ha dato il pubblico, in un\u2019atmosfera da grande evento\u2026 bellissimo stare in Sicilia? \u00c8 la mia terra, la mia casa\u2026 non si devono mai dimenticare le proprie origini.. qui ho cominciato a respirare e qui voglio finire.\u00bb<\/p>\n<p><strong>\u00abLa musica oggi \u00e8 cambiata molto rispetto ai tuoi esordi: come vedi il panorama musicale attuale?<\/strong><strong>\u00a0\u00a0<\/strong><strong>Secondo te di cosa ha bisogno la musica oggi?<\/strong><strong>\u00a0\u00bb<\/strong><\/p>\n<p>\u00abOggi la musica ha bisogno di musica, nella musica, anche se sappiamo benissimo che sar\u00e0 molto difficile che ci\u00f2 accada. La mia generazione \u00e8 stata molto fortunata\u2026 chi pi\u00f9 chi meno, facciamo parte di coloro che un po\u2019 di musica l\u2019hanno fatta davvero\u2026 Quando io ho iniziato ascoltavo Elton Jhon\u2026 le sue esibizioni mi stregavano\u2026 ma erano passati 10\/15 anni da alcuni album\u2026 ora tra noi ed i giovani di oggi ne sono passati almeno 35\u2026 siamo mondi diversi.\u00bb<\/p>\n<p><strong>\u00abSei consapevole di essere un esempio di forza per molti giovani? Ti sei mai detta che hai avuto la forza di rinascere come una fenice?\u00bb<\/strong><strong>\u00a0<\/strong><\/p>\n<p>\u00abSono rinata molte volte\u2026 leggo molto i messaggi che scrivono sui social\u2026 mi spiace molto quando leggo che faccio pena, che qualcuno mi usa\u2026 mi verrebbe da alzare il dito medio e urlare: Ma cosa ne sapete? IO VOGLIO CANTARE, \u2026 ma poi lascio perdere&#8230; se sono una forza anche solo per una persona, io ho vinto.\u00bb<\/p>\n<p><strong>\u00abC\u2019\u00e8 una canzone a cui sei particolarmente legata, che racconta una parte importante della tua vita?\u00bb<\/strong><\/p>\n<p>\u00abTutte le mie canzoni raccontano la mia vita, sono nate, cresciute e invecchiate con me\u2026 ovviamente\u00a0<em>Crederei<\/em>, oggi, per me \u00e8 la migliore.\u00bb<\/p>\n<p><strong><img loading=\"lazy\" class=\"size-medium wp-image-55623 alignleft\" src=\"https:\/\/www.radioempire.it\/wp-content\/uploads\/2025\/08\/gerardina-120-300x200.jpg\" alt=\"\" width=\"300\" height=\"200\" srcset=\"https:\/\/www.radioempire.it\/wp-content\/uploads\/2025\/08\/gerardina-120-300x200.jpg 300w, https:\/\/www.radioempire.it\/wp-content\/uploads\/2025\/08\/gerardina-120-768x512.jpg 768w, https:\/\/www.radioempire.it\/wp-content\/uploads\/2025\/08\/gerardina-120.jpg 800w\" sizes=\"(max-width: 300px) 100vw, 300px\" \/>\u00abQual \u00e8 il ricordo pi\u00f9 bello legato alla tua carriera musicale?\u00bb<\/strong><\/p>\n<p>\u00abI ricordi belli? Tanti\u2026 quelli brutti? Tanti\u2026 il successo \u00e8 la carriera, finito il successo finisce la carriera\u2026 \u00e8 un mondo selettivo, sempre pi\u00f9 veloce\u2026 ai miei tempi era molto bello, funzionava pi\u00f9 lentamente&#8230; c\u2019era, non tanta, ma un piccolo briciolo di umanit\u00e0\u2026 almeno credo\u2026 lasciamelo credere.\u00bb<\/p>\n<p><strong>\u00abCosa ti emoziona di pi\u00f9 quando sei sul palco?<\/strong><strong>\u00bb<\/strong><\/p>\n<p>\u00abSolo il pubblico\u00bb<\/p>\n<p><strong>\u00abHai mai ricevuto un gesto o un messaggio dai tuoi ascoltatori che ti ha colpita profondamente?\u00bb<\/strong><\/p>\n<p>\u00abMolti, mi hanno colpito nel profondo\u2026 molto personali\u2026 non mi sento di raccontare, perch\u00e9 fanno parte di persone che non stanno pi\u00f9 qui.\u00bb<\/p>\n<p><strong>\u00abQuali sono i tuoi progetti futuri e cosa ti ispira per il futuro?\u00bb<\/strong><\/p>\n<p>\u00abAndare avanti contro tutto e contro tutti\u2026 insieme a chi mi vuol bene.\u00bb<\/p>\n<p>Un sentito grazie a Gerardina Trovato per aver condiviso pensieri autentici e profondi. Un ringraziamento speciale anche a\u00a0<a href=\"https:\/\/www.radioempire.it\/\">Radio Empire<\/a>, che ha reso possibile questo incontro prezioso e che mi ha fornito le foto del loro concerto per i 40 anni della loro radio..<\/p>\n<p>Grazie per aver risposto con il cuore. A presto!<\/p>\n<p>&nbsp;<\/p>\n<p><strong> Dr.ssa Prof.ssa Tiziana Mazzaglia<\/strong><\/p>\n<p><strong>\u00a0 \u00a0 \u00a0 \u00a0 \u00a0 \u00a0Giornalista pubblicista<\/strong><\/p>\n","protected":false},"excerpt":{"rendered":"<p>di Tiziana Mazzaglia Intervista a Gerardina Trovato: la voce della Sicilia tra musica e rinascita. Il 9 agosto Gerardina Trovato ha celebrato i 40 anni di Radio Empire in Sicilia,<\/p>\n<div><a class=\"permalink\" href=\"https:\/\/www.radioempire.it\/index.php\/2025\/08\/19\/gerardina-trovato-ora-e-tempo-di-brillare\/\">Read More&#8230;<\/a><\/div>\n","protected":false},"author":2,"featured_media":55622,"comment_status":"closed","ping_status":"closed","sticky":false,"template":"","format":"standard","meta":[],"categories":[3,36],"tags":[],"_links":{"self":[{"href":"https:\/\/www.radioempire.it\/index.php\/wp-json\/wp\/v2\/posts\/55613"}],"collection":[{"href":"https:\/\/www.radioempire.it\/index.php\/wp-json\/wp\/v2\/posts"}],"about":[{"href":"https:\/\/www.radioempire.it\/index.php\/wp-json\/wp\/v2\/types\/post"}],"author":[{"embeddable":true,"href":"https:\/\/www.radioempire.it\/index.php\/wp-json\/wp\/v2\/users\/2"}],"replies":[{"embeddable":true,"href":"https:\/\/www.radioempire.it\/index.php\/wp-json\/wp\/v2\/comments?post=55613"}],"version-history":[{"count":4,"href":"https:\/\/www.radioempire.it\/index.php\/wp-json\/wp\/v2\/posts\/55613\/revisions"}],"predecessor-version":[{"id":55628,"href":"https:\/\/www.radioempire.it\/index.php\/wp-json\/wp\/v2\/posts\/55613\/revisions\/55628"}],"wp:featuredmedia":[{"embeddable":true,"href":"https:\/\/www.radioempire.it\/index.php\/wp-json\/wp\/v2\/media\/55622"}],"wp:attachment":[{"href":"https:\/\/www.radioempire.it\/index.php\/wp-json\/wp\/v2\/media?parent=55613"}],"wp:term":[{"taxonomy":"category","embeddable":true,"href":"https:\/\/www.radioempire.it\/index.php\/wp-json\/wp\/v2\/categories?post=55613"},{"taxonomy":"post_tag","embeddable":true,"href":"https:\/\/www.radioempire.it\/index.php\/wp-json\/wp\/v2\/tags?post=55613"}],"curies":[{"name":"wp","href":"https:\/\/api.w.org\/{rel}","templated":true}]}}