{"id":55632,"date":"2025-08-20T13:29:44","date_gmt":"2025-08-20T13:29:44","guid":{"rendered":"https:\/\/www.radioempire.it\/?p=55632"},"modified":"2025-08-20T13:39:27","modified_gmt":"2025-08-20T13:39:27","slug":"fedez-a-santa-teresa-di-riva-il-27-agosto-il-concerto-gratuito-piu-atteso-dellestate","status":"publish","type":"post","link":"https:\/\/www.radioempire.it\/index.php\/2025\/08\/20\/fedez-a-santa-teresa-di-riva-il-27-agosto-il-concerto-gratuito-piu-atteso-dellestate\/","title":{"rendered":"Fedez a Santa Teresa di Riva: il 27 agosto il concerto gratuito pi\u00f9 atteso dell\u2019estate"},"content":{"rendered":"<p>Santa Teresa di Riva si prepara ad accogliere uno degli eventi musicali pi\u00f9 attesi dell\u2019estate 2025. Mercoled\u00ec 27 agosto, il piazzale Antonio Stracuzzi ospiter\u00e0 il concerto gratuito di Fedez, inserito nel cartellone dei grandi appuntamenti estivi organizzati dall\u2019Amministrazione comunale.<\/p>\n<p>Per assistere allo show sar\u00e0 necessario effettuare la prenotazione online, con un contributo simbolico di 1,50 euro destinato a coprire parte delle spese organizzative e a regolare l\u2019accesso all\u2019area. Ogni utente potr\u00e0 riservare fino a cinque biglietti, disponibili fino a esaurimento. Non sono previsti posti a sedere n\u00e9 numerati: il pubblico potr\u00e0 vivere l\u2019energia del live in piedi, a pochi metri dal palco.<\/p>\n<p>Chi desidera ricevere il biglietto direttamente su WhatsApp potr\u00e0 farlo con un piccolo sovrapprezzo di 0,50 euro. Una scelta che punta a semplificare le procedure, favorire l\u2019ordine e garantire la sicurezza durante un evento che richiamer\u00e0 migliaia di persone.<\/p>\n<p>Con questo appuntamento, Santa Teresa si conferma ancora una volta polo di richiamo per la musica e lo spettacolo in riva allo Ionio, pronta a vivere una notte che promette emozioni e grande partecipazione.<\/p>\n","protected":false},"excerpt":{"rendered":"<p>Santa Teresa di Riva si prepara ad accogliere uno degli eventi musicali pi\u00f9 attesi dell\u2019estate 2025. Mercoled\u00ec 27 agosto, il piazzale Antonio Stracuzzi ospiter\u00e0 il concerto gratuito di Fedez, inserito<\/p>\n<div><a class=\"permalink\" href=\"https:\/\/www.radioempire.it\/index.php\/2025\/08\/20\/fedez-a-santa-teresa-di-riva-il-27-agosto-il-concerto-gratuito-piu-atteso-dellestate\/\">Read More&#8230;<\/a><\/div>\n","protected":false},"author":2,"featured_media":55639,"comment_status":"closed","ping_status":"closed","sticky":false,"template":"","format":"standard","meta":[],"categories":[36,78],"tags":[],"_links":{"self":[{"href":"https:\/\/www.radioempire.it\/index.php\/wp-json\/wp\/v2\/posts\/55632"}],"collection":[{"href":"https:\/\/www.radioempire.it\/index.php\/wp-json\/wp\/v2\/posts"}],"about":[{"href":"https:\/\/www.radioempire.it\/index.php\/wp-json\/wp\/v2\/types\/post"}],"author":[{"embeddable":true,"href":"https:\/\/www.radioempire.it\/index.php\/wp-json\/wp\/v2\/users\/2"}],"replies":[{"embeddable":true,"href":"https:\/\/www.radioempire.it\/index.php\/wp-json\/wp\/v2\/comments?post=55632"}],"version-history":[{"count":1,"href":"https:\/\/www.radioempire.it\/index.php\/wp-json\/wp\/v2\/posts\/55632\/revisions"}],"predecessor-version":[{"id":55634,"href":"https:\/\/www.radioempire.it\/index.php\/wp-json\/wp\/v2\/posts\/55632\/revisions\/55634"}],"wp:featuredmedia":[{"embeddable":true,"href":"https:\/\/www.radioempire.it\/index.php\/wp-json\/wp\/v2\/media\/55639"}],"wp:attachment":[{"href":"https:\/\/www.radioempire.it\/index.php\/wp-json\/wp\/v2\/media?parent=55632"}],"wp:term":[{"taxonomy":"category","embeddable":true,"href":"https:\/\/www.radioempire.it\/index.php\/wp-json\/wp\/v2\/categories?post=55632"},{"taxonomy":"post_tag","embeddable":true,"href":"https:\/\/www.radioempire.it\/index.php\/wp-json\/wp\/v2\/tags?post=55632"}],"curies":[{"name":"wp","href":"https:\/\/api.w.org\/{rel}","templated":true}]}}