{"id":55778,"date":"2025-09-11T07:20:39","date_gmt":"2025-09-11T07:20:39","guid":{"rendered":"https:\/\/www.radioempire.it\/?p=55778"},"modified":"2025-09-11T07:20:39","modified_gmt":"2025-09-11T07:20:39","slug":"festival-internazionale-del-libro-e-della-cultura-vii-edizione-re-si-ste-re","status":"publish","type":"post","link":"https:\/\/www.radioempire.it\/index.php\/2025\/09\/11\/festival-internazionale-del-libro-e-della-cultura-vii-edizione-re-si-ste-re\/","title":{"rendered":"Festival Internazionale del Libro e della Cultura-VII edizione &#8220;Re-Si-Ste-Re&#8221;"},"content":{"rendered":"<p>Torna settembre e come tradizione a Catania ritorna Etnabook &#8211; Festival Internazionale del Libro e della Cultura. Il tema scelto per la VII edizione, \u00e8 \u201cRe-Si-Ste-Re\u201d un termine che abbraccia le molteplici forme di resistenza, collettive, interiori, intellettuali, sociali, sottolineando l\u2019accezione in cui resistere significa anche condividere e costruire un pensiero, \u00e8 un messaggio di superamento delle sfide attraverso la lettura.<\/p>\n<p>Il programma \u00e8 fitto di appuntamenti con tante novit\u00e0 interessanti che saranno svelate durante la conferenza stampa di gioved\u00ec 11 settembre al Palazzo della Cultura di Catania nella Sala Sant\u2019Agata alle ore 10.00, dal direttore artistico e presidente della kermesse Cirino Cristaldi insieme al vice presidente Mirko Giacone, presenti anche il sindaco di Catania Enrico Trantino, il direttore Cultura e Rete Museale Paolo Di Caro, al presidente del comitato scientifico Massimo Fazio. La conferenza sar\u00e0 moderata dal giornalista Marco Pitrella.<\/p>\n<p>La formula del Festival rimane invariata, cinque giornate dal 21 al 25 settembre, ricche di presentazioni, laboratori, workshop, premiazioni speciali e incontri, un calendario di eventi che vede coinvolta l\u2019intera citt\u00e0 etnea e diversi Comuni dell\u2019hinterland.<br \/>\nAnche in questa settima edizione agli incontri ufficiali del programma si uniranno quelli delle nostre sezioni speciali, che offrono al pubblico di tutte l\u2019et\u00e0 una variegata e attenta scelta culturale:<br \/>\nEtnaKids, sezione rivolta interamente ai pi\u00f9 giovani a cui saranno dedicati laboratori, letture, firmacopie e molto altro. Gli incontri per i pi\u00f9 piccoli, curati da Claudia Santonocito si terranno al polo centrale del Palazzo della Cultura di Catania.<br \/>\nExp\u00f2 Pedara Corner nel Comune alle pendici dell\u2019Etna si terranno presentazioni ed eventi correlati al festival, curati da Mario Cunsolo e Simona Zagarella del circolo letterario Pennagramma.<\/p>\n<p>Etnabook \u00e8 soprattutto Premio Letterario \u201cCultura sotto il vulcano\u201d, le opere pervenute sono oltre un migliaio da tutta Italia ed Europa, a dimostrazione di come ancora la scrittura appassioni. Il lavoro delle tre giurie \u00e8 stato davvero arduo, a seguire i nomi dei finalisti delle tre sezioni: poesia, narrativa\/saggio e \u201cun libro in una pagina\u201d.<\/p>\n<p>A tutti gli autori partecipanti va il nostro ringraziamento e, in particolare, ai finalisti vanno le nostre pi\u00f9 sentite congratulazioni. Gli autori delle sezioni A (Poesia) e B (Narrativa\/Saggio) saranno poi premiati la sera del 21 settembre alle ore 20.30 presso il Palazzo della Cultura di Catania.<br \/>\nInvece, gli autori finalisti della sezione C (Un libro in una pagina) saranno invitati a presenziare come da regolamento alla Cerimonia di chiusura di Etnabook il 25 settembre dalle ore 17:00 presso l&#8217;Area eventi &#8211; Mondadori Bookstore del Centro Commerciale Katan\u00e8 di Gravina di Catania.<br \/>\nDurante gli stessi eventi verranno svelate al pubblico le rispettive menzioni speciali e le rispettive composizioni delle classifiche finali del premio letterario 2025.<\/p>\n<p>Etnabook &#8211; Festival Internazionale del Libro e della Cultura \u00e8 organizzato dall\u2019associazione culturale NO_NAME\u00a0presieduta da\u00a0Cirino Cristaldi,, il festival rientra nel cartellone degli eventi del Catania SummerFest ed \u00e8 patrocinato dall\u2019Universit\u00e0 degli studi di Catania, dai Comuni di Catania, Gravina di Catania, Pedara, Sant\u2019Agata Li Battiati e Patern\u00f2.<br \/>\nSi ringraziano i main partner, e il Centro Commerciale Katan\u00e8.<\/p>\n<p>Di seguito l\u2019elenco dei finalisti, sezione per sezione:<\/p>\n<p>FINALISTI SEZIONE A &#8211; POESIA (in ordine alfabetico):<br \/>\nCastelli di carta &#8211; Valeria Mazzeo; Creatura d\u2019ombra, dicevi &#8211; Aurora Du Bois; E ti vengo a pensare &#8211; Graziella Di Bella; Giuseppe Di Matteo &#8211; Enrico Del Gaudio; La bianca bambina &#8211; Domenica Caponiti; Leveraggi &#8211; Giulia D\u2019Anca; Sangue degli Dei &#8211; Stridente; Trincea &#8211; Giulia D\u2019Anca; T.S.O. &#8211; Giuseppe Caragliano; *Shaban, l\u2019ultimo sogno di Gaza &#8211; Enrico Del Gaudio.<\/p>\n<p>FINALISTI SEZIONE B &#8211; NARRATIVA\/SAGGIO (in ordine alfabetico):<br \/>\n2984\u2026 1000 anni dopo Orwell e Huxley! (Leonida Edizioni) &#8211; Francesco Monti; 2988 Colloqui con Dio (Leonida Edizioni) &#8211; Francesco Monti; Il sognatore di morte (Edizioni Open) &#8211; Giancarlo Iannizzotto; I miei giorni a Brancaccio con Padre Puglisi. Il racconto di Giuseppe Carini, testimone di giustizia (Edizioni Paoline) &#8211; Roberto Mistretta; La rosa Bettina (Ianieri Edizioni) &#8211; Maggie Van der Toorn; L\u2019ombra di Kafka (Arkadia Editore) &#8211; Andrea Alba; Raccoglievamo le more (Kal\u00f3s Edizioni) &#8211; Agata Motta; Senza spegnere la voce. Il potere sul corpo delle donne da Valentina Milluzzo a tutte noi (Nous Editrice) &#8211; Giorgia Landolfo; Tra qui e altrove (Fara Editore) &#8211; Francesco Randazzo; Vertex (SBS Edizioni) &#8211; Rosalba Mio.<\/p>\n<p>FINALISTI SEZIONE C &#8211; UN LIBRO IN UNA PAGINA (in ordine alfabetico):<br \/>\nCaccia all\u2019uomo &#8211; Leonardo Cobelli; Freddo &#8211; Raffaele Reppucci; Il campo di girasoli &#8211; Camillo Lanzafame; Il cretto &#8211; Roberto Mamone; La palude &#8211; Tommaso Sala; La tazza di Hamza &#8211; Grazia Caponnetto; L\u2019attesa \u00e8 finita &#8211; Carmela Berbiglia; L\u2019ombra del drago &#8211; Vincenzo Santagati; Radici &#8211; Davide Reinato; Vite che non hai ancora vissuto &#8211; Isabella Nobili.<br \/>\n\u00c8 possibile consultare tutti gli aggiornamenti dell\u2019evento sul sito\u00a0www.etnabook.it\u00a0e sui canali social Facebook e Instagram.<br \/>\nL\u2019ingresso a tutti gli eventi di Etnabook \u00e8\u00a0GRATUITO.<\/p>\n","protected":false},"excerpt":{"rendered":"<p>Torna settembre e come tradizione a Catania ritorna Etnabook &#8211; Festival Internazionale del Libro e della Cultura. Il tema scelto per la VII edizione, \u00e8 \u201cRe-Si-Ste-Re\u201d un termine che abbraccia<\/p>\n<div><a class=\"permalink\" href=\"https:\/\/www.radioempire.it\/index.php\/2025\/09\/11\/festival-internazionale-del-libro-e-della-cultura-vii-edizione-re-si-ste-re\/\">Read More&#8230;<\/a><\/div>\n","protected":false},"author":2,"featured_media":55779,"comment_status":"closed","ping_status":"closed","sticky":false,"template":"","format":"standard","meta":[],"categories":[36,78],"tags":[],"_links":{"self":[{"href":"https:\/\/www.radioempire.it\/index.php\/wp-json\/wp\/v2\/posts\/55778"}],"collection":[{"href":"https:\/\/www.radioempire.it\/index.php\/wp-json\/wp\/v2\/posts"}],"about":[{"href":"https:\/\/www.radioempire.it\/index.php\/wp-json\/wp\/v2\/types\/post"}],"author":[{"embeddable":true,"href":"https:\/\/www.radioempire.it\/index.php\/wp-json\/wp\/v2\/users\/2"}],"replies":[{"embeddable":true,"href":"https:\/\/www.radioempire.it\/index.php\/wp-json\/wp\/v2\/comments?post=55778"}],"version-history":[{"count":1,"href":"https:\/\/www.radioempire.it\/index.php\/wp-json\/wp\/v2\/posts\/55778\/revisions"}],"predecessor-version":[{"id":55780,"href":"https:\/\/www.radioempire.it\/index.php\/wp-json\/wp\/v2\/posts\/55778\/revisions\/55780"}],"wp:featuredmedia":[{"embeddable":true,"href":"https:\/\/www.radioempire.it\/index.php\/wp-json\/wp\/v2\/media\/55779"}],"wp:attachment":[{"href":"https:\/\/www.radioempire.it\/index.php\/wp-json\/wp\/v2\/media?parent=55778"}],"wp:term":[{"taxonomy":"category","embeddable":true,"href":"https:\/\/www.radioempire.it\/index.php\/wp-json\/wp\/v2\/categories?post=55778"},{"taxonomy":"post_tag","embeddable":true,"href":"https:\/\/www.radioempire.it\/index.php\/wp-json\/wp\/v2\/tags?post=55778"}],"curies":[{"name":"wp","href":"https:\/\/api.w.org\/{rel}","templated":true}]}}