{"id":56131,"date":"2025-10-17T21:57:37","date_gmt":"2025-10-17T21:57:37","guid":{"rendered":"https:\/\/www.radioempire.it\/?p=56131"},"modified":"2025-10-17T21:57:37","modified_gmt":"2025-10-17T21:57:37","slug":"parte-la-nuova-edizione-del-cineforum-da-ottobre-25-a-marzo-26-proposti-15-film-e-6-corti","status":"publish","type":"post","link":"https:\/\/www.radioempire.it\/index.php\/2025\/10\/17\/parte-la-nuova-edizione-del-cineforum-da-ottobre-25-a-marzo-26-proposti-15-film-e-6-corti\/","title":{"rendered":"Parte la nuova edizione del cineforum da ottobre \u201825 a marzo \u201926: proposti 15 film e 6 corti."},"content":{"rendered":"<p><strong>Al\u00ec Terme.<\/strong> Prender\u00e0 il via mercoled\u00ec 22 ottobre il tradizionale Cineforum, edizione 2025-26, targato Cinit-Cineforum Italiano al Cinema Vittoria di Al\u00ec Terme, saranno proposti film di qualit\u00e0 che hanno avuto il loro esordio nei pi\u00f9 importanti festival internazionali: 14 titoli sono gi\u00e0 stati selezionati dagli organizzatori mentre gli ultimi due saranno scelti dai soci e dagli studenti abbonati dell\u2019I.I.S. \u201cCaminiti-Trimarchi\u201d di S. Teresa di Riva e I.S.S. \u201cS. Pugliatti\u201d di Taormina con le varie sedi associate esistenti nella riviera ionica.<\/p>\n<p>Due le giornate di proiezioni, il mercoled\u00ec (ore 15, 18, 21) e il gioved\u00ec (ore 15 e 17.30);\u00a0 il film\u00a0 delle ore 15 sar\u00e0 proiettato in lingua originale, apertura con \u201cNapoli \u2013 New York\u201d di Gabriele Salvatores con Pierfrancesco Favino, Antonio Catania e Anna Ammirati.<\/p>\n<p>La novit\u00e0 di quest\u2019anno \u00e8 l\u2019inserimento di \u201cCorteggiando i Corti\u201d kermesse di cortometraggi, giunto alla 5.a edizione e organizzata dalle due associazioni nazionali di cultura cinematografica,\u00a0<strong>Cinit \u2013 Cineforum Italiano<\/strong>\u00a0e\u00a0<strong>C.S.C. \u2013 Centro Studi Cinematografici<\/strong>, alla presenza di autori ed esperti del settore.<\/p>\n<p>Gli studenti che seguiranno il cineforum, oltre ad acquisire il credito formativo, avranno la possibilit\u00e0 di partecipare attivamente a festival nazionali come quello di Taormina, di Riccione e Venezia formando apposite giurie e recensendo le opere presentate.<\/p>\n<p>Patrocinano la manifestazione l\u2019ANEC-Sicilia, il Comune di Al\u00ec Terme,\u00a0 i cinecircoli \u201cNuova Presenza\u201d di S.Teresa di Riva e il \u201cS. Quasimodo\u201d di Giardini-Naxos.<\/p>\n<p><strong> L\u2019addetto stampa: GMC\u00a0<\/strong><\/p>\n","protected":false},"excerpt":{"rendered":"<p>Al\u00ec Terme. Prender\u00e0 il via mercoled\u00ec 22 ottobre il tradizionale Cineforum, edizione 2025-26, targato Cinit-Cineforum Italiano al Cinema Vittoria di Al\u00ec Terme, saranno proposti film di qualit\u00e0 che hanno avuto<\/p>\n<div><a class=\"permalink\" href=\"https:\/\/www.radioempire.it\/index.php\/2025\/10\/17\/parte-la-nuova-edizione-del-cineforum-da-ottobre-25-a-marzo-26-proposti-15-film-e-6-corti\/\">Read More&#8230;<\/a><\/div>\n","protected":false},"author":2,"featured_media":56134,"comment_status":"closed","ping_status":"closed","sticky":false,"template":"","format":"standard","meta":[],"categories":[36,78,1],"tags":[],"_links":{"self":[{"href":"https:\/\/www.radioempire.it\/index.php\/wp-json\/wp\/v2\/posts\/56131"}],"collection":[{"href":"https:\/\/www.radioempire.it\/index.php\/wp-json\/wp\/v2\/posts"}],"about":[{"href":"https:\/\/www.radioempire.it\/index.php\/wp-json\/wp\/v2\/types\/post"}],"author":[{"embeddable":true,"href":"https:\/\/www.radioempire.it\/index.php\/wp-json\/wp\/v2\/users\/2"}],"replies":[{"embeddable":true,"href":"https:\/\/www.radioempire.it\/index.php\/wp-json\/wp\/v2\/comments?post=56131"}],"version-history":[{"count":1,"href":"https:\/\/www.radioempire.it\/index.php\/wp-json\/wp\/v2\/posts\/56131\/revisions"}],"predecessor-version":[{"id":56135,"href":"https:\/\/www.radioempire.it\/index.php\/wp-json\/wp\/v2\/posts\/56131\/revisions\/56135"}],"wp:featuredmedia":[{"embeddable":true,"href":"https:\/\/www.radioempire.it\/index.php\/wp-json\/wp\/v2\/media\/56134"}],"wp:attachment":[{"href":"https:\/\/www.radioempire.it\/index.php\/wp-json\/wp\/v2\/media?parent=56131"}],"wp:term":[{"taxonomy":"category","embeddable":true,"href":"https:\/\/www.radioempire.it\/index.php\/wp-json\/wp\/v2\/categories?post=56131"},{"taxonomy":"post_tag","embeddable":true,"href":"https:\/\/www.radioempire.it\/index.php\/wp-json\/wp\/v2\/tags?post=56131"}],"curies":[{"name":"wp","href":"https:\/\/api.w.org\/{rel}","templated":true}]}}