{"id":56162,"date":"2025-10-19T23:06:35","date_gmt":"2025-10-19T23:06:35","guid":{"rendered":"https:\/\/www.radioempire.it\/?p=56162"},"modified":"2025-10-19T23:06:35","modified_gmt":"2025-10-19T23:06:35","slug":"nucita-floris-10-e-lode-al-rally-taormina","status":"publish","type":"post","link":"https:\/\/www.radioempire.it\/index.php\/2025\/10\/19\/nucita-floris-10-e-lode-al-rally-taormina\/","title":{"rendered":"Nucita\u2013Floris, 10 e lode al Rally Taormina"},"content":{"rendered":"<p><em><strong>Il pilota di Santa Teresa concede il bis, insieme al navigatore toscano, vincendo otto delle nove prove speciali nel tripudio di appassionati e turisti. In una cornice da favola trovano risalto anche La Torre\u2013Siragusano e Pollara\u2013Princiotto per un podio tutto Skoda. Termine\u2013Musso in testa su Porsche tra le storiche.<\/strong><\/em><\/p>\n<p><strong>Taormina (ME), 19 ottobre<\/strong> \u2013 Una vittoria limpida, autoritaria e dal forte valore simbolico. <strong>Andrea Nucita<\/strong>, gi\u00e0 vincitore della scorsa edizione, ha concesso il bis al <em>Rally Taormina 2025<\/em>, questa volta affiancato dal navigatore elbano <strong>Alessandro Floris<\/strong>, dominando in otto prove speciali e firmando una prestazione perfetta nella gara di casa.<\/p>\n<p>A bordo della <strong>Skoda Fabia Rally2<\/strong>, preparata dal <strong>Team Lion<\/strong> con le insegne della <strong>Scuderia Phoenix<\/strong>, il portacolori messinese ha mantenuto il comando sin dal primo tratto cronometrato, incrementando prova dopo prova un vantaggio costruito sulla precisione di guida, la perfetta conoscenza delle strade e l\u2019esperienza maturata ai vertici delle serie nazionali.<br \/>\nUn successo netto, suggellato da un\u2019autentica <strong>festa di pubblico<\/strong>, con migliaia di appassionati e turisti che hanno affollato i punti pi\u00f9 spettacolari del percorso, dalle alture dell\u2019entroterra, della riviera ionica fino alla piazza dell\u2019iconica cittadina famosa nel mondo.<\/p>\n<p>Ad ogni fase dell\u2019evento, la partecipazione del territorio \u00e8 stata suggellata dalla presenza degli esponenti delle Amministrazioni locali.<br \/>\nUn plauso particolare va alla <strong>New Turbomark<\/strong>, che ha garantito una <strong>perfetta organizzazione<\/strong> sotto ogni aspetto logistico e sportivo, curando con professionalit\u00e0 e passione ogni dettaglio della manifestazione.<br \/>\nDeterminante anche il lavoro dello <strong>staff di direzione<\/strong>, degli <strong>ufficiali di gara<\/strong>, dei <strong>commissari sportivi e tecnici<\/strong> e di tutto il personale impegnato sul campo, che con la loro presenza capillare hanno assicurato sicurezza, rispetto del regolamento e fluidit\u00e0 di gara, contribuendo al pieno successo dell\u2019evento.<\/p>\n<p>\u00abE\u2019 stato bello, correre e vincere qui \u00e8 sempre un\u2019emozione unica \u2013 ha dichiarato <strong>Andrea Nucita<\/strong> sul palco d\u2019arrivo di <em>Piazza Vittorio Emanuele II<\/em> \u2013. L\u2019organizzazione, la sicurezza, l\u2019entusiasmo della gente: tutto ha reso questo weekend perfetto. Ringrazio <strong>Alessandro<\/strong>, la squadra e tutti i nostri sostenitori per averci accompagnato in questa splendida avventura\u00bb.<\/p>\n<p><img loading=\"lazy\" class=\"size-medium wp-image-56164 alignleft\" src=\"https:\/\/www.radioempire.it\/wp-content\/uploads\/2025\/10\/La-Torre-Day2-300x200.jpg\" alt=\"\" width=\"300\" height=\"200\" srcset=\"https:\/\/www.radioempire.it\/wp-content\/uploads\/2025\/10\/La-Torre-Day2-300x200.jpg 300w, https:\/\/www.radioempire.it\/wp-content\/uploads\/2025\/10\/La-Torre-Day2-1024x682.jpg 1024w, https:\/\/www.radioempire.it\/wp-content\/uploads\/2025\/10\/La-Torre-Day2-768x512.jpg 768w, https:\/\/www.radioempire.it\/wp-content\/uploads\/2025\/10\/La-Torre-Day2-1536x1023.jpg 1536w, https:\/\/www.radioempire.it\/wp-content\/uploads\/2025\/10\/La-Torre-Day2.jpg 1600w\" sizes=\"(max-width: 300px) 100vw, 300px\" \/>Grande gara \u201cin casa\u201d, coronata dallo scratch nella quinta prova, per i giovani <strong>Emanuele La Torre e Rosario Siragusano<\/strong>, anche loro portacolori della <strong>Scuderia Phoenix<\/strong>, che hanno conquistato la <strong>seconda posizione assoluta<\/strong> da protagonisti con la loro <strong>Skoda Fabia Rally 2<\/strong> assistita da <strong>Erreffe Motorsport<\/strong>, gestendo con maturit\u00e0 ogni fase del rally e confermandosi tra i talenti pi\u00f9 promettenti del panorama regionale.<em>Quando \u00e8 cominciata questa magnifica gara<\/em> \u2013 ha detto <strong>La Torre<\/strong> &#8211; <em>mi sono scese le lacrime, oggi sono felice per questo risultato.<\/em><\/p>\n<p><strong>Terza piazza per Marco Pollara e Giuseppe Princiotto<\/strong>, equipaggio palermitano\u2013nebroideo schierato dalla <strong>CST Sport<\/strong>, che hanno centrato un risultato importante <strong>al debutto del pilota sulle strade taorminesi<\/strong>, raggiungendo pienamente l\u2019obiettivo di portare a casa punti pesanti e sensazioni positive in vista della <strong>Finale Nazionale CRZ di Messina<\/strong>. Pollara, detentore della Coppa Italia ACI Sport, ha confermato solidit\u00e0, all\u2019arrivo ha dichiarato:-<em>\u201cAbbiamo dato il 100% e che dire stavolta \u00e8 andata cosi\u2019 complimenti a chi ci ha preceduto\u201d.<\/em><br \/>\nAlle spalle dei primi tre, hanno completato la <strong>top five tutta Skoda<\/strong> i due equipaggi messinesi della scuderia organizzatrice <strong>New Turbomark<\/strong>, composti da <strong>Diego Novelli \u2013 Andrea Anastasi<\/strong> e <strong>Marcello Rizzo \u2013 Antonio Pittella<\/strong>.<br \/>\nNovelli si \u00e8 detto soddisfatto della sua gara, considerato il lungo stop di quasi un anno dopo il secondo posto della passata edizione. Rizzo, dopo una leggera toccata nella terza prova speciale, ha preferito proseguire con un passo prudente, in ottica di preparazione alla finale di novembre.<\/p>\n<p><img loading=\"lazy\" class=\"size-medium wp-image-56165 alignleft\" src=\"https:\/\/www.radioempire.it\/wp-content\/uploads\/2025\/10\/Alessio-Pollara-300x200.jpeg\" alt=\"\" width=\"300\" height=\"200\" srcset=\"https:\/\/www.radioempire.it\/wp-content\/uploads\/2025\/10\/Alessio-Pollara-300x200.jpeg 300w, https:\/\/www.radioempire.it\/wp-content\/uploads\/2025\/10\/Alessio-Pollara-1024x682.jpeg 1024w, https:\/\/www.radioempire.it\/wp-content\/uploads\/2025\/10\/Alessio-Pollara-768x512.jpeg 768w, https:\/\/www.radioempire.it\/wp-content\/uploads\/2025\/10\/Alessio-Pollara-1536x1023.jpeg 1536w, https:\/\/www.radioempire.it\/wp-content\/uploads\/2025\/10\/Alessio-Pollara.jpeg 1600w\" sizes=\"(max-width: 300px) 100vw, 300px\" \/>Tra le <strong>due ruote motrici<\/strong>, la sfida \u00e8 stata come sempre accesa e spettacolare. Nella categoria <strong>Rally4<\/strong>, riservata alle <strong>Peugeot 208 Turbo<\/strong>, successo per il palermitano <strong>Alessio Pollara<\/strong> con <strong>Sergio Raccuja<\/strong> alle note, per i colori della <strong>CST Sport<\/strong>, gi\u00e0 qualificato per la <strong>Finale Nazionale CRZ<\/strong> come miglior equipaggio <em>Under 25<\/em>, hanno raggiunto anche il primato di categoria.<br \/>\nSecondo posto per i conterranei <strong>Rosario Cannino e Giuseppe Buscemi<\/strong>, protagonisti di una prova di spessore che li ha visti battagliare fino all\u2019ultimo chilometro ma <strong>mancare per un soffio l\u2019accesso diretto alla Finale di Messina<\/strong>, traguardo che avrebbero pienamente meritato. Nell\u2019ultima prova speciale hanno infatti perso circa <strong>35 secondi<\/strong> \u00a0che \u00e8 costato il successo di categoria.<\/p>\n<p>Tra le <strong>R2B<\/strong>, riservate alle versioni <strong>aspirate<\/strong> delle piccole francesi, applausi per gli agrigentini <strong>Jerry Mingoia e Calogero Calderone<\/strong>, autori di una prestazione perfetta che vale <strong>il nono posto assoluto<\/strong> e il <strong>primato<\/strong>, con conseguente qualificazione alla Finale Nazionale. <strong>I loro antagonisti diretti, Andrea Mogavero e Antonio Tumeo<\/strong>, dopo un avvio complicato per via di vari imprevisti, con <strong>30 secondi di penalit\u00e0<\/strong> al controllo orario, hanno recuperato fino ad afferrare la <strong>top ten<\/strong>.<\/p>\n<p>Ottima rimonta fino all\u2019<strong>ottavo posto assoluto<\/strong>, con pieno bottino di punti CRZ, per il giovane equipaggio <strong>CST Sport<\/strong> composto dai figli d\u2019arte <strong>Ernesto Riolo e Giulia Marin<\/strong>, che dopo aver prontamente risolto un problema elettrico nelle prime battute di gara, hanno chiuso in netta progressione con la Renault Clio Rally 3.<br \/>\nImmancabile presenza \u201cin rosa\u201d nella gara di casa per <strong>Jessica Miuccio<\/strong>, navigata da <strong>Alessia Mazza<\/strong>, al debutto sulla <strong>Peugeot 208 VTI<\/strong>, in una classe R2B particolarmente affollata.<br \/>\nI padroni di casa <strong>Roberto Mignani e Gianluca De Cl\u00f2<\/strong>, dopo un fitto duello tra <strong>Peugeot 106<\/strong> con i fratelli <strong>Samuele e Mattia Cannarella<\/strong> (costretti allo stop a met\u00e0 gara), hanno completato la loro cavalcata vincente in <strong>classe N2<\/strong>.<br \/>\nIl <strong>primato di classe N3<\/strong> \u00e8 rimasto in riva allo Ionio con <strong>Giovanni Micali e Erica Trimarchi<\/strong> su <strong>Renault Clio<\/strong>, mentre in <strong>A6<\/strong> hanno primeggiato i fratelli locali <strong>Nicola e Davide Sottile<\/strong> su <strong>Peugeot 106<\/strong>.<br \/>\nSuccesso infine in <strong>A5<\/strong> per i santateresini <strong>Tommaso Motta e Salvatore Muscolino<\/strong>.<\/p>\n<p><img loading=\"lazy\" class=\"size-medium wp-image-56166 alignleft\" src=\"https:\/\/www.radioempire.it\/wp-content\/uploads\/2025\/10\/Tremine--300x200.jpeg\" alt=\"\" width=\"300\" height=\"200\" srcset=\"https:\/\/www.radioempire.it\/wp-content\/uploads\/2025\/10\/Tremine--300x200.jpeg 300w, https:\/\/www.radioempire.it\/wp-content\/uploads\/2025\/10\/Tremine--1024x683.jpeg 1024w, https:\/\/www.radioempire.it\/wp-content\/uploads\/2025\/10\/Tremine--768x512.jpeg 768w, https:\/\/www.radioempire.it\/wp-content\/uploads\/2025\/10\/Tremine--1536x1024.jpeg 1536w, https:\/\/www.radioempire.it\/wp-content\/uploads\/2025\/10\/Tremine-.jpeg 1600w\" sizes=\"(max-width: 300px) 100vw, 300px\" \/>Tra le <strong>vetture storiche<\/strong>, a due prove dal termine, la graduatoria dei raggruppamenti vede al comando del <strong>2\u00b0 Raggruppamento<\/strong> <strong>Giuseppe Termine e Onofrio Musso<\/strong> su <strong>Porsche 911<\/strong>, autori del miglior tempo generale.<br \/>\nNel <strong>3\u00b0 Raggruppamento<\/strong> primeggia <strong>Antonio Di Lorenzo<\/strong> con <strong>Francesco Cardella<\/strong>, anche loro su Porsche, mentre nel <strong>4\u00b0 Raggruppamento<\/strong> la leadership \u00e8 di <strong>Mario Avara e Giancarlo Cilia<\/strong> su <strong>Opel Kadett GSi<\/strong>.<br \/>\nTra le auto del <strong>1\u00b0 Raggruppamento<\/strong>, primato di <strong>Pippo Savoca e Giuseppe Amato<\/strong> su <strong>BMW 2002<\/strong>.<\/p>\n<p><strong>Classifica Finale Rally di Taormina 2025<\/strong><\/p>\n<p>1 NUCITA-FLORIS (Skoda Fabia) in 44&#8217;04.3; 2. LA TORRE-SIRAGUSANO (Skoda Fabia) a 25.6; 3. POLLARA-PRINCIOTTO (Skoda Fabia) a 30,7; 4. NOVELLI-ANASTASI (Skoda Fabia) a 1&#8217;00.8; 5. RIZZO-PITTELLA (Skoda Fabia) a 1&#8217;39.6; 6. POLLARA-RACCUIA (Peugeot 208 GT Line) a 3&#8217;44.8; 7. CANNINO-BUSCEMI (Peugeot 208 GT Line) a 4&#8217;19.7; 8. RIOLO-MARIN (Renault Clio Sport) a 4&#8217;59.3; 9. MINGOIA-CALDERONE (Peugeot 208 VTI) a 5&#8217;07.6; 10. MOGAVERO-TUMEO (Peugeot 208 VTI) a 5&#8217;21.6.<\/p>\n","protected":false},"excerpt":{"rendered":"<p>Il pilota di Santa Teresa concede il bis, insieme al navigatore toscano, vincendo otto delle nove prove speciali nel tripudio di appassionati e turisti. In una cornice da favola trovano<\/p>\n<div><a class=\"permalink\" href=\"https:\/\/www.radioempire.it\/index.php\/2025\/10\/19\/nucita-floris-10-e-lode-al-rally-taormina\/\">Read More&#8230;<\/a><\/div>\n","protected":false},"author":2,"featured_media":56163,"comment_status":"closed","ping_status":"closed","sticky":false,"template":"","format":"standard","meta":[],"categories":[3,36],"tags":[],"_links":{"self":[{"href":"https:\/\/www.radioempire.it\/index.php\/wp-json\/wp\/v2\/posts\/56162"}],"collection":[{"href":"https:\/\/www.radioempire.it\/index.php\/wp-json\/wp\/v2\/posts"}],"about":[{"href":"https:\/\/www.radioempire.it\/index.php\/wp-json\/wp\/v2\/types\/post"}],"author":[{"embeddable":true,"href":"https:\/\/www.radioempire.it\/index.php\/wp-json\/wp\/v2\/users\/2"}],"replies":[{"embeddable":true,"href":"https:\/\/www.radioempire.it\/index.php\/wp-json\/wp\/v2\/comments?post=56162"}],"version-history":[{"count":1,"href":"https:\/\/www.radioempire.it\/index.php\/wp-json\/wp\/v2\/posts\/56162\/revisions"}],"predecessor-version":[{"id":56167,"href":"https:\/\/www.radioempire.it\/index.php\/wp-json\/wp\/v2\/posts\/56162\/revisions\/56167"}],"wp:featuredmedia":[{"embeddable":true,"href":"https:\/\/www.radioempire.it\/index.php\/wp-json\/wp\/v2\/media\/56163"}],"wp:attachment":[{"href":"https:\/\/www.radioempire.it\/index.php\/wp-json\/wp\/v2\/media?parent=56162"}],"wp:term":[{"taxonomy":"category","embeddable":true,"href":"https:\/\/www.radioempire.it\/index.php\/wp-json\/wp\/v2\/categories?post=56162"},{"taxonomy":"post_tag","embeddable":true,"href":"https:\/\/www.radioempire.it\/index.php\/wp-json\/wp\/v2\/tags?post=56162"}],"curies":[{"name":"wp","href":"https:\/\/api.w.org\/{rel}","templated":true}]}}