{"id":56234,"date":"2025-10-29T11:01:46","date_gmt":"2025-10-29T11:01:46","guid":{"rendered":"https:\/\/www.radioempire.it\/?p=56234"},"modified":"2025-10-29T11:01:46","modified_gmt":"2025-10-29T11:01:46","slug":"zattere-nel-mare-il-nuovo-progetto-di-santi-scarcella-debutta-in-prima-nazionale-il-23-dicembre-al-teatro-vittorio-emanuele-di-messina","status":"publish","type":"post","link":"https:\/\/www.radioempire.it\/index.php\/2025\/10\/29\/zattere-nel-mare-il-nuovo-progetto-di-santi-scarcella-debutta-in-prima-nazionale-il-23-dicembre-al-teatro-vittorio-emanuele-di-messina\/","title":{"rendered":"\u201cZattere nel mare\u201d, il nuovo progetto di Santi Scarcella, debutta in prima nazionale il 23 dicembre al Teatro Vittorio Emanuele di Messina"},"content":{"rendered":"<p>Un pianoforte recuperato in mare dai mezzi della Guardia Costiera Italiana, un disco e un professore che salva con la musica: cos\u00ec nasce Zattere nel Mare, il nuovo progetto scritto e composto da Santi Scarcella \u2013 pianista, cantautore e docente \u2013 che debutter\u00e0 in prima nazionale il 23 dicembre 2025 al Teatro Vittorio Emanuele di Messina.<br \/>\nLo spettacolo, unico nel suo genere, vedr\u00e0 per la prima volta la fusione tra l\u2019Orchestra del Teatro Vittorio Emanuele \u2013 diretta dal M\u00b0 Alberto Maniaci \u2013 e la storica band di Scarcella, dando vita a un linguaggio musicale originale, capace di intrecciare sinfonia, jazz e canzone d\u2019autore in una sola voce.<br \/>\nSul palco, con Scarcella alla voce, al pianoforte e ai synth, Nicola Costa alle chitarre, Francesco Luzzio al basso, Puccio Panettieri alla batteria, e l\u2019Orchestra del Teatro Vittorio Emanuele.<br \/>\nTra gli ospiti speciali, il coro di voci bianche dell\u2019I.C. di Tortorici, Gemino Cal\u00e0 \u2013 formidabile polistrumentista al friscalettu, marranzano e zampogna, con cui Scarcella ha condiviso numerosi progetti siciliani \u2013 e altri nomi che verranno svelati passo dopo passo.<br \/>\nDopo la prima, la tourn\u00e9e proseguir\u00e0 nei principali teatri italiani, con tappa gi\u00e0 confermata al Teatro Trianon di Napoli il 18 aprile 2026, per poi toccare Roma e Milano.<br \/>\nScarcella ha condiviso il palco con importanti artisti della scena italiana e internazionale, portando nei teatri uno stile che fonde il jazz mediterraneo con la canzone d\u2019autore.<br \/>\nInsegna Pianoforte Pop\/Rock al Conservatorio \u201cG. Donizetti\u201d di Bergamo e Musica all\u2019Istituto Comprensivo \u201cVia dei Sesami\u201d di Roma, trasformando la propria esperienza tra scuola e palcoscenico in un percorso artistico, educativo e spirituale.<\/p>\n<p>\u00abOgni canzone \u2013 racconta Scarcella \u2013 \u00e8 una zattera che getto in mare. Dentro ci siamo noi, i nostri alunni, i nostri sogni, le nostre paure e la nostra stessa storia. A volte si galleggia, a volte si affonda, ma \u00e8 solo remando insieme che possiamo ritrovare la riva\u00bb.<\/p>\n<p>IL PRIMO VIDEOCLIP: IL PIANOFORTE SALVATO DAI MARI D\u2019ITALIA<br \/>\nPer il videoclip del brano Zattere nel Mare, la Guardia Costiera Italiana ha messo a disposizione mezzi navali e aerei, permettendo di realizzare un video simbolico e di grande impatto visivo: il recupero in mare di un pianoforte con la scritta \u201cSalvami\u201d, metafora della cultura, della natura e dell\u2019anima umana che chiedono di non essere dimenticate.<br \/>\nLe immagini originali, girate tra Messina e lo Stretto, portano la firma del regista Giacomo Citro, gi\u00e0 collaboratore di Diodato e di numerosi artisti della scena nazionale.<\/p>\n<p>AD ASSISI IL NUOVO VIDEOCLIP \u201cCABBASISI\u201d \u2014 TRA FRANCESCANESIMO E LINGUA POPOLARE<br \/>\nIl secondo videoclip, girato ad Assisi, \u00e8 dedicato ai temi francescani della povert\u00e0 e della fratellanza, ma con un linguaggio sorprendente: il brano si intitola Cabbasisi e utilizza volutamente l\u2019espressione popolare \u00abCi avete rotto i cabbasisi\u00bb, resa celebre da Andrea Camilleri.<br \/>\n\u00c8 un modo diretto e teatrale di esprimere stanchezza verso la superficialit\u00e0 e l\u2019indifferenza, ma anche un atto d\u2019amore verso la lingua italiana e le sue radici.<br \/>\n\u00abRecuperare il siciliano significa restituire dignit\u00e0 alla parola, alla lingua viva del popolo \u2013 spiega Scarcella \u2013 quella stessa che Dante riconobbe come la base del volgare italiano, nei sonetti messinesi del XIII secolo che diedero origine alla Scuola Poetica Siciliana. Non \u00e8 volgarit\u00e0: \u00e8 verit\u00e0, \u00e8 cultura che torna a essere carne e spirito\u00bb.<br \/>\nLA SCUOLA E I RAGAZZI DI CENTOCELLE<br \/>\nNel brano Zattere nel Mare cantano anche i ragazzi dell\u2019Istituto Comprensivo \u201cVia dei Sesami\u201d di Centocelle (Roma), dove Scarcella insegna Musica.<br \/>\nUna partecipazione speciale che lega il progetto al mondo della scuola e alla sua missione educativa.<br \/>\nLo stesso quartiere, Centocelle, custodisce una curiosa coincidenza: la scuola sorge a pochi metri dalla casa d\u2019infanzia di Claudio Baglioni, in via De Noci, accanto alla chiesa dei Francescani.<br \/>\n\u00abQuando ho scoperto che la mia scuola era in quella stessa zona dove Baglioni \u00e8 cresciuto \u2013 racconta Scarcella \u2013 ho sentito un segno: come se la musica avesse fatto un giro completo, tornando alle origini per ripartire da nuovi ragazzi\u00bb.<\/p>\n<p>UN PROFESSORE CHE HA LASCIATO IL SEGNO<br \/>\nZattere nel Mare \u00e8 anche la storia di un professore che ha cresciuto generazioni di studenti, tra cui Niccol\u00f2 Moriconi (Ultimo), che ha pi\u00f9 volte ricordato pubblicamente Scarcella \u2013 a Radio Deejay e in un\u2019intervista al Corriere della Sera firmata da Aldo Cazzullo (28 maggio 2023) \u2013 per la passione e l\u2019umanit\u00e0 trasmesse in aula.<\/p>\n<p>COLLABORAZIONI ARTISTICHE<br \/>\nNel corso della sua carriera, Santi Scarcella ha collaborato con artisti come Joe Lovano, Steve Reich, Scott Reeves, Stefano Di Battista, Israel Varela, Giovanni Baglioni, Andrea Mingardi, Nino Frassica e Marisa Laurito, accompagnando inoltre Fiorello e Renzo Arbore.<\/p>\n<p>BIGLIETTI GI\u00c0 IN VENDITA<br \/>\nI biglietti per la prima nazionale del 23 dicembre 2025 a Messina sono gi\u00e0 disponibili online su Vivaticket.<\/p>\n","protected":false},"excerpt":{"rendered":"<p>Un pianoforte recuperato in mare dai mezzi della Guardia Costiera Italiana, un disco e un professore che salva con la musica: cos\u00ec nasce Zattere nel Mare, il nuovo progetto scritto<\/p>\n<div><a class=\"permalink\" href=\"https:\/\/www.radioempire.it\/index.php\/2025\/10\/29\/zattere-nel-mare-il-nuovo-progetto-di-santi-scarcella-debutta-in-prima-nazionale-il-23-dicembre-al-teatro-vittorio-emanuele-di-messina\/\">Read More&#8230;<\/a><\/div>\n","protected":false},"author":2,"featured_media":56235,"comment_status":"closed","ping_status":"closed","sticky":false,"template":"","format":"standard","meta":[],"categories":[3,36],"tags":[],"_links":{"self":[{"href":"https:\/\/www.radioempire.it\/index.php\/wp-json\/wp\/v2\/posts\/56234"}],"collection":[{"href":"https:\/\/www.radioempire.it\/index.php\/wp-json\/wp\/v2\/posts"}],"about":[{"href":"https:\/\/www.radioempire.it\/index.php\/wp-json\/wp\/v2\/types\/post"}],"author":[{"embeddable":true,"href":"https:\/\/www.radioempire.it\/index.php\/wp-json\/wp\/v2\/users\/2"}],"replies":[{"embeddable":true,"href":"https:\/\/www.radioempire.it\/index.php\/wp-json\/wp\/v2\/comments?post=56234"}],"version-history":[{"count":1,"href":"https:\/\/www.radioempire.it\/index.php\/wp-json\/wp\/v2\/posts\/56234\/revisions"}],"predecessor-version":[{"id":56236,"href":"https:\/\/www.radioempire.it\/index.php\/wp-json\/wp\/v2\/posts\/56234\/revisions\/56236"}],"wp:featuredmedia":[{"embeddable":true,"href":"https:\/\/www.radioempire.it\/index.php\/wp-json\/wp\/v2\/media\/56235"}],"wp:attachment":[{"href":"https:\/\/www.radioempire.it\/index.php\/wp-json\/wp\/v2\/media?parent=56234"}],"wp:term":[{"taxonomy":"category","embeddable":true,"href":"https:\/\/www.radioempire.it\/index.php\/wp-json\/wp\/v2\/categories?post=56234"},{"taxonomy":"post_tag","embeddable":true,"href":"https:\/\/www.radioempire.it\/index.php\/wp-json\/wp\/v2\/tags?post=56234"}],"curies":[{"name":"wp","href":"https:\/\/api.w.org\/{rel}","templated":true}]}}