{"id":56396,"date":"2025-11-14T22:51:23","date_gmt":"2025-11-14T22:51:23","guid":{"rendered":"https:\/\/www.radioempire.it\/?p=56396"},"modified":"2025-11-14T22:51:23","modified_gmt":"2025-11-14T22:51:23","slug":"riposto-intitola-una-piazza-a-franco-battiato-nei-luoghi-della-sua-infanzia-vasta-un-omaggio-sentito-e-dovuto","status":"publish","type":"post","link":"https:\/\/www.radioempire.it\/index.php\/2025\/11\/14\/riposto-intitola-una-piazza-a-franco-battiato-nei-luoghi-della-sua-infanzia-vasta-un-omaggio-sentito-e-dovuto\/","title":{"rendered":"Riposto intitola una piazza a Franco Battiato nei luoghi della sua infanzia. Vasta: \u201cUn omaggio sentito e dovuto\u201d."},"content":{"rendered":"<p>Si \u00e8 svolta questa mattina, a Riposto, la cerimonia ufficiale di intitolazione della piazza dedicata al Maestro Franco Battiato, situata nel quartiere Scariceddu, a pochi passi dalla casa natale dell\u2019artista e nello stesso <img loading=\"lazy\" class=\"size-medium wp-image-56400 alignleft\" src=\"https:\/\/www.radioempire.it\/wp-content\/uploads\/2025\/11\/Svelamento-targa-Piazza-Franco-Battiato-169x300.jpg\" alt=\"\" width=\"169\" height=\"300\" srcset=\"https:\/\/www.radioempire.it\/wp-content\/uploads\/2025\/11\/Svelamento-targa-Piazza-Franco-Battiato-169x300.jpg 169w, https:\/\/www.radioempire.it\/wp-content\/uploads\/2025\/11\/Svelamento-targa-Piazza-Franco-Battiato.jpg 576w\" sizes=\"(max-width: 169px) 100vw, 169px\" \/><img loading=\"lazy\" class=\"size-medium wp-image-56399 alignleft\" src=\"https:\/\/www.radioempire.it\/wp-content\/uploads\/2025\/11\/Piazza-Franco-Battiato-225x300.jpg\" alt=\"\" width=\"225\" height=\"300\" srcset=\"https:\/\/www.radioempire.it\/wp-content\/uploads\/2025\/11\/Piazza-Franco-Battiato-225x300.jpg 225w, https:\/\/www.radioempire.it\/wp-content\/uploads\/2025\/11\/Piazza-Franco-Battiato.jpg 768w\" sizes=\"(max-width: 225px) 100vw, 225px\" \/>luogo in cui sorge il celebre murale realizzato dall\u2019artista Igor Palminteri Scalisi. Una piazza che, gi\u00e0 da tempo, era diventata spontaneamente un luogo della memoria, una tappa obbligata per cittadini e visitatori che desideravano rendere omaggio al grande musicista siciliano. L\u2019evento ha visto una straordinaria partecipazione istituzionale e civile. Presenti il Prefetto di Catania, dott. Pietro Signoriello, accompagnato dalla consorte, il sindaco di Riposto, Davide Vasta, la giunta municipale, il presidente del Consiglio comunale Nella Casabella, il Questore di Catania Giuseppe Bellassai, il fratello del Maestro, Michele Battiato, il Comandante provinciale della Guardia di Finanza, gen. Marco Filipponi, il Comandante provinciale dei Carabinieri, gen. Salvatore Altavilla, il Capo Vascello della Direzione Marittima di Catania, Rinaldo Di Martino, il Comandante provinciale dei Vigili del Fuoco, ing. Felice Irac\u00e0, e numerose autorit\u00e0 civili, militari e religiose del territorio.<\/p>\n<p>&nbsp;<\/p>\n<p>&nbsp;<\/p>\n<p>&nbsp;<\/p>\n<p><img loading=\"lazy\" class=\"size-medium wp-image-56397 alignleft\" src=\"https:\/\/www.radioempire.it\/wp-content\/uploads\/2025\/11\/Cerimonia-intitolazione-piazza-Franco-Battiato--300x225.jpg\" alt=\"\" width=\"300\" height=\"225\" srcset=\"https:\/\/www.radioempire.it\/wp-content\/uploads\/2025\/11\/Cerimonia-intitolazione-piazza-Franco-Battiato--300x225.jpg 300w, https:\/\/www.radioempire.it\/wp-content\/uploads\/2025\/11\/Cerimonia-intitolazione-piazza-Franco-Battiato--768x576.jpg 768w, https:\/\/www.radioempire.it\/wp-content\/uploads\/2025\/11\/Cerimonia-intitolazione-piazza-Franco-Battiato-.jpg 1024w\" sizes=\"(max-width: 300px) 100vw, 300px\" \/>La cerimonia si \u00e8 aperta con l\u2019esecuzione dell\u2019Inno nazionale e dell\u2019Inno della Sicilia \u2018Madreterra\u2019, interpretati dall\u2019orchestra e dal coro dell\u2019Istituto comprensivo \u2018Giovanni Verga\u2019 di Riposto, diretti, rispettivamente, dal maestro Alfio Di Bella e dalla maestra Raffaella Vitale. \u00c8 seguito l\u2019intervento del sindaco Davide Vasta, che ha sottolineato come l\u2019intitolazione della piazza rappresenti un atto dovuto verso uno degli artisti pi\u00f9 significativi della storia contemporanea e un ulteriore passo nel percorso di valorizzazione del quartiere Scariceddu. \u201cIntitolare questa piazza a Franco Battiato \u2013 ha detto il sindaco Davide Vasta &#8211; significa riconoscere il valore universale della sua opera e, insieme, riaffermare il legame profondo tra Riposto e la sua storia, tra memoria e identit\u00e0. Memoria e identit\u00e0 che vogliamo tramandare alle nuove generazioni. Non si tratta, per\u00f2, di un punto di arrivo, ma solo di un passaggio di un percorso pi\u00f9 ampio. La valorizzazione della figura e dell\u2019eredit\u00e0 culturale di Franco Battiato \u00e8 infatti uno degli obiettivi di questa amministrazione, e proseguiremo su questa strada, con iniziative \u2013 ha concluso &#8211; che ne onorino la memoria e che facciano di Riposto un luogo di riferimento\u201d.<\/p>\n<p>Un momento particolarmente emozionante \u00e8 stato l\u2019intervento musicale della studentessa Laura Sorbello, del liceo delle Scienze Umane, che ha eseguito \u2018La cura\u2019, con i piccoli alunni che hanno deposto delle rose bianche davanti all\u2019alto rilievo raffigurante Franco Battiato, realizzato dall\u2019artista Orazio Costanzo. Subito dopo, il Prefetto Signoriello, accompagnato dal sindaco, ha svelato la targa toponomastica della nuova \u2018Piazza Franco Battiato\u2019, realizzata, decorata e donata alla citt\u00e0 dall&#8217;artista Niki Cilia. A seguire, l\u2019arciprete della Basilica di San Pietro, Don Marco Catalano, ha impartito la benedizione. La parola \u00e8 poi passata a Michele Battiato, fratello del Maestro, che ha ringraziato il sindaco e condiviso con il pubblico il valore affettivo di questo riconoscimento.<\/p>\n<p>Nelle parole del Prefetto Signoriello la grande ammirazione per un artista che ha saputo emozionare con le sue canzoni intere generazioni. \u201cRingrazio il sindaco di avermi chiesto di essere qui presente e di aver detto che \u00e8 un onore che io sia qui \u2013 ha detto il Prefetto \u2013 Ma l\u2019onore e il privilegio \u00e8 il mio perch\u00e9 io sono stato e mi considero tuttora un grande appassionato della musica di questo grande artista. Non vi nascondo infatti una certa emozione nell\u2019essere qui perch\u00e9 quando ero un ragazzino questo grande artista con la sua musica cos\u00ec colta ha segnato per me l\u2019inizio di un percorso. Penso, quindi \u2013 ha concluso &#8211; che l\u2019intitolazione di questa piazza, qui a Riposto, alla sua persona e alla sua memoria fosse quasi un atto doveroso\u201d.<\/p>\n<p>In segno di gratitudine, il sindaco ha fatto dono al Prefetto di un acquerello raffigurante San Pietro, patrono di Riposto, opera dell\u2019artista ripostese Antonella Spina. La cerimonia si \u00e8 conclusa con l\u2019esecuzione di \u2018Centro di gravit\u00e0 permanente\u2019, in un\u2019atmosfera di forte partecipazione emotiva.<\/p>\n<p>All\u2019iniziativa hanno preso parte, oltre agli studenti dell\u2019I.C. \u2018Verga\u2019, anche gli alunni dell\u2019Istituto d\u2019Istruzione Superiore \u2018Amari \u2013 Rizzo \u2013 Pantano\u2019\u00a0di Giarre e Riposto, a conferma del coinvolgimento del mondo scolastico in un momento di memoria e valorizzazione culturale che segna una pagina importante per la citt\u00e0.<\/p>\n<p><strong>U.S. Maria Bella<\/strong><\/p>\n<p><strong>3284176181<\/strong><\/p>\n<p><strong>Tessera Odg N\u00b0 073783<\/strong><\/p>\n","protected":false},"excerpt":{"rendered":"<p>Si \u00e8 svolta questa mattina, a Riposto, la cerimonia ufficiale di intitolazione della piazza dedicata al Maestro Franco Battiato, situata nel quartiere Scariceddu, a pochi passi dalla casa natale dell\u2019artista<\/p>\n<div><a class=\"permalink\" href=\"https:\/\/www.radioempire.it\/index.php\/2025\/11\/14\/riposto-intitola-una-piazza-a-franco-battiato-nei-luoghi-della-sua-infanzia-vasta-un-omaggio-sentito-e-dovuto\/\">Read More&#8230;<\/a><\/div>\n","protected":false},"author":2,"featured_media":56398,"comment_status":"closed","ping_status":"closed","sticky":false,"template":"","format":"standard","meta":[],"categories":[36,78],"tags":[],"_links":{"self":[{"href":"https:\/\/www.radioempire.it\/index.php\/wp-json\/wp\/v2\/posts\/56396"}],"collection":[{"href":"https:\/\/www.radioempire.it\/index.php\/wp-json\/wp\/v2\/posts"}],"about":[{"href":"https:\/\/www.radioempire.it\/index.php\/wp-json\/wp\/v2\/types\/post"}],"author":[{"embeddable":true,"href":"https:\/\/www.radioempire.it\/index.php\/wp-json\/wp\/v2\/users\/2"}],"replies":[{"embeddable":true,"href":"https:\/\/www.radioempire.it\/index.php\/wp-json\/wp\/v2\/comments?post=56396"}],"version-history":[{"count":1,"href":"https:\/\/www.radioempire.it\/index.php\/wp-json\/wp\/v2\/posts\/56396\/revisions"}],"predecessor-version":[{"id":56401,"href":"https:\/\/www.radioempire.it\/index.php\/wp-json\/wp\/v2\/posts\/56396\/revisions\/56401"}],"wp:featuredmedia":[{"embeddable":true,"href":"https:\/\/www.radioempire.it\/index.php\/wp-json\/wp\/v2\/media\/56398"}],"wp:attachment":[{"href":"https:\/\/www.radioempire.it\/index.php\/wp-json\/wp\/v2\/media?parent=56396"}],"wp:term":[{"taxonomy":"category","embeddable":true,"href":"https:\/\/www.radioempire.it\/index.php\/wp-json\/wp\/v2\/categories?post=56396"},{"taxonomy":"post_tag","embeddable":true,"href":"https:\/\/www.radioempire.it\/index.php\/wp-json\/wp\/v2\/tags?post=56396"}],"curies":[{"name":"wp","href":"https:\/\/api.w.org\/{rel}","templated":true}]}}