{"id":56467,"date":"2025-11-21T14:36:28","date_gmt":"2025-11-21T14:36:28","guid":{"rendered":"https:\/\/www.radioempire.it\/?p=56467"},"modified":"2025-11-21T14:36:28","modified_gmt":"2025-11-21T14:36:28","slug":"riva-comics-festival-2025","status":"publish","type":"post","link":"https:\/\/www.radioempire.it\/index.php\/2025\/11\/21\/riva-comics-festival-2025\/","title":{"rendered":"Riva Comics Festival 2025"},"content":{"rendered":"<p><strong>Si terr\u00e0 a Santa Teresa di Riva la II edizione di Riva Comics Festival il 5 e 6 dicembre, a Villa Ragno.<\/strong> Accesso gratuito al pubblico con orario 8.00 \u2013 20.00. All\u2019interno della struttura sar\u00e0 possibile trovare degli stand a tema comics, area gioco soft air, area food &amp; beverage. L\u2019evento sar\u00e0 arricchito da un contest cosplay, in partnership con l\u2019associazione Semaluma Cosplay di Messina. Nell\u2019evento sar\u00e0 fruibile una zona fumetteria e carte da gioco Pok\u00e8mon, Yu- Gi- Oh!, Magic e One Piece con tornei ufficiali di lega con la possibilit\u00e0 di fare classifica di ranking. Non mancheranno i tornei di Play Station, dedicato a Fifa, e ci sar\u00e0 una Play Station 5 in palio. Immancabile la zona dei giochi di ruolo con Dungeon &amp; Dragons, giochi da tavolo alla presenza degli autori Roberta Marchetta e Giovanni Spadaro. Ampia zona espositori e vendita lego. Presente Ludovico Costa.<\/p>\n<p>Alla II edizione di Riva Comics Festival in ballo i premi social con il contest \u201ctagga la foto pi\u00f9 bella II edizione di Riva Comics Festival\u201d, a seguire buoni amazon ad estrazione giornaliera e gadget tematici ogni 100 ingressi. Si prospetta una due giorni ricca d\u2019appassionati con una baraonda di gente vestita a tema proveniente dalle vicine province. L\u2019evento \u00e8 patrocinato dal Comune di Santa Teresa di Riva.<\/p>\n<p><strong>Giuseppina Adriana Macr\u00ec Di Bella<\/strong><\/p>\n","protected":false},"excerpt":{"rendered":"<p>Si terr\u00e0 a Santa Teresa di Riva la II edizione di Riva Comics Festival il 5 e 6 dicembre, a Villa Ragno. Accesso gratuito al pubblico con orario 8.00 \u2013<\/p>\n<div><a class=\"permalink\" href=\"https:\/\/www.radioempire.it\/index.php\/2025\/11\/21\/riva-comics-festival-2025\/\">Read More&#8230;<\/a><\/div>\n","protected":false},"author":2,"featured_media":56468,"comment_status":"closed","ping_status":"closed","sticky":false,"template":"","format":"standard","meta":[],"categories":[36,78],"tags":[],"_links":{"self":[{"href":"https:\/\/www.radioempire.it\/index.php\/wp-json\/wp\/v2\/posts\/56467"}],"collection":[{"href":"https:\/\/www.radioempire.it\/index.php\/wp-json\/wp\/v2\/posts"}],"about":[{"href":"https:\/\/www.radioempire.it\/index.php\/wp-json\/wp\/v2\/types\/post"}],"author":[{"embeddable":true,"href":"https:\/\/www.radioempire.it\/index.php\/wp-json\/wp\/v2\/users\/2"}],"replies":[{"embeddable":true,"href":"https:\/\/www.radioempire.it\/index.php\/wp-json\/wp\/v2\/comments?post=56467"}],"version-history":[{"count":1,"href":"https:\/\/www.radioempire.it\/index.php\/wp-json\/wp\/v2\/posts\/56467\/revisions"}],"predecessor-version":[{"id":56469,"href":"https:\/\/www.radioempire.it\/index.php\/wp-json\/wp\/v2\/posts\/56467\/revisions\/56469"}],"wp:featuredmedia":[{"embeddable":true,"href":"https:\/\/www.radioempire.it\/index.php\/wp-json\/wp\/v2\/media\/56468"}],"wp:attachment":[{"href":"https:\/\/www.radioempire.it\/index.php\/wp-json\/wp\/v2\/media?parent=56467"}],"wp:term":[{"taxonomy":"category","embeddable":true,"href":"https:\/\/www.radioempire.it\/index.php\/wp-json\/wp\/v2\/categories?post=56467"},{"taxonomy":"post_tag","embeddable":true,"href":"https:\/\/www.radioempire.it\/index.php\/wp-json\/wp\/v2\/tags?post=56467"}],"curies":[{"name":"wp","href":"https:\/\/api.w.org\/{rel}","templated":true}]}}