{"id":56480,"date":"2025-11-23T11:50:31","date_gmt":"2025-11-23T11:50:31","guid":{"rendered":"https:\/\/www.radioempire.it\/?p=56480"},"modified":"2025-11-23T14:49:34","modified_gmt":"2025-11-23T14:49:34","slug":"nodi-da-sciogliere-emozioni-partecipazione-e-musica-alla-mostra-fotografica-di-furci-siculo","status":"publish","type":"post","link":"https:\/\/www.radioempire.it\/index.php\/2025\/11\/23\/nodi-da-sciogliere-emozioni-partecipazione-e-musica-alla-mostra-fotografica-di-furci-siculo\/","title":{"rendered":"\u201cNodi da sciogliere\u201d: emozioni, partecipazione e musica alla mostra fotografica di Furci Siculo"},"content":{"rendered":"<p>Grande successo per la mostra fotografica \u201cNodi da sciogliere \u2013 Percorsi visivi sulla violenza di genere ed educazione all\u2019affettivit\u00e0\u201d, ospitata presso la Biblioteca Comunale di Furci Siculo nella settimana dedicata al contrasto alla violenza di genere. L\u2019iniziativa, curata dall\u2019associazione AFI 011 con il patrocinio del Comune di Furci Siculo, ha registrato una partecipazione numerosa e attenta, confermando il bisogno della comunit\u00e0 di momenti di riflessione condivisa.<\/p>\n<p><img loading=\"lazy\" class=\"size-medium wp-image-56482 alignleft\" src=\"https:\/\/www.radioempire.it\/wp-content\/uploads\/2025\/11\/Carolina-11-300x225.jpg\" alt=\"\" width=\"300\" height=\"225\" srcset=\"https:\/\/www.radioempire.it\/wp-content\/uploads\/2025\/11\/Carolina-11-300x225.jpg 300w, https:\/\/www.radioempire.it\/wp-content\/uploads\/2025\/11\/Carolina-11.jpg 600w\" sizes=\"(max-width: 300px) 100vw, 300px\" \/><img loading=\"lazy\" class=\"size-medium wp-image-56483 alignleft\" src=\"https:\/\/www.radioempire.it\/wp-content\/uploads\/2025\/11\/Carolina-22-300x225.jpg\" alt=\"\" width=\"300\" height=\"225\" srcset=\"https:\/\/www.radioempire.it\/wp-content\/uploads\/2025\/11\/Carolina-22-300x225.jpg 300w, https:\/\/www.radioempire.it\/wp-content\/uploads\/2025\/11\/Carolina-22.jpg 600w\" sizes=\"(max-width: 300px) 100vw, 300px\" \/>Tra i presenti anche Cettina La Torre, avvocata e presidente del centro antiviolenza Al Tuo Fianco Onlus, che con la sua presenza ha dato ulteriore valore al percorso proposto, sottolineando l\u2019importanza di educare all\u2019ascolto, al rispetto e alla consapevolezza emotiva.<\/p>\n<p>Le fotografie esposte, intense e profondamente evocative, hanno guidato il pubblico attraverso un viaggio sensibile tra fragilit\u00e0, coraggio e rinascita. Uno dei momenti pi\u00f9 significativi della serata si \u00e8 svolto durante l\u2019esercizio partecipato: in sala, al buio, ogni spettatore \u00e8 stato invitato a pronunciare la prima emozione suscitata da ciascuna foto proiettata.<\/p>\n<p>A rendere questo momento ancora pi\u00f9 suggestivo \u00e8 stata la presenza del Maestro Carmelo Coglitore, la cui esibizione dal vivo ha accompagnato e scandito il flusso delle emozioni. Le sue note, delicate e profonde, hanno trasformato il brainstorming collettivo in un\u2019esperienza quasi rituale, amplificando sensazioni e riflessioni.<\/p>\n<p>Il risultato \u00e8 stato un mosaico spontaneo di parole, sensazioni e vissuti condivisi: un coro emotivo che ha mostrato quanto la condivisione possa diventare uno strumento potente di consapevolezza e prevenzione.<\/p>\n<p>La mostra fotografica collettiva \u00e8 permanente e rester\u00e0 aperta al pubblico presso la Biblioteca Comunale di Furci Siculo, offrendo a cittadini e visitatori la possibilit\u00e0 di continuare questo viaggio visivo nei giorni a venire.<\/p>\n<p>\u2e3b<\/p>\n<p><strong>Radio Empire \u2013 bella musica e buone notizie.<\/strong><\/p>\n<p><strong>Carolina Foti<\/strong><\/p>\n","protected":false},"excerpt":{"rendered":"<p>Grande successo per la mostra fotografica \u201cNodi da sciogliere \u2013 Percorsi visivi sulla violenza di genere ed educazione all\u2019affettivit\u00e0\u201d, ospitata presso la Biblioteca Comunale di Furci Siculo nella settimana dedicata<\/p>\n<div><a class=\"permalink\" href=\"https:\/\/www.radioempire.it\/index.php\/2025\/11\/23\/nodi-da-sciogliere-emozioni-partecipazione-e-musica-alla-mostra-fotografica-di-furci-siculo\/\">Read More&#8230;<\/a><\/div>\n","protected":false},"author":2,"featured_media":56481,"comment_status":"closed","ping_status":"closed","sticky":false,"template":"","format":"standard","meta":[],"categories":[36,78],"tags":[],"_links":{"self":[{"href":"https:\/\/www.radioempire.it\/index.php\/wp-json\/wp\/v2\/posts\/56480"}],"collection":[{"href":"https:\/\/www.radioempire.it\/index.php\/wp-json\/wp\/v2\/posts"}],"about":[{"href":"https:\/\/www.radioempire.it\/index.php\/wp-json\/wp\/v2\/types\/post"}],"author":[{"embeddable":true,"href":"https:\/\/www.radioempire.it\/index.php\/wp-json\/wp\/v2\/users\/2"}],"replies":[{"embeddable":true,"href":"https:\/\/www.radioempire.it\/index.php\/wp-json\/wp\/v2\/comments?post=56480"}],"version-history":[{"count":1,"href":"https:\/\/www.radioempire.it\/index.php\/wp-json\/wp\/v2\/posts\/56480\/revisions"}],"predecessor-version":[{"id":56484,"href":"https:\/\/www.radioempire.it\/index.php\/wp-json\/wp\/v2\/posts\/56480\/revisions\/56484"}],"wp:featuredmedia":[{"embeddable":true,"href":"https:\/\/www.radioempire.it\/index.php\/wp-json\/wp\/v2\/media\/56481"}],"wp:attachment":[{"href":"https:\/\/www.radioempire.it\/index.php\/wp-json\/wp\/v2\/media?parent=56480"}],"wp:term":[{"taxonomy":"category","embeddable":true,"href":"https:\/\/www.radioempire.it\/index.php\/wp-json\/wp\/v2\/categories?post=56480"},{"taxonomy":"post_tag","embeddable":true,"href":"https:\/\/www.radioempire.it\/index.php\/wp-json\/wp\/v2\/tags?post=56480"}],"curies":[{"name":"wp","href":"https:\/\/api.w.org\/{rel}","templated":true}]}}