{"id":56600,"date":"2025-12-02T23:12:08","date_gmt":"2025-12-02T23:12:08","guid":{"rendered":"https:\/\/www.radioempire.it\/?p=56600"},"modified":"2025-12-02T23:12:08","modified_gmt":"2025-12-02T23:12:08","slug":"via-dei-corti-2025-i-vincitori-della-xi-edizione","status":"publish","type":"post","link":"https:\/\/www.radioempire.it\/index.php\/2025\/12\/02\/via-dei-corti-2025-i-vincitori-della-xi-edizione\/","title":{"rendered":"Via dei Corti 2025: I vincitori della XI edizione"},"content":{"rendered":"<p>Un\u2019edizione molto partecipata che ha decretato ancora una volta il successo di Via dei Corti, Festival Indipendente di Cinema Breve. All\u2019Auditorium Angelo Musco di Gravina di Catania, si sono svolte le giornate del festival che hanno visto la presenza e la partecipazione di tanti affezionati, curiosi e giovani estimatori del cinema e in particolar modo dei cortometraggi. Tante le proiezioni e le premiazioni che si sono susseguite nel corso delle serate condotte da Simona Zagarella e Giulia Sapienza. L\u2019ultima sera \u00e8 stato un piacere ed un onore per il festival avere sul palco a condurre Ruggero Sardo, presentatore tanto amato e grande amico di Via dei Corti. Inoltre, come consuetudine, non sono mancate le emozioni grazie alle bellissime performance dei ragazzi dell\u2019Associazione Gravina Arte che, ogni sera, hanno dato il via al festival con piccole perle artistiche legate al tema scelto per questa XI edizione, La Trasformazione, dal caos alla meraviglia.<\/p>\n<p>Tantissime le opere pervenute anche in questa edizione, la qualit\u00e0 dei cortometraggi in gara \u00e8 stata di altissimo livello, non \u00e8 stato semplice per le giurie decretare i vincitori.<\/p>\n<p>Il Premio al Miglio Cortometraggio \u00e8 stato vinto dall\u2019Italia con Gli elefanti di Antonio Maria Castaldo. Il corto ha conquistato anche il Premio alla Miglior Regia e quello alla Miglior Colonna Sonora.<\/p>\n<p>Il Premio al Miglior Documentario \u00e8 andato a Civico 120 di Lorenzo Sepalone. Per la stessa sezione, il Premio alla Miglior Regia intitolato ad Armando Buonadonna \u00e8 stato assegnato a Francesco Squillace per\u00a0Davide e il mostro, mentre il Premio Giuria dei Giovani \u00e8 andato a Una risata ci salver\u00e0 di Michelangelo Gregori.<\/p>\n<p>Il Premio Miglior Film Animazione \u00e8 stato vinto dal cortometraggio The prompt di Francesco Frisari (Italia). Il Premio &#8220;Via dei Corti \u2013 Dirty Dozen&#8221; alla Miglior Regia\u00a0\u00e8 andato a McKinley Benson per\u00a0Two ships (USA)<\/p>\n<p>L\u2019adesione da parte di tanti paesi stranieri rende Via dei Corti una realt\u00e0 sempre in crescita che vuole affermarsi nel panorama dei festival internazionali. Sono stati davvero tanti i riconoscimenti e le menzioni consegnati a registi e attori e personalit\u00e0 che si sono distinte per il loro merito e che portano la Sicilia in giro per il mondo con il loro talento, Il Premio al Talento Siciliano \u00e8 stato assegnato al regista, sceneggiatore e direttore della fotografia Daniele Cipr\u00ec e all\u2019informatico e scrittore Salvatore Sanfilippo.<\/p>\n<p>Il Premio speciale Via dei Corti \u201cUna vita per il cinema\u201d \u00e8 stato assegnato al regista e sceneggiatore Aurelio Grimaldi.<br \/>\nIl Premio speciale Via dei Corti \u201cAlla carriera\u201d \u00e8 stato consegnato all\u2019attore Michele D\u2019Anca, mentre il Premio Via dei Corti \u201cAstro Nascente\u201d attribuito alla giovane attrice Marina Savino.<\/p>\n<p>Il Premio della Critica selezionato da un\u2019attenta giuria di giornalisti, direttori di festival e critici cinematografici \u00e8 stato assegnato al cortometraggio Ha toccato dell\u2019attrice e regista Giusi Cataldo. L\u2019opera racconta la storia di Giusi, figlia di genitori sordi che si trova ad essere il tramite tra loro e il mondo, una tematica molto delicata narrata in modo intenso e poetico.<\/p>\n<p>Il Premio Film in Sicily \u00e8 stato assegnato alla regista Emanuela Ranucci e all\u2019autrice Carla Virz\u00ec per il cortometraggio L\u2019ultima fila, storia di Pippo Fava.<\/p>\n<p>Come ogni anno anche in questa edizione si \u00e8 rinnovato il sodalizio tra Via dei Corti e Globus Network, il presidente Enzo Stroscio ha consegnato il Premio Globus-Via dei Corti per la valorizzazione del territorio al documentario Dry Sicily di Mauro Mondello e Nunzio Gringeri, una testimonianza forte e diretta sull\u2019attuale e critica situazione idrica in Sicilia.<\/p>\n<p>Anche quest\u2019anno \u00e8 stato consegnato il Premio della sezione CineMigrare, il premio al Miglior Film \u00e8 stato vinto dal cortometraggio Bambola di Giorgio Musumeci, una toccante storia di amore e sacrificio che parla di capolarato, argomento tristemente attuale.<\/p>\n<p>Via dei Corti \u00e8 anche Corti Scolastici, una sezione a cui, il presidente Marcella Messina e il direttore artistico Cirino Cristaldi, tengono particolarmente perch\u00e9 i cortometraggi prodotti dai giovani ci mostrano non solo il mondo dei ragazzi con le problematiche e le gioie della loro et\u00e0, ma sono anche le prime opere di talentuosi studenti che iniziano cos\u00ec ad approcciarsi al mondo del cinema e che continuando a coltivare la loro passione e studiando, potranno diventare futuri registi.<br \/>\nTante le scuole di tutto il territorio nazionale che hanno aderito al concorso inviando i propri lavori, il Premio Miglio Film \u00e8 stato vinto da Dov\u2019\u00e8 la casa di mio nonno? realizzato dagli alluni del I.C. Colmurano di Macerata. Il Premio Miglior Regia \u00e8 stato attribuito all\u2019 I.C. Copernico di Barcellona Pozzo di Gotto con il corto Fili invisibili, mentre il Premio Miglior Progetto Scolastico \u00e8 andato all\u2019opera En el filo girato dagli studenti del Lombardo Radice di Catania. Menzione Miglior Documentario vinta dai giovani della Scuola Grezzana di Verona con Grezzana, che scoperta!<br \/>\nIl direttore artistico Cirino Cristaldi in chiusura, salito sul palco, ha confermato l\u2019appuntamento alla prossima edizione ringraziando il numeroso pubblico presente e tutto lo staff organizzativo che ha lavorato come sempre con passione e determinazione per confezionare un festival che, anno dopo anno, conferma la sua crescita nel panorama dei concorsi internazionali.<\/p>\n<p>La manifestazione, organizzata dalle Associazioni Culturali NO_NAME e Gravina Arte, \u00e8 patrocinata dall\u2019Assessorato Turismo Sport e Spettacolo della Regione Siciliana, dalla Sicilia Film Commission e dal Comune di Gravina di Catania. Si ringrazia l\u2019amministrazione regionale e il sindaco Massimiliano Giammusso e l\u2019amministrazione per il sostegno dato all\u2019iniziativa. Ringraziamo anche il Centro Commerciale Katan\u00e8 e il direttore Rocco Ramondino da sempre main sponsor del festival.<\/p>\n<p>Di seguito riportiamo tutti i premi e le menzioni conferiti:<\/p>\n<p>SEZIONE INTERNAZIONALE CORTOMETRAGGI:<br \/>\nMiglior Film Gli elefanti, Antonio Maria Castaldo (ITALIA)<br \/>\nMiglior Regia\u00a0Antonio Maria Castaldo per Gli elefanti (ITA)<br \/>\nMiglior Montaggio Massimo e Flavio Bulgarelli per\u00a0Quello che non ti ho detto (ITA) di Massimo e Flavio Bulgarelli<br \/>\nMigliore Sceneggiatura\u00a0Simone La Rosa e Noemi Romano per The end di Simone La Rosa (ITA)<br \/>\nMigliore Fotografia Davide Bianco per Dolci acque di Luca Grazioli (ITA)<br \/>\nMiglior Colonna Sonora\u00a0Marco Signoretti per\u00a0Gli elefanti\u00a0(ITA) di Antonio Maria Castaldo<br \/>\nMiglior Interprete Femminile\u00a0ex aequo Irina Lytiak per Apr\u00e8s l\u2019incedie di Hristo Todorov (FRA) e Noemi Romano per The end di Simone La Rosa (ITA)<br \/>\nMiglior Interprete Maschile\u00a0ex aequo Giorgio Colangeli per Superbi di Nikola Brunelli (ITA) e No\u00e8 Favre per Apr\u00e8s l\u2019incedie di Hristo Todorov (FRA)<br \/>\nPremio della Critica ad Ha toccato di Giusi Cataldo (ITA)<br \/>\nPremio Giuria del Pubblico Superbi di Nikola Brunelli (ITA)<br \/>\nPremio Giuria dei Giovani\u00a0Una faccia da cinema di Alberto Salvucci (ITA)<\/p>\n<p>SEZIONE ANIMAZIONE<br \/>\nMiglior Film\u00a0The prompt di Francesco Fisari (ITA)<br \/>\nPremio &#8220;Via dei Corti \u2013 Dirty Dozen&#8221; alla Miglior Regia\u00a0a McKinley Benson per\u00a0Two ships (USA)<\/p>\n<p>SEZIONE DOCUMENTARI<br \/>\nMiglior Documentario\u00a0Civico 120 di Lorenzo Sepalone (ITA)<br \/>\nPremio Armando Bonadonna alla Miglior Regia\u00a0a Francesco Squillace per\u00a0Davide e il mostro (ITA)<br \/>\nPremio Giuria dei Giovani Una risata ci salver\u00e0 di Michelangelo Gregori (ITA)<\/p>\n<p>SEZIONE CINEMIGRARE<br \/>\nMiglior Film a Bambola, Giorgio Musumeci (ITALIA)<\/p>\n<p>SEZIONE FILM IN SICILY<br \/>\nMiglior Film a L\u2019ultima fila, storia di Pippo Fava, Emanuela Ranucci (ITALIA)<\/p>\n<p>PREMIO GLOBUS &#8211; VIA DEI CORTI PER LA VALORIZZAZIONE DEL TERRITORIO<br \/>\nMiglior Film a Dry Sicily, Mauro Mondello e Nunzio Gringeri (ITALIA)<\/p>\n<p>PREMI SPECIALI<br \/>\nPremio Via dei Corti al Talento Siciliano a Daniele Cipr\u00ec, Salvatore Sanfilippo<br \/>\nPremio Via dei Corti \u201cUna vita per il cinema\u201d a Aurelio Grimaldi<br \/>\nPremio Via dei Corti \u201cAlla carriera\u201d a Michele D\u2019Anca<br \/>\nPremio Via dei Corti \u201cAstro Nascente\u201d a Marina Savino<\/p>\n<p><strong>I premi della Sezione CORTI SCOLASTICI potrete trovarli sul sito:<\/strong><br \/>\n<strong>https:\/\/www.viadeicorti.it\/in-concorso-2025\/<\/strong><\/p>\n","protected":false},"excerpt":{"rendered":"<p>Un\u2019edizione molto partecipata che ha decretato ancora una volta il successo di Via dei Corti, Festival Indipendente di Cinema Breve. All\u2019Auditorium Angelo Musco di Gravina di Catania, si sono svolte<\/p>\n<div><a class=\"permalink\" href=\"https:\/\/www.radioempire.it\/index.php\/2025\/12\/02\/via-dei-corti-2025-i-vincitori-della-xi-edizione\/\">Read More&#8230;<\/a><\/div>\n","protected":false},"author":2,"featured_media":56601,"comment_status":"closed","ping_status":"closed","sticky":false,"template":"","format":"standard","meta":[],"categories":[36,78],"tags":[],"_links":{"self":[{"href":"https:\/\/www.radioempire.it\/index.php\/wp-json\/wp\/v2\/posts\/56600"}],"collection":[{"href":"https:\/\/www.radioempire.it\/index.php\/wp-json\/wp\/v2\/posts"}],"about":[{"href":"https:\/\/www.radioempire.it\/index.php\/wp-json\/wp\/v2\/types\/post"}],"author":[{"embeddable":true,"href":"https:\/\/www.radioempire.it\/index.php\/wp-json\/wp\/v2\/users\/2"}],"replies":[{"embeddable":true,"href":"https:\/\/www.radioempire.it\/index.php\/wp-json\/wp\/v2\/comments?post=56600"}],"version-history":[{"count":1,"href":"https:\/\/www.radioempire.it\/index.php\/wp-json\/wp\/v2\/posts\/56600\/revisions"}],"predecessor-version":[{"id":56602,"href":"https:\/\/www.radioempire.it\/index.php\/wp-json\/wp\/v2\/posts\/56600\/revisions\/56602"}],"wp:featuredmedia":[{"embeddable":true,"href":"https:\/\/www.radioempire.it\/index.php\/wp-json\/wp\/v2\/media\/56601"}],"wp:attachment":[{"href":"https:\/\/www.radioempire.it\/index.php\/wp-json\/wp\/v2\/media?parent=56600"}],"wp:term":[{"taxonomy":"category","embeddable":true,"href":"https:\/\/www.radioempire.it\/index.php\/wp-json\/wp\/v2\/categories?post=56600"},{"taxonomy":"post_tag","embeddable":true,"href":"https:\/\/www.radioempire.it\/index.php\/wp-json\/wp\/v2\/tags?post=56600"}],"curies":[{"name":"wp","href":"https:\/\/api.w.org\/{rel}","templated":true}]}}