{"id":56615,"date":"2025-12-04T14:49:22","date_gmt":"2025-12-04T14:49:22","guid":{"rendered":"https:\/\/www.radioempire.it\/?p=56615"},"modified":"2025-12-04T14:49:22","modified_gmt":"2025-12-04T14:49:22","slug":"inaugurazione-anno-sociale-dellassociazione-foto-insieme-saranno-illustrate-le-attivita-realizzate-e-da-svolgere-premiato-il-fotografo-messinese-paolo-galletta-per-il-2","status":"publish","type":"post","link":"https:\/\/www.radioempire.it\/index.php\/2025\/12\/04\/inaugurazione-anno-sociale-dellassociazione-foto-insieme-saranno-illustrate-le-attivita-realizzate-e-da-svolgere-premiato-il-fotografo-messinese-paolo-galletta-per-il-2\/","title":{"rendered":"INAUGURAZIONE ANNO SOCIALE DELL\u2019ASSOCIAZIONE FOTO INSIEME. SARANNO\u00a0 ILLUSTRATE LE ATTIVITA\u2019 REALIZZATE E DA SVOLGERE. PREMIATO \u00a0IL FOTOGRAFO MESSINESE PAOLO GALLETTA PER IL 2025"},"content":{"rendered":"<p>Domenica 7 dicembre alle ore 18,30\u00a0 l&#8217;Associazione Foto Insieme &#8211; AFI011 organizza, presso i locali del palazzo della cultura di S.Teresa di Riva, la cerimonia di inaugurazione del prossimo anno sociale con l\u2019illustrazione della recente mostra &#8220;Nodi da sciogliere&#8221; ubicata presso la Biblioteca Comunale di Furci Siculo e \u201cIl vecchio e il bambino\u201d installata nel Parco dell\u2019Unit\u00e0 d\u2019Italia di Villa Crisafulli-Ragno,\u00a0 realizzate con foto di soci e di corsisti. Momento centrale della manifestazione, sar\u00e0 la consegna\u00a0 del Premio AFI011 per il 2025 al fotografo messinese Paolo Galletta, conferito ogni anno dall\u2019Associazione ad un fotografo siciliano insigne.<\/p>\n<p>Nel corso della serata c\u2019\u00e8 la possibilit\u00e0 di potersi iscrivere come socio o come corsista e saranno presentate tutte le attivit\u00e0 sociali fotografiche previste per il 2026: corsi base, esercitazioni in camera oscura, incontri, mostre, uscite e shooting.<\/p>\n<p>Tutti gli appassionati di fotografia della riviera ionica sono invitati a partecipare sino al brindisi finale.<\/p>\n<p><strong><em>L\u2019A.S. AFI011<\/em><\/strong><\/p>\n<p><strong><em>G.M. Caminiti<\/em><\/strong><\/p>\n<p>&nbsp;<\/p>\n","protected":false},"excerpt":{"rendered":"<p>Domenica 7 dicembre alle ore 18,30\u00a0 l&#8217;Associazione Foto Insieme &#8211; AFI011 organizza, presso i locali del palazzo della cultura di S.Teresa di Riva, la cerimonia di inaugurazione del prossimo anno<\/p>\n<div><a class=\"permalink\" href=\"https:\/\/www.radioempire.it\/index.php\/2025\/12\/04\/inaugurazione-anno-sociale-dellassociazione-foto-insieme-saranno-illustrate-le-attivita-realizzate-e-da-svolgere-premiato-il-fotografo-messinese-paolo-galletta-per-il-2\/\">Read More&#8230;<\/a><\/div>\n","protected":false},"author":2,"featured_media":56616,"comment_status":"closed","ping_status":"closed","sticky":false,"template":"","format":"standard","meta":[],"categories":[36,78],"tags":[],"_links":{"self":[{"href":"https:\/\/www.radioempire.it\/index.php\/wp-json\/wp\/v2\/posts\/56615"}],"collection":[{"href":"https:\/\/www.radioempire.it\/index.php\/wp-json\/wp\/v2\/posts"}],"about":[{"href":"https:\/\/www.radioempire.it\/index.php\/wp-json\/wp\/v2\/types\/post"}],"author":[{"embeddable":true,"href":"https:\/\/www.radioempire.it\/index.php\/wp-json\/wp\/v2\/users\/2"}],"replies":[{"embeddable":true,"href":"https:\/\/www.radioempire.it\/index.php\/wp-json\/wp\/v2\/comments?post=56615"}],"version-history":[{"count":1,"href":"https:\/\/www.radioempire.it\/index.php\/wp-json\/wp\/v2\/posts\/56615\/revisions"}],"predecessor-version":[{"id":56617,"href":"https:\/\/www.radioempire.it\/index.php\/wp-json\/wp\/v2\/posts\/56615\/revisions\/56617"}],"wp:featuredmedia":[{"embeddable":true,"href":"https:\/\/www.radioempire.it\/index.php\/wp-json\/wp\/v2\/media\/56616"}],"wp:attachment":[{"href":"https:\/\/www.radioempire.it\/index.php\/wp-json\/wp\/v2\/media?parent=56615"}],"wp:term":[{"taxonomy":"category","embeddable":true,"href":"https:\/\/www.radioempire.it\/index.php\/wp-json\/wp\/v2\/categories?post=56615"},{"taxonomy":"post_tag","embeddable":true,"href":"https:\/\/www.radioempire.it\/index.php\/wp-json\/wp\/v2\/tags?post=56615"}],"curies":[{"name":"wp","href":"https:\/\/api.w.org\/{rel}","templated":true}]}}