{"id":56847,"date":"2025-12-30T12:03:41","date_gmt":"2025-12-30T12:03:41","guid":{"rendered":"https:\/\/www.radioempire.it\/?p=56847"},"modified":"2025-12-30T12:03:41","modified_gmt":"2025-12-30T12:03:41","slug":"la-citta-metropolitana-di-messina-acquisisce-lex-sede-inps-un-investimento-strategico-per-il-rilancio-urbano-e-istituzionale","status":"publish","type":"post","link":"https:\/\/www.radioempire.it\/index.php\/2025\/12\/30\/la-citta-metropolitana-di-messina-acquisisce-lex-sede-inps-un-investimento-strategico-per-il-rilancio-urbano-e-istituzionale\/","title":{"rendered":"La Citt\u00e0 Metropolitana di Messina acquisisce l\u2019ex sede INPS: un investimento strategico per il rilancio urbano e istituzionale"},"content":{"rendered":"<p><span style=\"font-family: 'Arial',sans-serif;\">\u00a0<\/span><strong><span style=\"font-family: 'Arial',sans-serif; color: #0b12b5;\">Il valore dell\u2019operazione \u00e8 pari a 2.167.000 euro<\/span><\/strong><\/p>\n<p><span style=\"font-family: 'Arial',sans-serif;\">\u00a0<\/span><span style=\"font-family: 'Arial',sans-serif;\">La Citt\u00e0 Metropolitana di Messina ha ufficializzato oggi l\u2019acquisizione dell\u2019ex sede INPS di via Romagnosi. Il sindaco metropolitano Federico Basile ha firmato l\u2019atto notarile che sancisce il passaggio di propriet\u00e0 di un edificio di pregio, collocato in una delle aree pi\u00f9 strategiche del centro cittadino. L\u2019operazione, frutto di un percorso amministrativo accurato e in linea con gli indirizzi programmatici dell\u2019Ente, segna un momento rilevante nella politica di valorizzazione e razionalizzazione del patrimonio pubblico. Con questo intervento, Palazzo dei Leoni rafforza la propria presenza nel tessuto urbano e apre nuove possibilit\u00e0 di utilizzo dell\u2019immobile, orientate al miglioramento dei servizi destinati alla collettivit\u00e0. L\u2019iniziativa si inserisce in una pi\u00f9 ampia strategia di rigenerazione urbana, volta al recupero di edifici di valore e alla loro restituzione a funzioni pubbliche, contribuendo alla riqualificazione della citt\u00e0 e al potenziamento delle infrastrutture a supporto della comunit\u00e0 metropolitana, oltre ad assumere una valenza culturale e identitaria che consolida il legame tra la citt\u00e0 e il suo patrimonio e promuove una visione integrata dello sviluppo urbano, capace di coniugare memoria e innovazione.<\/span><\/p>\n<p><span style=\"font-family: 'Arial',sans-serif;\">\u00a0<\/span><strong><span style=\"font-family: 'Arial',sans-serif;\">Un bene storico al servizio della collettivit\u00e0<\/span><\/strong><\/p>\n<p><span style=\"font-family: 'Arial',sans-serif;\"><img loading=\"lazy\" class=\"size-medium wp-image-56849 alignleft\" src=\"https:\/\/www.radioempire.it\/wp-content\/uploads\/2025\/12\/Palazzo-ex-INPS-via-Romagnosi-9-3-1-300x177.jpg\" alt=\"\" width=\"300\" height=\"177\" srcset=\"https:\/\/www.radioempire.it\/wp-content\/uploads\/2025\/12\/Palazzo-ex-INPS-via-Romagnosi-9-3-1-300x177.jpg 300w, https:\/\/www.radioempire.it\/wp-content\/uploads\/2025\/12\/Palazzo-ex-INPS-via-Romagnosi-9-3-1.jpg 400w\" sizes=\"(max-width: 300px) 100vw, 300px\" \/>L\u2019immobile, realizzato tra il 1927 e il 1928, si distingue per il suo valore architettonico e storico, essendo stato riconosciuto dalla Regione Siciliana come bene sottoposto a vincolo culturale. La struttura, articolata su tre livelli fuori terra e dotata di un terrazzo praticabile, si estende su una superficie complessiva superiore ai 2.160 metri quadrati. La sua configurazione interna, razionale e flessibile, consente una riconversione funzionale immediata, senza necessit\u00e0 di interventi strutturali invasivi, rendendolo idoneo ad accogliere attivit\u00e0 istituzionali, scolastiche o di servizio pubblico.<\/span><\/p>\n<p><span style=\"font-family: 'Arial',sans-serif;\"><strong>Un investimento mirato e sostenibile<\/strong><\/span><\/p>\n<p><span style=\"font-family: 'Arial',sans-serif;\"><strong>Il valore dell\u2019operazione, pari a 2.167.000 euro<\/strong>, \u00e8 stato determinato sulla base della stima redatta dall\u2019Agenzia delle Entrate e successivamente validato dall\u2019Ente acquirente. <strong>La copertura finanziaria \u00e8 stata garantita attraverso il riutilizzo di tre mutui gi\u00e0 contratti con la Cassa Depositi e Prestiti, i cui fondi residui, non pi\u00f9 destinati agli scopi originari, ammontano complessivamente a 2.547.861,32 euro.<\/strong> Tale scelta consente di ottimizzare risorse gi\u00e0 disponibili, evitando nuovi indebitamenti e promuovendo una gestione responsabile e lungimirante del bilancio pubblico.<\/span><\/p>\n<p><em><span style=\"font-family: 'Arial',sans-serif;\">\u00abCon questa acquisizione \u2013 ha dichiarato il <\/span><\/em><strong><i><span style=\"font-family: 'Arial',sans-serif;\">sindaco metropolitano Federico Basile<\/span><\/i><\/strong><em><span style=\"font-family: 'Arial',sans-serif;\"> \u2013 restituiamo alla citt\u00e0 un edificio di grande valore simbolico e funzionale. \u00c8 un intervento che rafforza la presenza dell\u2019Ente nel centro urbano, contribuendo al recupero e alla valorizzazione del patrimonio edilizio esistente. L\u2019immobile, oltre a rappresentare un tassello importante della memoria architettonica di Messina, sar\u00e0 destinato a ospitare servizi essenziali per la cittadinanza, in linea con le esigenze contemporanee di efficienza e accessibilit\u00e0\u00bb.<\/span><\/em><\/p>\n<p><em><span style=\"font-family: 'Arial',sans-serif;\">Sulla stessa linea il <\/span><\/em><strong><i><span style=\"font-family: 'Arial',sans-serif;\">direttore generale Giuseppe Campagna<\/span><\/i><\/strong><em><span style=\"font-family: 'Arial',sans-serif;\"> ha sottolineato: \u00abL\u2019operazione si inserisce in una visione strategica di razionalizzazione e riqualificazione del patrimonio immobiliare pubblico. Stiamo costruendo un modello di gestione orientato alla sostenibilit\u00e0, all\u2019efficienza e alla valorizzazione degli spazi urbani. Questo edificio risponde pienamente alle necessit\u00e0 operative dell\u2019Ente e rappresenta un\u2019opportunit\u00e0 concreta per migliorare l\u2019offerta di servizi sul territorio\u00bb.<\/span><\/em><\/p>\n<p><span style=\"font-family: 'Arial',sans-serif;\">\u00a0<\/span><\/p>\n<p><strong><span style=\"font-family: 'Arial',sans-serif;\">Il Responsabile dell\u2019Ufficio Comunicazione Istituzionale<\/span><\/strong><\/p>\n<p><strong><span style=\"font-family: 'Arial',sans-serif;\">Dott. Giuseppe Span\u00f2<\/span><\/strong><\/p>\n<p><strong><span style=\"font-family: 'Arial',sans-serif;\">Il Responsabile del Servizio Gabinetto Istituzionale<\/span><\/strong><\/p>\n<p><strong><span style=\"font-family: 'Arial',sans-serif;\">Ing. G. Maggioloti<\/span><\/strong><\/p>\n","protected":false},"excerpt":{"rendered":"<p>\u00a0Il valore dell\u2019operazione \u00e8 pari a 2.167.000 euro \u00a0La Citt\u00e0 Metropolitana di Messina ha ufficializzato oggi l\u2019acquisizione dell\u2019ex sede INPS di via Romagnosi. Il sindaco metropolitano Federico Basile ha firmato<\/p>\n<div><a class=\"permalink\" href=\"https:\/\/www.radioempire.it\/index.php\/2025\/12\/30\/la-citta-metropolitana-di-messina-acquisisce-lex-sede-inps-un-investimento-strategico-per-il-rilancio-urbano-e-istituzionale\/\">Read More&#8230;<\/a><\/div>\n","protected":false},"author":2,"featured_media":56848,"comment_status":"closed","ping_status":"closed","sticky":false,"template":"","format":"standard","meta":[],"categories":[3,36],"tags":[],"_links":{"self":[{"href":"https:\/\/www.radioempire.it\/index.php\/wp-json\/wp\/v2\/posts\/56847"}],"collection":[{"href":"https:\/\/www.radioempire.it\/index.php\/wp-json\/wp\/v2\/posts"}],"about":[{"href":"https:\/\/www.radioempire.it\/index.php\/wp-json\/wp\/v2\/types\/post"}],"author":[{"embeddable":true,"href":"https:\/\/www.radioempire.it\/index.php\/wp-json\/wp\/v2\/users\/2"}],"replies":[{"embeddable":true,"href":"https:\/\/www.radioempire.it\/index.php\/wp-json\/wp\/v2\/comments?post=56847"}],"version-history":[{"count":1,"href":"https:\/\/www.radioempire.it\/index.php\/wp-json\/wp\/v2\/posts\/56847\/revisions"}],"predecessor-version":[{"id":56850,"href":"https:\/\/www.radioempire.it\/index.php\/wp-json\/wp\/v2\/posts\/56847\/revisions\/56850"}],"wp:featuredmedia":[{"embeddable":true,"href":"https:\/\/www.radioempire.it\/index.php\/wp-json\/wp\/v2\/media\/56848"}],"wp:attachment":[{"href":"https:\/\/www.radioempire.it\/index.php\/wp-json\/wp\/v2\/media?parent=56847"}],"wp:term":[{"taxonomy":"category","embeddable":true,"href":"https:\/\/www.radioempire.it\/index.php\/wp-json\/wp\/v2\/categories?post=56847"},{"taxonomy":"post_tag","embeddable":true,"href":"https:\/\/www.radioempire.it\/index.php\/wp-json\/wp\/v2\/tags?post=56847"}],"curies":[{"name":"wp","href":"https:\/\/api.w.org\/{rel}","templated":true}]}}