{"id":56905,"date":"2026-01-08T15:11:04","date_gmt":"2026-01-08T15:11:04","guid":{"rendered":"https:\/\/www.radioempire.it\/?p=56905"},"modified":"2026-01-08T15:11:04","modified_gmt":"2026-01-08T15:11:04","slug":"emergenza-neve-e-forte-vento-la-citta-metropolitana-di-messina-in-prima-linea-per-la-sicurezza-del-territorio","status":"publish","type":"post","link":"https:\/\/www.radioempire.it\/index.php\/2026\/01\/08\/emergenza-neve-e-forte-vento-la-citta-metropolitana-di-messina-in-prima-linea-per-la-sicurezza-del-territorio\/","title":{"rendered":"Emergenza neve e forte vento: la Citt\u00e0 Metropolitana di Messina in prima linea per la sicurezza del territorio"},"content":{"rendered":"<p><strong><span style=\"font-family: 'Arial',sans-serif; color: #241cef;\">Palazzo dei Leoni proseguir\u00e0 le attivit\u00e0 d&#8217;intervento anche nelle prossime ore qualora le condizioni meteorologiche dovessero ulteriormente peggiorare<\/span><\/strong><\/p>\n<p><span style=\"font-family: 'Arial',sans-serif;\">\u00a0<\/span><span style=\"font-size: 13.5pt; font-family: 'Arial',sans-serif;\">La Citt\u00e0 Metropolitana di Messina \u00e8 intervenuta con tempestivit\u00e0 per fronteggiare l\u2019emergenza causata dalle abbondanti nevicate e dalle forti raffiche di vento che hanno interessato nelle ultime ore diverse aree del territorio provinciale, in particolare le zone montane dei Nebrodi.<\/span><\/p>\n<p><span style=\"font-size: 13.5pt; font-family: 'Arial',sans-serif;\">Gli interventi hanno riguardato in modo prioritario la viabilit\u00e0 provinciale, con l\u2019impiego di mezzi spazzaneve per garantire la percorribilit\u00e0 e la sicurezza delle strade maggiormente colpite. <\/span><\/p>\n<p><span style=\"font-size: 13.5pt; font-family: 'Arial',sans-serif;\"><img loading=\"lazy\" class=\"size-medium wp-image-56908 alignleft\" src=\"https:\/\/www.radioempire.it\/wp-content\/uploads\/2026\/01\/S.P.-167-di-Ancipa-ricadente-nei-territori-dei-Comuni-di-Cesaro-e-San-Teodoro-1-225x300.jpg\" alt=\"\" width=\"225\" height=\"300\" srcset=\"https:\/\/www.radioempire.it\/wp-content\/uploads\/2026\/01\/S.P.-167-di-Ancipa-ricadente-nei-territori-dei-Comuni-di-Cesaro-e-San-Teodoro-1-225x300.jpg 225w, https:\/\/www.radioempire.it\/wp-content\/uploads\/2026\/01\/S.P.-167-di-Ancipa-ricadente-nei-territori-dei-Comuni-di-Cesaro-e-San-Teodoro-1-768x1024.jpg 768w, https:\/\/www.radioempire.it\/wp-content\/uploads\/2026\/01\/S.P.-167-di-Ancipa-ricadente-nei-territori-dei-Comuni-di-Cesaro-e-San-Teodoro-1-1152x1536.jpg 1152w, https:\/\/www.radioempire.it\/wp-content\/uploads\/2026\/01\/S.P.-167-di-Ancipa-ricadente-nei-territori-dei-Comuni-di-Cesaro-e-San-Teodoro-1.jpg 1200w\" sizes=\"(max-width: 225px) 100vw, 225px\" \/>In particolare, le operazioni di sgombero neve sono state effettuate lungo la Strada Provinciale 166 \u201cPortella Bufali\u201d, sulla S.P. 167 di Ancipa, ricadenti nei territori comunali di Cesar\u00f2 e San Teodoro, sulla S.P. 110 Montalbano-Polverello e sulla S.P. 168 Caronia\u2013Capizzi, arteria strategica per i collegamenti tra i versanti tirrenico e interno.<\/span><\/p>\n<p><span style=\"font-size: 13.5pt; font-family: 'Arial',sans-serif;\">Parallelamente, a causa del forte vento che ha colpito l\u2019area, si sono resi necessari interventi urgenti di rimozione di alberi caduti sulla carreggiata. <\/span><\/p>\n<p><span style=\"font-size: 13.5pt; font-family: 'Arial',sans-serif;\">In particolare, sulla Strada Provinciale 45 \u201cCurcuraci \u2013 4 Masse\u201d le squadre operative della Citt\u00e0 Metropolitana hanno provveduto alla rimozione di tre alberi abbattuti dalle raffiche, ripristinando in tempi rapidi le condizioni di sicurezza per la circolazione veicolare.<\/span><\/p>\n<p><span style=\"font-size: 13.5pt; font-family: 'Arial',sans-serif;\">Le attivit\u00e0 sono state coordinate dal personale tecnico dell\u2019Ente, in costante raccordo con i Comuni interessati e con le strutture di protezione civile, al fine di ridurre al minimo i disagi per i cittadini e prevenire situazioni di pericolo.<\/span><\/p>\n<p><span style=\"font-size: 13.5pt; font-family: 'Arial',sans-serif;\">\u00abLa Citt\u00e0 Metropolitana di Messina ha dimostrato ancora una volta la propria capacit\u00e0 di risposta nelle situazioni di emergenza \u2013 ha dichiarato il <strong><span style=\"font-family: 'Arial',sans-serif;\">sindaco metropolitano Federico Basile<\/span><\/strong> \u2013. Grazie al lavoro sinergico dei nostri uffici e delle squadre operative sul territorio, siamo riusciti a garantire la sicurezza della viabilit\u00e0 e l\u2019assistenza alle comunit\u00e0 colpite dal maltempo. Continueremo a monitorare l\u2019evolversi delle condizioni meteo per intervenire tempestivamente laddove necessario\u00bb.<\/span><\/p>\n<p><span style=\"font-size: 13.5pt; font-family: 'Arial',sans-serif;\">Sulla stessa linea il <strong><span style=\"font-family: 'Arial',sans-serif;\">direttore generale Giuseppe Campagna<\/span><\/strong>, che ha sottolineato: \u00abGli interventi effettuati rientrano in un piano di emergenza gi\u00e0 collaudato, che consente di attivare rapidamente uomini e mezzi. La priorit\u00e0 \u00e8 stata assicurare la transitabilit\u00e0 delle strade provinciali e rimuovere ogni elemento di rischio, come gli alberi caduti, per tutelare l\u2019incolumit\u00e0 dei cittadini\u00bb.<\/span><\/p>\n<p><span style=\"font-size: 13.5pt; font-family: 'Arial',sans-serif;\">La Citt\u00e0 Metropolitana di Messina resta operativa e vigile, pronta a intervenire anche nelle prossime ore qualora le condizioni meteorologiche dovessero ulteriormente peggiorare.<\/span><\/p>\n<p><span style=\"font-family: 'Arial',sans-serif;\">\u00a0<\/span><\/p>\n<p><strong><span style=\"font-size: 13.5pt; font-family: 'Arial',sans-serif;\">Il Responsabile dell\u2019Ufficio Comunicazione Istituzionale<\/span><\/strong><\/p>\n<p><strong><span style=\"font-size: 13.5pt; font-family: 'Arial',sans-serif;\">Dott. Giuseppe Span\u00f2<\/span><\/strong><\/p>\n<p><strong><span style=\"font-family: 'Arial',sans-serif;\">\u00a0<\/span><\/strong><\/p>\n<p><strong><span style=\"font-size: 13.5pt; font-family: 'Arial',sans-serif;\">Il Responsabile del Servizio Gabinetto Istituzionale<\/span><\/strong><\/p>\n<p><strong><span style=\"font-size: 13.5pt; font-family: 'Arial',sans-serif;\">Ing. G. Maggioloti<\/span><\/strong><\/p>\n","protected":false},"excerpt":{"rendered":"<p>Palazzo dei Leoni proseguir\u00e0 le attivit\u00e0 d&#8217;intervento anche nelle prossime ore qualora le condizioni meteorologiche dovessero ulteriormente peggiorare \u00a0La Citt\u00e0 Metropolitana di Messina \u00e8 intervenuta con tempestivit\u00e0 per fronteggiare l\u2019emergenza<\/p>\n<div><a class=\"permalink\" href=\"https:\/\/www.radioempire.it\/index.php\/2026\/01\/08\/emergenza-neve-e-forte-vento-la-citta-metropolitana-di-messina-in-prima-linea-per-la-sicurezza-del-territorio\/\">Read More&#8230;<\/a><\/div>\n","protected":false},"author":2,"featured_media":56907,"comment_status":"closed","ping_status":"closed","sticky":false,"template":"","format":"standard","meta":[],"categories":[3,36],"tags":[],"_links":{"self":[{"href":"https:\/\/www.radioempire.it\/index.php\/wp-json\/wp\/v2\/posts\/56905"}],"collection":[{"href":"https:\/\/www.radioempire.it\/index.php\/wp-json\/wp\/v2\/posts"}],"about":[{"href":"https:\/\/www.radioempire.it\/index.php\/wp-json\/wp\/v2\/types\/post"}],"author":[{"embeddable":true,"href":"https:\/\/www.radioempire.it\/index.php\/wp-json\/wp\/v2\/users\/2"}],"replies":[{"embeddable":true,"href":"https:\/\/www.radioempire.it\/index.php\/wp-json\/wp\/v2\/comments?post=56905"}],"version-history":[{"count":1,"href":"https:\/\/www.radioempire.it\/index.php\/wp-json\/wp\/v2\/posts\/56905\/revisions"}],"predecessor-version":[{"id":56909,"href":"https:\/\/www.radioempire.it\/index.php\/wp-json\/wp\/v2\/posts\/56905\/revisions\/56909"}],"wp:featuredmedia":[{"embeddable":true,"href":"https:\/\/www.radioempire.it\/index.php\/wp-json\/wp\/v2\/media\/56907"}],"wp:attachment":[{"href":"https:\/\/www.radioempire.it\/index.php\/wp-json\/wp\/v2\/media?parent=56905"}],"wp:term":[{"taxonomy":"category","embeddable":true,"href":"https:\/\/www.radioempire.it\/index.php\/wp-json\/wp\/v2\/categories?post=56905"},{"taxonomy":"post_tag","embeddable":true,"href":"https:\/\/www.radioempire.it\/index.php\/wp-json\/wp\/v2\/tags?post=56905"}],"curies":[{"name":"wp","href":"https:\/\/api.w.org\/{rel}","templated":true}]}}