{"id":57028,"date":"2026-01-22T15:10:17","date_gmt":"2026-01-22T15:10:17","guid":{"rendered":"https:\/\/www.radioempire.it\/?p=57028"},"modified":"2026-01-22T15:10:17","modified_gmt":"2026-01-22T15:10:17","slug":"citta-metropolitana-di-messina-emergenza-maltempo-vertice-e-sopralluogo-con-il-sindaco-basile-la-prefetta-di-stani-e-i-sindaci-dei-comuni-colpiti-della-costa-ionica","status":"publish","type":"post","link":"https:\/\/www.radioempire.it\/index.php\/2026\/01\/22\/citta-metropolitana-di-messina-emergenza-maltempo-vertice-e-sopralluogo-con-il-sindaco-basile-la-prefetta-di-stani-e-i-sindaci-dei-comuni-colpiti-della-costa-ionica\/","title":{"rendered":"Citt\u00e0 Metropolitana di Messina, emergenza maltempo: vertice e sopralluogo con il sindaco Basile, la prefetta Di Stani e i sindaci dei comuni colpiti della costa ionica"},"content":{"rendered":"<p><strong><span style=\"font-family: 'Arial',sans-serif; color: #2f10e4;\">La riunione si \u00e8 tenuta stamani a Santa Teresa di Riva<\/span><\/strong><\/p>\n<p><span style=\"font-family: 'Arial',sans-serif;\">\u00a0<\/span><\/p>\n<p><span style=\"font-family: 'Times New Roman',serif;\">Si \u00e8 svolto stamane, presso il municipio di <strong>Santa Teresa di Riva<\/strong>, un vertice istituzionale dedicato all\u2019emergenza causata dalla violenta ondata di maltempo che ha colpito il litorale ionico messinese, provocando ingenti danni alle infrastrutture e, in particolare, al lungomare.<\/span><\/p>\n<p><span style=\"font-family: 'Times New Roman',serif;\">Alla riunione ha partecipato il sindaco della Citt\u00e0 Metropolitana di Messina, <strong>Federico Basile<\/strong>, accompagnato dal direttore generale <strong>Giuseppe Campagna<\/strong>, dal capo di gabinetto <strong>Lalla Parisi<\/strong>, dal dirigente <strong>Biagio Privitera<\/strong> e dal funzionario <strong>Gaetano Maggioloti<\/strong>.<\/span><\/p>\n<p><span style=\"font-family: 'Times New Roman',serif;\">Il vertice \u00e8 stato presieduto dalla prefetta di Messina, <strong>Cosima Di Stani<\/strong>, alla presenza del sindaco di Santa Teresa di Riva <strong>Danilo Lo Giudice,<\/strong> dei vertici provinciali e locali di Polizia, Carabinieri, Guardia di Finanza, Polizia Stradale, Vigili del Fuoco, Autorit\u00e0 di Bacino, Polizia Locale, Protezione Civile, Croce Rossa Italiana, Anas, E-Distribuzione, Fin. Consorzio, nonch\u00e9 dei rappresentanti dell\u2019Amministrazione comunale e dell\u2019Ufficio tecnico.<\/span><\/p>\n<p><span style=\"font-family: 'Times New Roman',serif;\">Nel corso dell\u2019incontro, la prefetta Di Stani ha fatto il punto sull\u2019emergenza, analizzando ogni criticit\u00e0 e confrontandosi con tutti i soggetti coinvolti, con particolare attenzione alla viabilit\u00e0 e alla continuit\u00e0 dei servizi essenziali da garantire alla popolazione. Alle Forze dell\u2019Ordine \u00e8 stato chiesto di presidiare costantemente il lungomare e le zone interessate dai crolli, al fine di evitare che i cittadini si avvicinino alle aree a rischio, considerata la possibilit\u00e0 di ulteriori cedimenti.<\/span><\/p>\n<p><span style=\"font-family: 'Times New Roman',serif;\">Al termine del vertice, la prefetta Cosima Di Stani ha dichiarato: <em>\u00abI danni sono ingenti e vi era la necessit\u00e0 di avere un quadro conoscitivo dettagliato della situazione. Ho chiesto l\u2019intervento dell\u2019Esercito per gestire meglio soprattutto la viabilit\u00e0 e consentire la ripresa normale delle attivit\u00e0. Abbiamo fatto un primo quadro e adottato i primi provvedimenti; proseguiremo per valutare con attenzione gli ulteriori interventi che si renderanno necessari\u00bb.<\/em><\/span><\/p>\n<p><span style=\"font-family: 'Times New Roman',serif;\">Il sindaco metropolitano Federico Basile, ha ribadito il ruolo della Citt\u00e0 Metropolitana nel coordinamento delle azioni di emergenza: <em>\u00abCi troviamo di fronte a una situazione estremamente seria che ci ha colpito duramente. La priorit\u00e0 assoluta \u00e8 la sicurezza dei cittadini e la tutela della viabilit\u00e0. Come Citt\u00e0 Metropolitana stiamo lavorando in sinergia con la Prefettura, i Comuni e tutti gli enti competenti per affrontare l\u2019emergenza e avviare tempestivamente le procedure necessarie a reperire le risorse utili agli interventi strutturali e al ripristino delle infrastrutture danneggiate\u00bb.<\/em><\/span><\/p>\n<p><span style=\"font-family: 'Times New Roman',serif;\">Sulla stessa linea il direttore generale <strong>Giuseppe Campagna<\/strong>, che ha posto l\u2019accento sull\u2019aspetto tecnico-operativo dell\u2019azione dell\u2019Ente: \u00ab\u00c8 in corso una ricognizione puntuale dei danni lungo l\u2019intera rete stradale di competenza, cos\u00ec come negli <img loading=\"lazy\" class=\"size-medium wp-image-57030 alignleft\" src=\"https:\/\/www.radioempire.it\/wp-content\/uploads\/2026\/01\/Roccalumera-danni-al-lungomare-1-300x225.jpg\" alt=\"\" width=\"300\" height=\"225\" srcset=\"https:\/\/www.radioempire.it\/wp-content\/uploads\/2026\/01\/Roccalumera-danni-al-lungomare-1-300x225.jpg 300w, https:\/\/www.radioempire.it\/wp-content\/uploads\/2026\/01\/Roccalumera-danni-al-lungomare-1-1024x768.jpg 1024w, https:\/\/www.radioempire.it\/wp-content\/uploads\/2026\/01\/Roccalumera-danni-al-lungomare-1-768x576.jpg 768w, https:\/\/www.radioempire.it\/wp-content\/uploads\/2026\/01\/Roccalumera-danni-al-lungomare-1-1536x1152.jpg 1536w, https:\/\/www.radioempire.it\/wp-content\/uploads\/2026\/01\/Roccalumera-danni-al-lungomare-1.jpg 1600w\" sizes=\"(max-width: 300px) 100vw, 300px\" \/><img loading=\"lazy\" class=\"size-medium wp-image-57031 alignleft\" src=\"https:\/\/www.radioempire.it\/wp-content\/uploads\/2026\/01\/Taormina-danni-al-lungomare-di-Mazzeo-1-300x225.jpg\" alt=\"\" width=\"300\" height=\"225\" srcset=\"https:\/\/www.radioempire.it\/wp-content\/uploads\/2026\/01\/Taormina-danni-al-lungomare-di-Mazzeo-1-300x225.jpg 300w, https:\/\/www.radioempire.it\/wp-content\/uploads\/2026\/01\/Taormina-danni-al-lungomare-di-Mazzeo-1-1024x768.jpg 1024w, https:\/\/www.radioempire.it\/wp-content\/uploads\/2026\/01\/Taormina-danni-al-lungomare-di-Mazzeo-1-768x576.jpg 768w, https:\/\/www.radioempire.it\/wp-content\/uploads\/2026\/01\/Taormina-danni-al-lungomare-di-Mazzeo-1-1536x1152.jpg 1536w, https:\/\/www.radioempire.it\/wp-content\/uploads\/2026\/01\/Taormina-danni-al-lungomare-di-Mazzeo-1.jpg 1600w\" sizes=\"(max-width: 300px) 100vw, 300px\" \/>edifici scolastici e negli altri immobili gestiti dalla Citt\u00e0 Metropolitana. Nell\u2019immediato \u00e8 stato garantito il necessario supporto operativo attraverso l\u2019impiego di idrovore nei comuni di <strong>Nizza di Sicilia<\/strong> e <strong>Al\u00ec Terme<\/strong>, per fronteggiare le criticit\u00e0 legate agli allagamenti e salvaguardare la sicurezza dei cittadini. Disporre di dati accurati \u00e8 essenziale per programmare in modo efficace sia gli interventi urgenti sia quelli di medio-lungo periodo, assicurando la sicurezza, la funzionalit\u00e0 delle infrastrutture e una risposta adeguata alle esigenze delle comunit\u00e0 colpite\u00bb.<\/span><\/p>\n<p><span style=\"font-family: 'Times New Roman',serif;\">La mattinata \u00e8 quindi proseguita con un sopralluogo congiunto nei comuni ionici maggiormente colpiti dal maltempo. Nel corso delle verifiche si \u00e8 svolto anche un incontro direttamente sui luoghi con i sindaci di <strong>Roccalumera<\/strong>, <strong>Letojanni<\/strong>, <strong>Furci Siculo,<\/strong> <strong>Sant\u2019Alessio Siculo, Santa Teresa di Riva, Ali Terme, Nizza di Sicilia<\/strong>, <strong>Taormina<\/strong> (frazione <strong>Mazzeo<\/strong>) e <strong>Giardini Naxos<\/strong>, con l\u2019obiettivo di condividere una valutazione complessiva dei danni e definire una strategia unitaria per gli interventi immediati e per la successiva fase di messa in sicurezza e ricostruzione dell\u2019intero comprensorio costiero ionico.<\/span><\/p>\n<p><span style=\"font-family: 'Arial',sans-serif;\">\u00a0<\/span><\/p>\n<p><strong><span style=\"font-family: 'Arial',sans-serif;\">Il Responsabile dell\u2019Ufficio Comunicazione Istituzionale<\/span><\/strong><\/p>\n<p><strong><span style=\"font-family: 'Arial',sans-serif;\">Dott. Giuseppe Span\u00f2<\/span><\/strong><\/p>\n<p><strong><span style=\"font-family: 'Arial',sans-serif;\">\u00a0<\/span><\/strong><\/p>\n<p><strong><span style=\"font-family: 'Arial',sans-serif;\">Il Responsabile del Servizio Gabinetto Istituzionale<\/span><\/strong><\/p>\n<p><strong><span style=\"font-family: 'Arial',sans-serif;\">Ing. G. Maggioloti<\/span><\/strong><\/p>\n","protected":false},"excerpt":{"rendered":"<p>La riunione si \u00e8 tenuta stamani a Santa Teresa di Riva \u00a0 Si \u00e8 svolto stamane, presso il municipio di Santa Teresa di Riva, un vertice istituzionale dedicato all\u2019emergenza causata<\/p>\n<div><a class=\"permalink\" href=\"https:\/\/www.radioempire.it\/index.php\/2026\/01\/22\/citta-metropolitana-di-messina-emergenza-maltempo-vertice-e-sopralluogo-con-il-sindaco-basile-la-prefetta-di-stani-e-i-sindaci-dei-comuni-colpiti-della-costa-ionica\/\">Read More&#8230;<\/a><\/div>\n","protected":false},"author":2,"featured_media":57029,"comment_status":"closed","ping_status":"closed","sticky":false,"template":"","format":"standard","meta":[],"categories":[3,36],"tags":[],"_links":{"self":[{"href":"https:\/\/www.radioempire.it\/index.php\/wp-json\/wp\/v2\/posts\/57028"}],"collection":[{"href":"https:\/\/www.radioempire.it\/index.php\/wp-json\/wp\/v2\/posts"}],"about":[{"href":"https:\/\/www.radioempire.it\/index.php\/wp-json\/wp\/v2\/types\/post"}],"author":[{"embeddable":true,"href":"https:\/\/www.radioempire.it\/index.php\/wp-json\/wp\/v2\/users\/2"}],"replies":[{"embeddable":true,"href":"https:\/\/www.radioempire.it\/index.php\/wp-json\/wp\/v2\/comments?post=57028"}],"version-history":[{"count":1,"href":"https:\/\/www.radioempire.it\/index.php\/wp-json\/wp\/v2\/posts\/57028\/revisions"}],"predecessor-version":[{"id":57034,"href":"https:\/\/www.radioempire.it\/index.php\/wp-json\/wp\/v2\/posts\/57028\/revisions\/57034"}],"wp:featuredmedia":[{"embeddable":true,"href":"https:\/\/www.radioempire.it\/index.php\/wp-json\/wp\/v2\/media\/57029"}],"wp:attachment":[{"href":"https:\/\/www.radioempire.it\/index.php\/wp-json\/wp\/v2\/media?parent=57028"}],"wp:term":[{"taxonomy":"category","embeddable":true,"href":"https:\/\/www.radioempire.it\/index.php\/wp-json\/wp\/v2\/categories?post=57028"},{"taxonomy":"post_tag","embeddable":true,"href":"https:\/\/www.radioempire.it\/index.php\/wp-json\/wp\/v2\/tags?post=57028"}],"curies":[{"name":"wp","href":"https:\/\/api.w.org\/{rel}","templated":true}]}}