{"id":57055,"date":"2026-01-24T11:25:22","date_gmt":"2026-01-24T11:25:22","guid":{"rendered":"https:\/\/www.radioempire.it\/?p=57055"},"modified":"2026-01-24T11:25:22","modified_gmt":"2026-01-24T11:25:22","slug":"ricostruiamo-insieme-la-campagna-di-raccolta-fondi-per-sostenere-il-comune-di-messina-e-i-comuni-della-riviera-jonica","status":"publish","type":"post","link":"https:\/\/www.radioempire.it\/index.php\/2026\/01\/24\/ricostruiamo-insieme-la-campagna-di-raccolta-fondi-per-sostenere-il-comune-di-messina-e-i-comuni-della-riviera-jonica\/","title":{"rendered":"RicostruiAMO insieME &#8211; la campagna di raccolta fondi per sostenere il Comune di Messina e i Comuni della Riviera Jonica"},"content":{"rendered":"<p><strong><em>ASSIF promuove una campagna di raccolta fondi \u00a0per la Citt\u00e0 Metropolitana di Messina: raccolta fondi a sostegno delle famiglie e delle piccole imprese colpite dal ciclone Harry, pi\u00f9 in particolare del Comune di Messina e nei Comuni della Riviera Jonica.<\/em><\/strong><\/p>\n<p><em>\u00a0<\/em><em>Messina, 23 gennaio 2026 <\/em>\u2013 <strong>ASSIF \u2013 Associazione Italiana Fundraiser promuove una campagna di raccolta fondi a favore della Citt\u00e0 Metropolitana di Messina, destinata a sostenere le famiglie e le piccole imprese maggiormente colpite dal ciclone Harry, con particolare attenzione alla zona Sud del Comune di Messina e ai Comuni della Riviera Jonica.<\/strong><\/p>\n<p>La campagna nasce dall\u2019iniziativa di ASSIF nazionale, con il supporto operativo delle socie e dei soci presenti sul territorio, e si inserisce in un\u2019azione di prossimit\u00e0 e responsabilit\u00e0 verso le comunit\u00e0 duramente segnate dagli effetti dell\u2019impattante evento climatico: <strong>\u201cASSIF \u00e8 l&#8217;associazione professionale che rappresenta le fundraiser e i fundraiser in Italia, nata nel 2001 con l&#8217;obiettivo di diffondere la cultura e la conoscenza del fundraising nel nostro Paese. <\/strong>In Sicilia, abbiamo socie e soci nei territori colpiti dal ciclone Harry e, come gi\u00e0 fatto in altre occasioni, sentiamo il dovere di essere vicini alla popolazione. <strong>Grazie alla collaborazione con l&#8217;Assessore Alessandra Calafiore, abbiamo avviato questa campagna di raccolta fondi per la Citt\u00e0 Metropolitana di Messina.<\/strong> La nostra forza \u00e8 quella di essere una comunit\u00e0, una rete viva e connessa. Per questo che ci sentiamo profondamente vicini alla popolazione siciliana e consapevoli delle difficolt\u00e0 e della sofferenza che molti Comuni stanno affrontando. <strong>Di fronte ad emergenze come questa, proviamo a tradurre il nostro senso di responsabilit\u00e0 e di solidariet\u00e0 in azioni concrete, mettendo a disposizione le competenze che quotidianamente utilizziamo per sostenere le cause in cui crediamo\u201d \u2013 il Consiglio Direttivo di ASSIF &#8211; Associazione Italiana Fundraiser<\/strong><\/p>\n<p><strong><img loading=\"lazy\" class=\"size-medium wp-image-57057 alignleft\" src=\"https:\/\/www.radioempire.it\/wp-content\/uploads\/2026\/01\/danilo-rizzo-0-300x200.jpg\" alt=\"\" width=\"300\" height=\"200\" srcset=\"https:\/\/www.radioempire.it\/wp-content\/uploads\/2026\/01\/danilo-rizzo-0-300x200.jpg 300w, https:\/\/www.radioempire.it\/wp-content\/uploads\/2026\/01\/danilo-rizzo-0-768x511.jpg 768w, https:\/\/www.radioempire.it\/wp-content\/uploads\/2026\/01\/danilo-rizzo-0.jpg 1000w\" sizes=\"(max-width: 300px) 100vw, 300px\" \/>L\u2019iniziativa ha ricevuto il sostegno istituzionale della Citt\u00e0 Metropolitana di Messina. Il Sindaco metropolitano, Federico Basile<\/strong>, ha voluto esprimere il proprio apprezzamento per l\u2019impegno messo in campo dall\u2019Associazione e dalla comunit\u00e0 professionale dei fundraiser.<\/p>\n<p><strong>\u201c<\/strong>Sono profondamente colpito e grato per questa iniziativa promossa da ASSIF. Il pensiero che tante professioniste e tanti professionisti, da tutta Italia, abbiano voluto donare tempo e competenze al nostro territorio ci trasmette calore, vicinanza e un forte senso di comunit\u00e0. Ma, soprattutto, questo gesto si trasforma in un\u2019azione concreta a sostegno di chi \u00e8 stato maggiormente colpito dal ciclone e dai suoi effetti. In particolare, <strong>la campagna sosterr\u00e0 i bisogni e le prime necessit\u00e0 delle famiglie e delle piccole imprese pi\u00f9 colpite nella zona Sud di Messina e nei Comuni della Riviera Jonica. \u00c8 un dono che nasce su iniziativa dell\u2019Associazione Italiana Fundraiser<\/strong>, con il supporto operativo delle socie e dei soci sul territorio. <strong>Un gesto che merita solo una parola: grazie.<\/strong><\/p>\n<p><strong>Alla cittadinanza di tutta la Citt\u00e0 Metropolitana rivolgo un invito a divulgare questa iniziativa attraverso i propri canali. Donare, indipendentemente dall\u2019importo, \u00e8 un gesto che in questo caso pu\u00f2 davvero fare la differenza<\/strong>.\u201d \u2013 <strong>Federico Basile, Sindaco della Citt\u00e0 Metropolitana di Messina<\/strong><\/p>\n<p>La campagna si sviluppa attorno al claim<strong> \u201cRicostruiamo insieme<\/strong>, a sottolineare il valore del contributo collettivo come leva per la ripartenza, la continuit\u00e0 economica e la ricostruzione delle relazioni sociali e produttive nei territori colpiti. I fondi raccolti saranno destinati in via prioritaria al sostegno delle prime necessit\u00e0 delle famiglie e delle piccole attivit\u00e0 economiche danneggiate, contribuendo a creare condizioni di stabilit\u00e0 e ripartenza in una fase particolarmente delicata per l\u2019intera area metropolitana.<\/p>\n<p><strong>Come donare?<\/strong><br \/>\n<strong>\u00c8 possibile contribuire alla campagna attraverso la piattaforma Rete del Dono, al seguente link:<br \/>\n<\/strong><a href=\"https:\/\/www.retedeldono.it\/progetto\/ricostruiamo-insieme\"><strong>https:\/\/www.retedeldono.it\/progetto\/ricostruiamo-insieme<\/strong><\/a><\/p>\n<p>Ogni donazione, di qualsiasi importo, rappresenta un gesto concreto di vicinanza e responsabilit\u00e0 verso le comunit\u00e0 colpite e un contributo diretto alla ricostruzione materiale e sociale del territorio.<\/p>\n","protected":false},"excerpt":{"rendered":"<p>ASSIF promuove una campagna di raccolta fondi \u00a0per la Citt\u00e0 Metropolitana di Messina: raccolta fondi a sostegno delle famiglie e delle piccole imprese colpite dal ciclone Harry, pi\u00f9 in particolare<\/p>\n<div><a class=\"permalink\" href=\"https:\/\/www.radioempire.it\/index.php\/2026\/01\/24\/ricostruiamo-insieme-la-campagna-di-raccolta-fondi-per-sostenere-il-comune-di-messina-e-i-comuni-della-riviera-jonica\/\">Read More&#8230;<\/a><\/div>\n","protected":false},"author":2,"featured_media":57056,"comment_status":"closed","ping_status":"closed","sticky":false,"template":"","format":"standard","meta":[],"categories":[3,36],"tags":[],"_links":{"self":[{"href":"https:\/\/www.radioempire.it\/index.php\/wp-json\/wp\/v2\/posts\/57055"}],"collection":[{"href":"https:\/\/www.radioempire.it\/index.php\/wp-json\/wp\/v2\/posts"}],"about":[{"href":"https:\/\/www.radioempire.it\/index.php\/wp-json\/wp\/v2\/types\/post"}],"author":[{"embeddable":true,"href":"https:\/\/www.radioempire.it\/index.php\/wp-json\/wp\/v2\/users\/2"}],"replies":[{"embeddable":true,"href":"https:\/\/www.radioempire.it\/index.php\/wp-json\/wp\/v2\/comments?post=57055"}],"version-history":[{"count":1,"href":"https:\/\/www.radioempire.it\/index.php\/wp-json\/wp\/v2\/posts\/57055\/revisions"}],"predecessor-version":[{"id":57058,"href":"https:\/\/www.radioempire.it\/index.php\/wp-json\/wp\/v2\/posts\/57055\/revisions\/57058"}],"wp:featuredmedia":[{"embeddable":true,"href":"https:\/\/www.radioempire.it\/index.php\/wp-json\/wp\/v2\/media\/57056"}],"wp:attachment":[{"href":"https:\/\/www.radioempire.it\/index.php\/wp-json\/wp\/v2\/media?parent=57055"}],"wp:term":[{"taxonomy":"category","embeddable":true,"href":"https:\/\/www.radioempire.it\/index.php\/wp-json\/wp\/v2\/categories?post=57055"},{"taxonomy":"post_tag","embeddable":true,"href":"https:\/\/www.radioempire.it\/index.php\/wp-json\/wp\/v2\/tags?post=57055"}],"curies":[{"name":"wp","href":"https:\/\/api.w.org\/{rel}","templated":true}]}}