{"id":57514,"date":"2026-03-12T15:01:37","date_gmt":"2026-03-12T15:01:37","guid":{"rendered":"https:\/\/www.radioempire.it\/?p=57514"},"modified":"2026-03-12T15:01:53","modified_gmt":"2026-03-12T15:01:53","slug":"biblioteca-regionale-di-messina-archeographia-limmagine-dellantico-in-sicilia-esposizione-iconografica-e-bibliografica-fruibile-fino-al-3-aprile-2026","status":"publish","type":"post","link":"https:\/\/www.radioempire.it\/index.php\/2026\/03\/12\/biblioteca-regionale-di-messina-archeographia-limmagine-dellantico-in-sicilia-esposizione-iconografica-e-bibliografica-fruibile-fino-al-3-aprile-2026\/","title":{"rendered":"Biblioteca Regionale di Messina &#8211; \u201cArcheoGraphia: l\u2019immagine dell\u2019antico in Sicilia\u201d \u2013 Esposizione iconografica  e bibliografica fruibile fino al 3 aprile 2026."},"content":{"rendered":"<p>In occasione della Giornata dei Beni Culturali Siciliani e in memoria dell\u2019Assessore Sebastiano Tusa, alto professionista e uomo di valori eccelsi, \u00e8 stata allestita presso la sede centrale della Biblioteca Regionale di Messina (Palazzo Arcivescovile, 117), nel Salone Eventi sito al piano terra, una ricca esposizione iconografica e bibliografica di archeologia.<\/p>\n<p>Il percorso espositivo, che \u00e8 fruibile fino al 3 aprile 2026, con ingresso libero, nei consueti orari di apertura al pubblico (luned\u00ec-venerd\u00ec 9-13; mercoled\u00ec anche di pomeriggio 15-17:30), presenta ai visitatori, unitamente agli inestimabili testi di archeologia del Fondo antico d\u2019Istituto, preziose immagini di reperti archeologici siciliani, testimonianze del passato riaffioranti dalle rare stampe. Arricchiscono, altres\u00ec, la mostra, fotografie antiche che riproducono squarci di bellezze artistiche archeologiche della nostra amata Sicilia.<\/p>\n<p>E\u2019 messa a disposizione dei fruitori una bibliografia tematica dei libri scritti da Sebastiano Tusa, alcuni dei quali hanno preso posto sugli espositori, insieme a volumi attuali di archeologia e, in particolare, archeologia in Sicilia.<\/p>\n<p><strong>Ufficio Relazioni con il Pubblico<br \/>\nLa Referente URP Funz. Dir.<br \/>\nMaria Rita Morgana<\/p>\n<p>urpbibliome@regione.sicilia.it<br \/>\ntel 090674564<\/strong><\/p>\n","protected":false},"excerpt":{"rendered":"<p>In occasione della Giornata dei Beni Culturali Siciliani e in memoria dell\u2019Assessore Sebastiano Tusa, alto professionista e uomo di valori eccelsi, \u00e8 stata allestita presso la sede centrale della Biblioteca<\/p>\n<div><a class=\"permalink\" href=\"https:\/\/www.radioempire.it\/index.php\/2026\/03\/12\/biblioteca-regionale-di-messina-archeographia-limmagine-dellantico-in-sicilia-esposizione-iconografica-e-bibliografica-fruibile-fino-al-3-aprile-2026\/\">Read More&#8230;<\/a><\/div>\n","protected":false},"author":2,"featured_media":57515,"comment_status":"closed","ping_status":"closed","sticky":false,"template":"","format":"standard","meta":[],"categories":[36,78,1],"tags":[],"_links":{"self":[{"href":"https:\/\/www.radioempire.it\/index.php\/wp-json\/wp\/v2\/posts\/57514"}],"collection":[{"href":"https:\/\/www.radioempire.it\/index.php\/wp-json\/wp\/v2\/posts"}],"about":[{"href":"https:\/\/www.radioempire.it\/index.php\/wp-json\/wp\/v2\/types\/post"}],"author":[{"embeddable":true,"href":"https:\/\/www.radioempire.it\/index.php\/wp-json\/wp\/v2\/users\/2"}],"replies":[{"embeddable":true,"href":"https:\/\/www.radioempire.it\/index.php\/wp-json\/wp\/v2\/comments?post=57514"}],"version-history":[{"count":1,"href":"https:\/\/www.radioempire.it\/index.php\/wp-json\/wp\/v2\/posts\/57514\/revisions"}],"predecessor-version":[{"id":57516,"href":"https:\/\/www.radioempire.it\/index.php\/wp-json\/wp\/v2\/posts\/57514\/revisions\/57516"}],"wp:featuredmedia":[{"embeddable":true,"href":"https:\/\/www.radioempire.it\/index.php\/wp-json\/wp\/v2\/media\/57515"}],"wp:attachment":[{"href":"https:\/\/www.radioempire.it\/index.php\/wp-json\/wp\/v2\/media?parent=57514"}],"wp:term":[{"taxonomy":"category","embeddable":true,"href":"https:\/\/www.radioempire.it\/index.php\/wp-json\/wp\/v2\/categories?post=57514"},{"taxonomy":"post_tag","embeddable":true,"href":"https:\/\/www.radioempire.it\/index.php\/wp-json\/wp\/v2\/tags?post=57514"}],"curies":[{"name":"wp","href":"https:\/\/api.w.org\/{rel}","templated":true}]}}