{"id":58025,"date":"2026-04-26T19:12:06","date_gmt":"2026-04-26T19:12:06","guid":{"rendered":"https:\/\/www.radioempire.it\/?p=58025"},"modified":"2026-04-26T19:21:49","modified_gmt":"2026-04-26T19:21:49","slug":"presentazione-del-progetto-artistico-la-liberta-delle-donne-di-emanuela-ferrando","status":"publish","type":"post","link":"https:\/\/www.radioempire.it\/index.php\/2026\/04\/26\/presentazione-del-progetto-artistico-la-liberta-delle-donne-di-emanuela-ferrando\/","title":{"rendered":"Presentazione del progetto artistico &#8220;La libert\u00e0 delle Donne&#8221; di Emanuela Ferrando"},"content":{"rendered":"<p><strong>Sono Emanuela Ferrando, cantautrice genovese, e ho il piacere di presentarvi il mio nuovo progetto <\/strong><br \/>\n<strong>discografico e culturale intitolato &#8220;La libert\u00e0 delle Donne&#8221;.<\/strong><br \/>\nL&#8217;opera nasce da una riflessione profonda sui vincoli che la societ\u00e0 contemporanea e i mezzi di<br \/>\ncomunicazione impongono all&#8217;universo femminile, in particolare attraverso la reiterazione di<br \/>\nstereotipi legati alle donne che superano la soglia dei cinquant&#8217;anni. Troppo spesso, la cultura<br \/>\ndominante esige che una donna matura si conformi a canoni di &#8220;sobriet\u00e0&#8221; e discrezione che tendono<br \/>\na invisibilizzarne l&#8217;identit\u00e0 e la vitalit\u00e0.<br \/>\n<img loading=\"lazy\" class=\"size-medium wp-image-58027 alignleft\" src=\"https:\/\/www.radioempire.it\/wp-content\/uploads\/2026\/04\/Emanuela-11-172x300.jpg\" alt=\"\" width=\"172\" height=\"300\" srcset=\"https:\/\/www.radioempire.it\/wp-content\/uploads\/2026\/04\/Emanuela-11-172x300.jpg 172w, https:\/\/www.radioempire.it\/wp-content\/uploads\/2026\/04\/Emanuela-11-589x1024.jpg 589w, https:\/\/www.radioempire.it\/wp-content\/uploads\/2026\/04\/Emanuela-11.jpg 600w\" sizes=\"(max-width: 172px) 100vw, 172px\" \/>Rifiuto con forza il concetto di &#8220;vecchiaia&#8221; \u2014 termine che trovo inadeguato e riduttivo \u2014 poich\u00e9<br \/>\nritengo che l&#8217;avanzare del tempo non coincida con il declino, bens\u00ec con una preziosa evoluzione<br \/>\npersonale. A differenza degli oggetti, che invecchiano fino a diventare obsoleti, l\u2019essere umano ha il<br \/>\nprivilegio di crescere.<br \/>\nAttraverso la mia musica, intendo sfidare i diktat estetici che vorrebbero imporre gonne lunghe,<br \/>\ntinte coprenti e atteggiamenti dimessi. Rivendico la bellezza dell&#8217;autenticit\u00e0, come nel caso dei<br \/>\ncapelli argentati: un dettaglio che oggi le nuove generazioni ricercano artificialmente, ma che per la<br \/>\ndonna matura viene spesso ingiustamente considerato un segno di trascuratezza.<br \/>\nPersonalmente, ho conquistato la mia libert\u00e0 nel momento in cui ho scelto di dare priorit\u00e0 al mio<br \/>\nsguardo anzich\u00e9 al giudizio altrui. A cinquantasette anni, la mia cifra \u00e8 la vitalit\u00e0. Perch\u00e9, se l&#8217;et\u00e0 \u00e8<br \/>\nun mero dato anagrafico, &#8220;tutto il resto \u00e8 noia&#8221;.<\/p>\n<p><strong>Redazionale<\/strong><\/p>\n","protected":false},"excerpt":{"rendered":"<p>Sono Emanuela Ferrando, cantautrice genovese, e ho il piacere di presentarvi il mio nuovo progetto discografico e culturale intitolato &#8220;La libert\u00e0 delle Donne&#8221;. L&#8217;opera nasce da una riflessione profonda sui<\/p>\n<div><a class=\"permalink\" href=\"https:\/\/www.radioempire.it\/index.php\/2026\/04\/26\/presentazione-del-progetto-artistico-la-liberta-delle-donne-di-emanuela-ferrando\/\">Read More&#8230;<\/a><\/div>\n","protected":false},"author":2,"featured_media":58026,"comment_status":"closed","ping_status":"closed","sticky":false,"template":"","format":"standard","meta":[],"categories":[36,78],"tags":[],"_links":{"self":[{"href":"https:\/\/www.radioempire.it\/index.php\/wp-json\/wp\/v2\/posts\/58025"}],"collection":[{"href":"https:\/\/www.radioempire.it\/index.php\/wp-json\/wp\/v2\/posts"}],"about":[{"href":"https:\/\/www.radioempire.it\/index.php\/wp-json\/wp\/v2\/types\/post"}],"author":[{"embeddable":true,"href":"https:\/\/www.radioempire.it\/index.php\/wp-json\/wp\/v2\/users\/2"}],"replies":[{"embeddable":true,"href":"https:\/\/www.radioempire.it\/index.php\/wp-json\/wp\/v2\/comments?post=58025"}],"version-history":[{"count":2,"href":"https:\/\/www.radioempire.it\/index.php\/wp-json\/wp\/v2\/posts\/58025\/revisions"}],"predecessor-version":[{"id":58029,"href":"https:\/\/www.radioempire.it\/index.php\/wp-json\/wp\/v2\/posts\/58025\/revisions\/58029"}],"wp:featuredmedia":[{"embeddable":true,"href":"https:\/\/www.radioempire.it\/index.php\/wp-json\/wp\/v2\/media\/58026"}],"wp:attachment":[{"href":"https:\/\/www.radioempire.it\/index.php\/wp-json\/wp\/v2\/media?parent=58025"}],"wp:term":[{"taxonomy":"category","embeddable":true,"href":"https:\/\/www.radioempire.it\/index.php\/wp-json\/wp\/v2\/categories?post=58025"},{"taxonomy":"post_tag","embeddable":true,"href":"https:\/\/www.radioempire.it\/index.php\/wp-json\/wp\/v2\/tags?post=58025"}],"curies":[{"name":"wp","href":"https:\/\/api.w.org\/{rel}","templated":true}]}}