{"id":58048,"date":"2026-04-29T14:05:42","date_gmt":"2026-04-29T14:05:42","guid":{"rendered":"https:\/\/www.radioempire.it\/?p=58048"},"modified":"2026-04-29T14:05:42","modified_gmt":"2026-04-29T14:05:42","slug":"international-jazz-day-2026-taormina-si-accende-con-le-note-di-keith-jarrett-e-lenergia-della-musica-di-strada","status":"publish","type":"post","link":"https:\/\/www.radioempire.it\/index.php\/2026\/04\/29\/international-jazz-day-2026-taormina-si-accende-con-le-note-di-keith-jarrett-e-lenergia-della-musica-di-strada\/","title":{"rendered":"International Jazz Day 2026: Taormina si accende con le note di Keith Jarrett e l\u2019energia della musica di strada"},"content":{"rendered":"<p>La citt\u00e0 di Taormina si prepara a celebrare l\u2019International Jazz Day 2026, l\u2019appuntamento internazionale dedicato alla musica jazz promosso in tutto il mondo, con una giornata che unisce cultura, spettacolo e valorizzazione del territorio.<\/p>\n<p>L\u2019iniziativa \u00e8 sostenuta dalla Fondazione Taormina e dal comune di Taormina, in collaborazione con Taormina Jazz APS, con l\u2019obiettivo di rafforzare il ruolo della citt\u00e0 come palcoscenico d\u2019eccellenza per eventi culturali di respiro internazionale.<\/p>\n<p>Il programma di gioved\u00ec 30 aprile prevede due momenti distinti ma profondamente connessi tra loro:<\/p>\n<p>\u2013alle ore 18.30, lungo Corso Umberto, la parata della Size 46 Street Band porter\u00e0 musica ed energia tra le vie del centro storico, trasformando la citt\u00e0 in un percorso sonoro a cielo aperto;<\/p>\n<p>\u2013alle ore 21.00, al Palazzo dei Congressi, spazio alla grande musica con la pianista siciliana Gilda Butt\u00e0, tra le voci pi\u00f9 raffinate del panorama musicale internazionale, che eseguir\u00e0 il celebre Concerto di Colonia di Keith Jarrett.<\/p>\n<p>Un evento che intreccia identit\u00e0 e apertura, tradizione e linguaggi contemporanei, confermando la vocazione di Taormina come luogo di incontro tra culture, arti e sensibilit\u00e0 diverse.<\/p>\n<p>\u201cLa Giornata Internazionale del Jazz rappresenta un\u2019occasione straordinaria per ribadire il valore universale della musica come linguaggio capace di unire persone, culture e generazioni diverse\u201d, dichiara la Presidente della Fondazione Taormina, Valeria Brancato. \u201cAbbiamo voluto sostenere con convinzione questa iniziativa perch\u00e9 incarna perfettamente la visione di una Taormina aperta, viva, capace di dialogare con il mondo attraverso l\u2019arte. Non \u00e8 un caso che questa Amministrazione abbia sostenuto anche il Taormina Jazz Festival, mettendo a disposizione una propria data al Teatro Antico nel calendario estivo: una scelta chiara, che conferma quanto crediamo nel valore del progetto che l\u2019associazione Taormina Jazz sta portando avanti. Investire nella musica significa investire nell\u2019identit\u00e0 culturale e nella qualit\u00e0 dell\u2019offerta della nostra citt\u00e0\u201d.<\/p>\n<p>\u201cL\u2019International Jazz Day \u2013 afferma Floriana Ippolito presidente di Taormina Jazz Aps \u2013 rappresenta un momento di straordinaria connessione tra territori e culture, e per Taormina \u00e8 l\u2019occasione per affermare ancora di pi\u00f9 il proprio ruolo nel panorama musicale internazionale. Come Presidente di Taormina Jazz APS, sono particolarmente orgogliosa di questo appuntamento, che nasce dalla volont\u00e0 di portare il jazz tra le persone, rendendolo esperienza viva e condivisa. Desidero ringraziare la Fondazione Taormina per aver compreso e sostenuto con visione il valore di questa iniziativa: investire nella musica significa investire nell\u2019identit\u00e0, nella qualit\u00e0 e nel futuro culturale del territorio.\u201d<\/p>\n<p><strong>La partecipazione \u00e8 libera, a testimonianza della volont\u00e0 condivisa di rendere la musica accessibile e protagonista dello spazio pubblico, coinvolgendo cittadini e visitatori in un\u2019esperienza culturale diffusa.<\/strong><\/p>\n","protected":false},"excerpt":{"rendered":"<p>La citt\u00e0 di Taormina si prepara a celebrare l\u2019International Jazz Day 2026, l\u2019appuntamento internazionale dedicato alla musica jazz promosso in tutto il mondo, con una giornata che unisce cultura, spettacolo<\/p>\n<div><a class=\"permalink\" href=\"https:\/\/www.radioempire.it\/index.php\/2026\/04\/29\/international-jazz-day-2026-taormina-si-accende-con-le-note-di-keith-jarrett-e-lenergia-della-musica-di-strada\/\">Read More&#8230;<\/a><\/div>\n","protected":false},"author":2,"featured_media":58049,"comment_status":"closed","ping_status":"closed","sticky":false,"template":"","format":"standard","meta":[],"categories":[36,78],"tags":[],"_links":{"self":[{"href":"https:\/\/www.radioempire.it\/index.php\/wp-json\/wp\/v2\/posts\/58048"}],"collection":[{"href":"https:\/\/www.radioempire.it\/index.php\/wp-json\/wp\/v2\/posts"}],"about":[{"href":"https:\/\/www.radioempire.it\/index.php\/wp-json\/wp\/v2\/types\/post"}],"author":[{"embeddable":true,"href":"https:\/\/www.radioempire.it\/index.php\/wp-json\/wp\/v2\/users\/2"}],"replies":[{"embeddable":true,"href":"https:\/\/www.radioempire.it\/index.php\/wp-json\/wp\/v2\/comments?post=58048"}],"version-history":[{"count":1,"href":"https:\/\/www.radioempire.it\/index.php\/wp-json\/wp\/v2\/posts\/58048\/revisions"}],"predecessor-version":[{"id":58050,"href":"https:\/\/www.radioempire.it\/index.php\/wp-json\/wp\/v2\/posts\/58048\/revisions\/58050"}],"wp:featuredmedia":[{"embeddable":true,"href":"https:\/\/www.radioempire.it\/index.php\/wp-json\/wp\/v2\/media\/58049"}],"wp:attachment":[{"href":"https:\/\/www.radioempire.it\/index.php\/wp-json\/wp\/v2\/media?parent=58048"}],"wp:term":[{"taxonomy":"category","embeddable":true,"href":"https:\/\/www.radioempire.it\/index.php\/wp-json\/wp\/v2\/categories?post=58048"},{"taxonomy":"post_tag","embeddable":true,"href":"https:\/\/www.radioempire.it\/index.php\/wp-json\/wp\/v2\/tags?post=58048"}],"curies":[{"name":"wp","href":"https:\/\/api.w.org\/{rel}","templated":true}]}}