{"id":582,"date":"2016-12-19T13:21:42","date_gmt":"2016-12-19T13:21:42","guid":{"rendered":"http:\/\/www.radioempire.it\/?p=582"},"modified":"2016-12-19T13:25:21","modified_gmt":"2016-12-19T13:25:21","slug":"messina-ribelli-e-sognatori-al-monte-di-pieta-in-mostra-le-opere-di-venticinque-artisti-siciliani","status":"publish","type":"post","link":"https:\/\/www.radioempire.it\/index.php\/2016\/12\/19\/messina-ribelli-e-sognatori-al-monte-di-pieta-in-mostra-le-opere-di-venticinque-artisti-siciliani\/","title":{"rendered":"Messina. &#8220;Ribelli e sognatori\u201d, al Monte di Piet\u00e0 in mostra le opere di venticinque artisti siciliani"},"content":{"rendered":"<p>Servizio di Giuseppe Span\u00f2 &#8211;<br \/>\nL&#8217;evento espositivo sar\u00e0 visitabile fino al prossimo 31 dicembre<br \/>\nAl Monte di Piet\u00e0, mercoled\u00ec 21 dicembre alle ore 18.00, si inaugurer\u00e0 la mostra \u201cRibelli e sognatori\u201d.<br \/>\nLe opere di venticinque prestigiosi artisti siciliani saranno associate a particolari scatti fotografici per offrire due diverse visioni artistiche: un\u2019interessante collettiva d\u2019arte ed una personale fotografica.<br \/>\nL\u2019idea di partenza del fotografo Mimmo Irrera \u00e8 stata di ritrarre gli artisti con scatti forti e caratterizzati, ognuno precisamente ambientato nel proprio campo d\u2019azione, ma con l\u2019astrazione che fa della fotografia un\u2019arte.<br \/>\nSuccessivo l\u2019abbinamento con le le opere degli artisti che completano questa interessante  mostra.<br \/>\nGli artisti coinvolti sono: Antonello Arena, Giuseppe Brancato, A. Bonanno Russo, Mimmo Cuticchio, Michele D&#8217;Avenia, Riccardo De Leo, Marco Dentici, Alessandra Lanese, Giuseppe Leone, Mantilla, Giuseppe Maggio, Francesco Paderni, Franco Palmeri, Nunzio Pino, Teresa Pugliatti, Stello Quartarone, Giuditta Rustica, Enzo Salsetta, Bruno Samperi, Antonio Sciacca, Ferdinando Scianna, Mimma Sergi, Vincenzo Tripodo, Togo e Ranieri Wanderlingh.<br \/>\nLa mostra rimarr\u00e0 aperta fino al 31 dicembre 2016.<\/p>\n<p>       Il Responsabile del<br \/>\nServizio Comunicazione Esterna<br \/>\n         e Ufficio Stampa<br \/>\n      dott. Sergio Spadaro<br \/>\n                                                                                                                                                                                                                                       L\u2019Addetto Stampa                                                                                                                                                                                                                             giornalista Giuseppe Span\u00f2<\/p>\n","protected":false},"excerpt":{"rendered":"<p>Servizio di Giuseppe Span\u00f2 &#8211; L&#8217;evento espositivo sar\u00e0 visitabile fino al prossimo 31 dicembre Al Monte di Piet\u00e0, mercoled\u00ec 21 dicembre alle ore 18.00, si inaugurer\u00e0 la mostra \u201cRibelli e<\/p>\n<div><a class=\"permalink\" href=\"https:\/\/www.radioempire.it\/index.php\/2016\/12\/19\/messina-ribelli-e-sognatori-al-monte-di-pieta-in-mostra-le-opere-di-venticinque-artisti-siciliani\/\">Read More&#8230;<\/a><\/div>\n","protected":false},"author":2,"featured_media":0,"comment_status":"closed","ping_status":"closed","sticky":false,"template":"","format":"standard","meta":[],"categories":[3,36],"tags":[],"_links":{"self":[{"href":"https:\/\/www.radioempire.it\/index.php\/wp-json\/wp\/v2\/posts\/582"}],"collection":[{"href":"https:\/\/www.radioempire.it\/index.php\/wp-json\/wp\/v2\/posts"}],"about":[{"href":"https:\/\/www.radioempire.it\/index.php\/wp-json\/wp\/v2\/types\/post"}],"author":[{"embeddable":true,"href":"https:\/\/www.radioempire.it\/index.php\/wp-json\/wp\/v2\/users\/2"}],"replies":[{"embeddable":true,"href":"https:\/\/www.radioempire.it\/index.php\/wp-json\/wp\/v2\/comments?post=582"}],"version-history":[{"count":3,"href":"https:\/\/www.radioempire.it\/index.php\/wp-json\/wp\/v2\/posts\/582\/revisions"}],"predecessor-version":[{"id":587,"href":"https:\/\/www.radioempire.it\/index.php\/wp-json\/wp\/v2\/posts\/582\/revisions\/587"}],"wp:attachment":[{"href":"https:\/\/www.radioempire.it\/index.php\/wp-json\/wp\/v2\/media?parent=582"}],"wp:term":[{"taxonomy":"category","embeddable":true,"href":"https:\/\/www.radioempire.it\/index.php\/wp-json\/wp\/v2\/categories?post=582"},{"taxonomy":"post_tag","embeddable":true,"href":"https:\/\/www.radioempire.it\/index.php\/wp-json\/wp\/v2\/tags?post=582"}],"curies":[{"name":"wp","href":"https:\/\/api.w.org\/{rel}","templated":true}]}}