{"id":5994,"date":"2018-07-11T22:43:12","date_gmt":"2018-07-11T22:43:12","guid":{"rendered":"http:\/\/www.radioempire.it\/?p=5994"},"modified":"2018-07-11T22:43:12","modified_gmt":"2018-07-11T22:43:12","slug":"dal-14-al-21-luglio-taormina-accende-i-riflettori-su-taomoda-2018","status":"publish","type":"post","link":"https:\/\/www.radioempire.it\/index.php\/2018\/07\/11\/dal-14-al-21-luglio-taormina-accende-i-riflettori-su-taomoda-2018\/","title":{"rendered":"DAL 14 AL 21 LUGLIO TAORMINA  ACCENDE I RIFLETTORI SU TAOMODA 2018."},"content":{"rendered":"<p><strong><em>LA RASSEGNA OSPITERA\u2019 IN ESCLUSIVA LA MOSTRA<\/em><\/strong><\/p>\n<p><strong><em>DEDICATA AL STORICA MAISON BORSALINO.<\/em><\/strong><\/p>\n<p><strong><u>SABATO 21 LUGLIO IL GALA AL TEATRO ANTICO: ANNUNCIATI I PRIMI TAO AWARDS, GLI ALTRI NOMI ALLA VIGILIA<\/u><\/strong><\/p>\n<p><strong>\u00a0<\/strong>La notte dei <strong>Tao Awards 2018<\/strong> sar\u00e0 il <strong>21 luglio<\/strong>, al <strong>Teatro Antico<\/strong> di <strong>Taormina<\/strong>, nel corso del gala dell\u2019edizione <em>gold<\/em> di <strong>Taomoda<\/strong>. La rassegna firmata dalla giornalista <strong>Agata Patrizia Saccone<\/strong> e patrocinata dalla <strong>Camera Nazionale della Moda Italiana<\/strong> e dalla <strong>Fondazione La Sapienza<\/strong>-con il supporto della Regione Siciliana Assessorato Turismo Sport e Spettacolo, Assessorato Istruzione e Formazione Professionale, Assessorato Beni Culturali Parco Archeologico Naxos Taormina, Universit\u00e0 degli Studi di Catania e COF Centro Orientamento Formazione e Placement &#8211; accender\u00e0 per otto giorni i riflettori sulla Perla dello Jonio con un calendario fitto di appuntamenti, che culminer\u00e0 con il fashion show conclusivo presentato da <strong>Angelo Mellone<\/strong> di Rai 1 e <strong>Cinzia Malvini<\/strong> de La 7. Annunciati nel corso della conferenza stampa a Palazzo Calanna-La Baronessa di Taormina, moderata dalla giornalista di Rai 1 <strong>Paola Cacianti<\/strong>, i primi nomi dei premiati: per la <em>moda<\/em>, <strong>Sara Cavazza Facchini <\/strong>per<strong> Genny, Capucci, Piccione Piccione, Cividini, Les Copains<\/strong>; per il <em>design,<\/em> <strong>Ferruccio Laviani<\/strong> direttore creativo di <strong>Kartell<\/strong>; per il giornalismo della moda <strong>Patrizia Vacalebri<\/strong> dell\u2019ANSA, per la cultura della moda e dello spettacolo <strong>Fabiana Giacomotti<\/strong>; per la medicina il prof.<strong>Riccardo Masetti<\/strong>; per la fotografia e il sociale, <strong>Stefano Guindani<\/strong>; premio Excellent al cav. <strong>Nardo Filippetti<\/strong>, presidente di Eden Viaggi e di Astoi Confindustria; riconoscimento inoltre al <strong>Comune di Alessandria<\/strong> e alla giornalista <strong>Valentina Frezzato<\/strong> de La Stampa per la mostra <strong>#saveBorsalino<\/strong>; e ancora, la scrittrice <strong>Manuela Diliberto<\/strong> e per la musica il cantautore <strong>Giovanni Caccamo<\/strong> reduce dal successo sanremese.<\/p>\n<p><em>\u201cQuest\u2019anno abbiamo voluto riservarci la possibilit\u00e0 di rivelare in conferenza stampa solo una parte delle personalit\u00e0 che saranno premiate sul palcoscenico del Teatro Antico sabato 21 luglio per la notte dei Tao Awards, <strong>gli altri nomi saranno annunciati<\/strong> insieme a <strong>Catena Fiorello<\/strong> in occasione dell\u2019evento <strong>Taomoda Caff\u00e8 Letterario in programma giorno 19 luglio all\u2019Eden Grand Hotel San Pietro <\/strong>\u2013dichiara la fondeur <strong>Agata Patrizia Saccone<\/strong>-. Taomoda \u00e8 la rassegna di settore pi\u00f9 rilevante del Sud Italia che costituisce un link con le capitali internazionali della moda, quali New York, Parigi, Londra, Milano e chiude il calendario degli appuntamenti fashion. Presidente onorario della rassegna \u00e8 il cav.Mario Boselli, gi\u00e0 presidente della Camera Nazionale della Moda Italiana e presidente dell\u2019istituto italo-cinese\u201d.<\/em><\/p>\n<p>Fashion e design si incontrano a partire da <strong>sabato 14 luglio<\/strong> per l\u2019apertura della <strong>Taomoda Week 2018<\/strong>. Location il trecentesco <strong>Palazzo Duchi di Santo Stefano<\/strong>, nell\u2019occasione polo museale di tre eventi inseriti nel calendario della kermesse. Novit\u00e0 assoluta di questa edizione, l\u2019esclusiva\u00a0mostra <strong>#saveBorsalino <\/strong>-ideata dalla giornalista de\u00a0<strong>La Stampa<\/strong>\u00a0<em>Valentina Frezzato<\/em> e supportata dal quotidiano <em>La Stampa<\/em> e dal <em>Comune di Alessandria<\/em>&#8211; che per la prima volta lascia il museo di Alessandria e approda a Taormina in occasione di Taomoda. L\u2019allestimento a <strong>Palazzo Duchi di Santo Stefano<\/strong> \u00e8 degli architetti <strong><em>Claudio Grasso<\/em> <\/strong>e<strong> <em>Federica Miranda<\/em><\/strong>, talentuosi professionisti eccezionalmente prestati alla moda che per Taomoda 2018 curano le installazioni del segmento <strong>Contemporary Fashion<\/strong>: dieci finalisti supported by Taomoda, tra i cinquanta selezionati dalla commissione composta da giornalisti ed esperti di settore, su 560 brand made in Italy che oggi costituiscono il nuovo board del comparto moda in Italia. Unicamente per Taomoda, <strong>Rafaela D\u2019Angelo<\/strong>, <strong>Le Monde du Cuir, Suprema, Fabiana Ferri, Femme, Maria Sapio, Valentina Poltroneri, La Cles, Roberto Intorre, Ivan Bellanova. <\/strong>A loro si aggiunge special guest<strong> Orange Fiber<\/strong>, la start up che ha brevettato il tessuto ricavato dalle bucce d\u2019arancia.<img loading=\"lazy\" class=\"alignleft size-medium wp-image-5996\" src=\"http:\/\/www.radioempire.it\/wp-content\/uploads\/2018\/07\/Miriam-Piero-Anita-Cividini-1-300x210.jpg\" alt=\"\" width=\"300\" height=\"210\" \/><\/p>\n<p>Quindi la <strong>sezione Design, <\/strong>realizzata in sinergia con\u00a0<em>Ordine e Fondazione Architetti Catania, COGA di Catania e con il patrocinio di Consiglio Nazionale Architetti Pianificatori Paesaggisti Conservatori, Consulta Ordini Architetti della Sicilia, Ordine e Fondazione Architetti Messina, Universita\u2019 degli Studi di Palermo, IED Istituto Europeo di Design, ADI Associazione per il Disegno Industriale-delegazione Sicilia, Abadir Accademi Design e Arti Visive.<\/em> I designer finalisti che espongono e che concorrono al <strong>Tao Award Talent Design<\/strong> sono:\u00a0<strong>Giuseppe Bandieramonte, Fanny Barone, Giada Coco, Michele Andrea Strano, Giuseppe Cultraro, Pietro Paolo Messina, Gabriele D\u2019Angelo, Mariano Dallago, Gaetano Di Gregorio, Melissa Duello, Duna Design, Jari Franceschetto, Antonio Giummarra, Emanuele Leggio, Ettore Mangione, Lorenzo Massimiano, Fabio Oliveri, Pierluigi Piu, Emanuele Torrisi<\/strong>.<\/p>\n<p><img loading=\"lazy\" class=\"alignleft size-medium wp-image-5997\" src=\"http:\/\/www.radioempire.it\/wp-content\/uploads\/2018\/07\/Agata-Patrizia-Saccone-presidente-e-direttore-artistico-di-Taomoda-200x300.jpg\" alt=\"\" width=\"200\" height=\"300\" srcset=\"https:\/\/www.radioempire.it\/wp-content\/uploads\/2018\/07\/Agata-Patrizia-Saccone-presidente-e-direttore-artistico-di-Taomoda-200x300.jpg 200w, https:\/\/www.radioempire.it\/wp-content\/uploads\/2018\/07\/Agata-Patrizia-Saccone-presidente-e-direttore-artistico-di-Taomoda-768x1152.jpg 768w, https:\/\/www.radioempire.it\/wp-content\/uploads\/2018\/07\/Agata-Patrizia-Saccone-presidente-e-direttore-artistico-di-Taomoda-683x1024.jpg 683w, https:\/\/www.radioempire.it\/wp-content\/uploads\/2018\/07\/Agata-Patrizia-Saccone-presidente-e-direttore-artistico-di-Taomoda.jpg 1365w\" sizes=\"(max-width: 200px) 100vw, 200px\" \/>Taglio del nastro della serata inaugurale affidato alla presidente di Taomoda <strong>Agata Patrizia Saccone<\/strong> con l\u2019<strong>assessore regionale al Turismo Sandro Pappalardo<\/strong> e il <strong>sindaco di Taormina Mario Bolognari<\/strong>. Ouverture con la corale polifonica <strong><em>\u201cGiuseppe Tovini\u201d<\/em><\/strong> diretta dal maestro del <strong>Teatro Massimo Bellini<\/strong> di Catania <strong>Pietro Valguarnera<\/strong>. In programma una conferenza d\u2019apertura moderata da Paola Cacianti, tema <em>\u201cLa moda, indotto turistico per la Sicilia\u201d<\/em>.<\/p>\n<p>Altri appuntamenti in calendario: <strong>domenica 15 luglio<\/strong>, ore 17.30, all\u2019hotel Excelsior di Taormina, <strong>\u201cTheotokos, gli infiniti volti delle donne\u201d<\/strong>, culture day <strong>Fildis Siracusa<\/strong> con tema Donne in divisa, incontro fra le militari della Nas di Sigonella e le donne delle forze armate italiane; a seguire la presentazione del romanzo \u201cIl morso\u201d della scrittrice <strong>Simona Lo Jacono<\/strong>, quindi l\u2019animazione della mostra fotografica Theotokos di Maurizio Zivillica teatralizzata dagli attori dell\u2019<strong>Accademia dell\u2019Inda di Siracusa<\/strong>. <strong>Lunedi 16 luglio, <\/strong>all\u2019hotel Excelsior, doppio appuntamento mattina e pomeriggio con <strong>Taomoda Formazione<\/strong>, Master Class \u201cInnovazione, Bello e Start Up\u201d con tavola rotonda a seguire con intervento dell\u2019assessore regionale all\u2019Istruzione e Formazione Professionale Roberto Lagalla. <strong>Marted\u00ec 17 luglio,<\/strong> ore 16 <strong>Taomoda Design<\/strong> con il convegno \u201cMade in Italy\u201d a cura di Ordine e Fondazione Architetti di Catania, special guest <strong>Ferruccio Laviani, <\/strong>art director<strong> Kartell. Gioved\u00ec 19 luglio <\/strong>all\u2019Eden Grand Hotel San Pietro ore 18<strong> Taomoda Caff\u00e8 Letterario, Incontri d\u2019Autore, <\/strong>coordina Maria Teresa Papale dell\u2019Associazione Spazio Arte e Cultura, modera<strong> Catena Fiorello<\/strong>, intervengono<strong> Roselina Salemi, Michele Torpedine e Manuela Diliberto. Venerd\u00ec 20 luglio <\/strong>all\u2019Eden Grand Hotel San Pietro ore 18 <strong>Taomoda Mangiar Sano<\/strong>, coordina la giornalista Rai <strong>Livia Azzariti<\/strong> con appuntamento charity a seguire a supporto di <strong>Fondazione Operation Smile<\/strong> Italia Onlus. <strong>Sabato 21 luglio<\/strong> il gran finale con il Gala della moda che vedr\u00e0 sfilare sul palcoscenico del Teatro Antico le collezioni di Genny, Capucci, Cividini, Les Copains, Piccione Piccione. A celebrare l\u2019edizione gold di Taomoda la perfomance di danza della coreografa Fia Di Stefano con gli esclusivi outfit di <strong>Le Monde du Cuir<\/strong> indossati dai ballerini.<\/p>\n","protected":false},"excerpt":{"rendered":"<p>LA RASSEGNA OSPITERA\u2019 IN ESCLUSIVA LA MOSTRA DEDICATA AL STORICA MAISON BORSALINO. SABATO 21 LUGLIO IL GALA AL TEATRO ANTICO: ANNUNCIATI I PRIMI TAO AWARDS, GLI ALTRI NOMI ALLA VIGILIA<\/p>\n<div><a class=\"permalink\" href=\"https:\/\/www.radioempire.it\/index.php\/2018\/07\/11\/dal-14-al-21-luglio-taormina-accende-i-riflettori-su-taomoda-2018\/\">Read More&#8230;<\/a><\/div>\n","protected":false},"author":2,"featured_media":5995,"comment_status":"closed","ping_status":"closed","sticky":false,"template":"","format":"standard","meta":[],"categories":[3,36],"tags":[],"_links":{"self":[{"href":"https:\/\/www.radioempire.it\/index.php\/wp-json\/wp\/v2\/posts\/5994"}],"collection":[{"href":"https:\/\/www.radioempire.it\/index.php\/wp-json\/wp\/v2\/posts"}],"about":[{"href":"https:\/\/www.radioempire.it\/index.php\/wp-json\/wp\/v2\/types\/post"}],"author":[{"embeddable":true,"href":"https:\/\/www.radioempire.it\/index.php\/wp-json\/wp\/v2\/users\/2"}],"replies":[{"embeddable":true,"href":"https:\/\/www.radioempire.it\/index.php\/wp-json\/wp\/v2\/comments?post=5994"}],"version-history":[{"count":1,"href":"https:\/\/www.radioempire.it\/index.php\/wp-json\/wp\/v2\/posts\/5994\/revisions"}],"predecessor-version":[{"id":5998,"href":"https:\/\/www.radioempire.it\/index.php\/wp-json\/wp\/v2\/posts\/5994\/revisions\/5998"}],"wp:featuredmedia":[{"embeddable":true,"href":"https:\/\/www.radioempire.it\/index.php\/wp-json\/wp\/v2\/media\/5995"}],"wp:attachment":[{"href":"https:\/\/www.radioempire.it\/index.php\/wp-json\/wp\/v2\/media?parent=5994"}],"wp:term":[{"taxonomy":"category","embeddable":true,"href":"https:\/\/www.radioempire.it\/index.php\/wp-json\/wp\/v2\/categories?post=5994"},{"taxonomy":"post_tag","embeddable":true,"href":"https:\/\/www.radioempire.it\/index.php\/wp-json\/wp\/v2\/tags?post=5994"}],"curies":[{"name":"wp","href":"https:\/\/api.w.org\/{rel}","templated":true}]}}