{"id":6038,"date":"2018-07-18T06:15:46","date_gmt":"2018-07-18T06:15:46","guid":{"rendered":"http:\/\/www.radioempire.it\/?p=6038"},"modified":"2018-07-18T06:15:46","modified_gmt":"2018-07-18T06:15:46","slug":"erika-ghezzi-da-novate-milanese-a-santa-teresa-per-puntellare-il-reparto-dattacco","status":"publish","type":"post","link":"https:\/\/www.radioempire.it\/index.php\/2018\/07\/18\/erika-ghezzi-da-novate-milanese-a-santa-teresa-per-puntellare-il-reparto-dattacco\/","title":{"rendered":"Erika Ghezzi. Da Novate Milanese a Santa Teresa per puntellare il reparto d\u2019attacco"},"content":{"rendered":"<p>Erika Ghezzi, milanese, classe 1995, cm 184, schiacciatrice ma che si disimpegna molto bene anche come opposta, \u00e8 l\u2019ultimo colpo di mercato del Santa Teresa Volley per il prossimo campionato di serie B1. Proviene dal Sant\u2019Elia Volley con cui si \u00e8 aggiudicata i play-off del campionato di serie B2 guadagnandosi cos\u00ec sul campo la promozione nella serie superiore. Esperta della categoria ha militato in B1 in societ\u00e0 quali Todi Volley, Isuzu Cerea, Alfieri Cagliari, Democos Cutrofiano. Inoltre, nella categoria under 18, ha indossato la prestigiosa casacca della Yamamay Busto Arsizio disputando le finali nazionali di categoria.<\/p>\n<p>\u201cSono molto contenta della chiamata del Santa Teresa Volley \u2013 queste le prime dichiarazioni del nuovo acquisto in casa rosso-blu \u2013 una societ\u00e0 ambiziosa e che ha fatto tanto bene due anni conquistando la promozione in serie A2. Fra l\u2019altro trattasi di un angolo d\u2019Italia noto per la sua ospitalit\u00e0 e sono certa che mi trover\u00f2 bene. Credo nella politica del lavoro: se tutte noi ci impegneremo negli allenamenti e se manterremo la giusta umilt\u00e0 e concentrazione nessun traguardo ci sar\u00e0 precluso\u201d.<strong>Orazio Leotta<\/strong><\/p>\n","protected":false},"excerpt":{"rendered":"<p>Erika Ghezzi, milanese, classe 1995, cm 184, schiacciatrice ma che si disimpegna molto bene anche come opposta, \u00e8 l\u2019ultimo colpo di mercato del Santa Teresa Volley per il prossimo campionato<\/p>\n<div><a class=\"permalink\" href=\"https:\/\/www.radioempire.it\/index.php\/2018\/07\/18\/erika-ghezzi-da-novate-milanese-a-santa-teresa-per-puntellare-il-reparto-dattacco\/\">Read More&#8230;<\/a><\/div>\n","protected":false},"author":2,"featured_media":6039,"comment_status":"closed","ping_status":"closed","sticky":false,"template":"","format":"standard","meta":[],"categories":[3,36],"tags":[],"_links":{"self":[{"href":"https:\/\/www.radioempire.it\/index.php\/wp-json\/wp\/v2\/posts\/6038"}],"collection":[{"href":"https:\/\/www.radioempire.it\/index.php\/wp-json\/wp\/v2\/posts"}],"about":[{"href":"https:\/\/www.radioempire.it\/index.php\/wp-json\/wp\/v2\/types\/post"}],"author":[{"embeddable":true,"href":"https:\/\/www.radioempire.it\/index.php\/wp-json\/wp\/v2\/users\/2"}],"replies":[{"embeddable":true,"href":"https:\/\/www.radioempire.it\/index.php\/wp-json\/wp\/v2\/comments?post=6038"}],"version-history":[{"count":1,"href":"https:\/\/www.radioempire.it\/index.php\/wp-json\/wp\/v2\/posts\/6038\/revisions"}],"predecessor-version":[{"id":6040,"href":"https:\/\/www.radioempire.it\/index.php\/wp-json\/wp\/v2\/posts\/6038\/revisions\/6040"}],"wp:featuredmedia":[{"embeddable":true,"href":"https:\/\/www.radioempire.it\/index.php\/wp-json\/wp\/v2\/media\/6039"}],"wp:attachment":[{"href":"https:\/\/www.radioempire.it\/index.php\/wp-json\/wp\/v2\/media?parent=6038"}],"wp:term":[{"taxonomy":"category","embeddable":true,"href":"https:\/\/www.radioempire.it\/index.php\/wp-json\/wp\/v2\/categories?post=6038"},{"taxonomy":"post_tag","embeddable":true,"href":"https:\/\/www.radioempire.it\/index.php\/wp-json\/wp\/v2\/tags?post=6038"}],"curies":[{"name":"wp","href":"https:\/\/api.w.org\/{rel}","templated":true}]}}