{"id":6071,"date":"2018-07-20T12:39:38","date_gmt":"2018-07-20T12:39:38","guid":{"rendered":"http:\/\/www.radioempire.it\/?p=6071"},"modified":"2018-07-20T12:40:47","modified_gmt":"2018-07-20T12:40:47","slug":"santa-teresa-di-riva-jonica-fc-orazio-vittorio-completa-il-reparto-dei-portieri","status":"publish","type":"post","link":"https:\/\/www.radioempire.it\/index.php\/2018\/07\/20\/santa-teresa-di-riva-jonica-fc-orazio-vittorio-completa-il-reparto-dei-portieri\/","title":{"rendered":"SANTA TERESA DI RIVA. JONICA FC. ORAZIO VITTORIO COMPLETA IL REPARTO DEI PORTIERI"},"content":{"rendered":"<p><strong>COMUNICATO STAMPA &#8211;<\/strong><\/p>\n<p>Orazio Vittorio, 36 anni portiere, e&#8217; il secondo colpo di mercato della Jonica FC. Trattasi di un altro prodotto del territorio santateresino che viene aggregato alla squadra neo promossa in Eccellenza seguendo la linea guida societaria che e&#8217; quella di valorizzare prima tutte le risorse che il comprensorio propone.<\/p>\n<p>Vittorio ha un curriculum ricco di trascorsi in categorie importanti ed una carriera ricca di soddisfazioni. Cresciuto nel settore giovanile dello Sportinsieme Santa Teresa nel &#8217;97 approda al Camaro in Eccellenza rimanendo per tre stagioni. Poi il salto in serie D con la Sancaltaldese.<\/p>\n<p>Due anni nel centro nisseno ed il rientro nello Sportinsieme nel 2002\/03. Poi due stagioni ancora col Camaro in Eccellenza prima di approdare nel Villafranca, stessa categoria. Poi un biennio a Capo D&#8217;orlando in Promozione e rientro l&#8217;anno dopo a Camaro in Eccellenza. Nel 2009 militanza nel Taormina in Eccellenza ed a seguire Nuova Igea in promozione. Poi decide di dedicarsi alla propria attivit\u00e0 e si diletta nel ruolo di centravanti in categorie minori nelle fila dello Sparagona&#8217;, S. Alessio, Antillese ed in ultimo il Casalvecchio dove centra la promozione in seconda categoria con record di punti. Adesso giunge la chiamata della squadra della propria cittadina che e&#8217; una vera e propria scommessa rimettendosi in gioco all&#8217;et\u00e0 di 36 anni in una categoria alle porte del professionismo, che lui conosce benissimo.<br \/>\nLa voglia e&#8217; quella di un ragazzino e la classe e l&#8217;umilt\u00e0 sono quelle di una persona equilibrata e formata nella sua interezza come si evince dalle prime dichiarazioni &#8221; essere chiamato a questa et\u00e0 a far parte di un progetto cos\u00ec ambizioso fa enormemente piacere. Mi metter\u00f2 a disposizione della squadra e dei compagni di reparto conferendo la mia esperienza &#8220;.<br \/>\nAd accogliere ed a presentare il nuovo arrivato il preparatore dei portieri, prof. Peppe De Pietro che cos\u00ec chiosa: &#8220;Arriva un portiere di spessore e personalit\u00e0. Insuperabile nelle uscite \u00e8 capace di giocare e lanciare con i piedi. E&#8217; il profilo ideale per far crescere il nostro giovane campioncino Andrea Gugliotta e confrontarsi con il bagaglio tecnico di Luca Potenza per quello che si preannuncia un reparto completo e solido. Il sottoscritto lavorer\u00e0 per far s\u00ec che i suoi portieri siano il punto di forza e di esempio per il gruppo ed il fiore all&#8217;occhiello della societ\u00e0 &#8220;.<\/p>\n<p>Servizio di Valeria Brancato<\/p>\n","protected":false},"excerpt":{"rendered":"<p>COMUNICATO STAMPA &#8211; Orazio Vittorio, 36 anni portiere, e&#8217; il secondo colpo di mercato della Jonica FC. Trattasi di un altro prodotto del territorio santateresino che viene aggregato alla squadra<\/p>\n<div><a class=\"permalink\" href=\"https:\/\/www.radioempire.it\/index.php\/2018\/07\/20\/santa-teresa-di-riva-jonica-fc-orazio-vittorio-completa-il-reparto-dei-portieri\/\">Read More&#8230;<\/a><\/div>\n","protected":false},"author":2,"featured_media":6073,"comment_status":"closed","ping_status":"closed","sticky":false,"template":"","format":"standard","meta":[],"categories":[3,36],"tags":[],"_links":{"self":[{"href":"https:\/\/www.radioempire.it\/index.php\/wp-json\/wp\/v2\/posts\/6071"}],"collection":[{"href":"https:\/\/www.radioempire.it\/index.php\/wp-json\/wp\/v2\/posts"}],"about":[{"href":"https:\/\/www.radioempire.it\/index.php\/wp-json\/wp\/v2\/types\/post"}],"author":[{"embeddable":true,"href":"https:\/\/www.radioempire.it\/index.php\/wp-json\/wp\/v2\/users\/2"}],"replies":[{"embeddable":true,"href":"https:\/\/www.radioempire.it\/index.php\/wp-json\/wp\/v2\/comments?post=6071"}],"version-history":[{"count":1,"href":"https:\/\/www.radioempire.it\/index.php\/wp-json\/wp\/v2\/posts\/6071\/revisions"}],"predecessor-version":[{"id":6074,"href":"https:\/\/www.radioempire.it\/index.php\/wp-json\/wp\/v2\/posts\/6071\/revisions\/6074"}],"wp:featuredmedia":[{"embeddable":true,"href":"https:\/\/www.radioempire.it\/index.php\/wp-json\/wp\/v2\/media\/6073"}],"wp:attachment":[{"href":"https:\/\/www.radioempire.it\/index.php\/wp-json\/wp\/v2\/media?parent=6071"}],"wp:term":[{"taxonomy":"category","embeddable":true,"href":"https:\/\/www.radioempire.it\/index.php\/wp-json\/wp\/v2\/categories?post=6071"},{"taxonomy":"post_tag","embeddable":true,"href":"https:\/\/www.radioempire.it\/index.php\/wp-json\/wp\/v2\/tags?post=6071"}],"curies":[{"name":"wp","href":"https:\/\/api.w.org\/{rel}","templated":true}]}}