{"id":6113,"date":"2018-07-24T16:53:51","date_gmt":"2018-07-24T16:53:51","guid":{"rendered":"http:\/\/www.radioempire.it\/?p=6113"},"modified":"2018-07-24T16:53:51","modified_gmt":"2018-07-24T16:53:51","slug":"volley-santa-teresa-definito-lo-staff-societario","status":"publish","type":"post","link":"https:\/\/www.radioempire.it\/index.php\/2018\/07\/24\/volley-santa-teresa-definito-lo-staff-societario\/","title":{"rendered":"Volley Santa Teresa. Definito lo staff societario"},"content":{"rendered":"<p><strong>Comunicato stampa-<\/strong><\/p>\n<p>Nella riunione tenutasi presso il PalaBucalo di Santa Teresa di Riva nella serata di luned\u00ec 23 luglio \u00e8 stata definita la griglia dei nomi che vanno a comporre l\u2019organigramma societario per la stagione 2018-19 del Santa Teresa Volley che si appresta a disputare il campionato di serie B1\/F, girone D.<\/p>\n<p>Confermato il duo <strong>Leonardo Racco<\/strong> e <strong>Giovanna De Caro<\/strong> alla presidenza.<\/p>\n<p>Il vice-presidente sar\u00e0\u00a0<strong>Andrea Chillemi<\/strong><\/p>\n<p>Direttori Generali il duo <strong>Alberto Trischitta<\/strong> e <strong>Fabrizio Costantino<\/strong><\/p>\n<p>Direttore Tecnico <strong>Antonino Prestipino<\/strong><\/p>\n<p>Segretario <strong>Piercesare Zingale<\/strong><\/p>\n<p>Altri Dirigenti <strong>Davide Cioffi, Sebastiano Leo, Andrea Maccarrone<\/strong><\/p>\n<p>Responsabile Impianti Sportivi <strong>Vittorio Cilione<\/strong><\/p>\n<p>Social Comunicator <strong>Andrea Grasso<\/strong><\/p>\n<p>Addetto Stampa <strong>Orazio Leotta<\/strong><\/p>\n<p>Collaboratore Addetto Stampa <strong>Cristian Crisafulli<\/strong><\/p>\n<p>I vertici della societ\u00e0 continuano intanto a districarsi lungo le maglie intrecciate del mercato. La concorrenza \u00e8 agguerrita, i prezzi lievitano e le difficolt\u00e0 sono sempre dietro l\u2019angolo. A breve tuttavia \u00e8 atteso un grossissimo colpo in entrata (la firma \u00e8 imminente) che andr\u00e0 cos\u00ec a puntellare il roster a disposizione di mister Jimenez che gi\u00e0 prevede Mordecchi e Surace in regia, Lestini e Ghezzi in attacco e Federica Cassone al centro.<\/p>\n","protected":false},"excerpt":{"rendered":"<p>Comunicato stampa- Nella riunione tenutasi presso il PalaBucalo di Santa Teresa di Riva nella serata di luned\u00ec 23 luglio \u00e8 stata definita la griglia dei nomi che vanno a comporre<\/p>\n<div><a class=\"permalink\" href=\"https:\/\/www.radioempire.it\/index.php\/2018\/07\/24\/volley-santa-teresa-definito-lo-staff-societario\/\">Read More&#8230;<\/a><\/div>\n","protected":false},"author":2,"featured_media":6115,"comment_status":"closed","ping_status":"closed","sticky":false,"template":"","format":"standard","meta":[],"categories":[3,36],"tags":[],"_links":{"self":[{"href":"https:\/\/www.radioempire.it\/index.php\/wp-json\/wp\/v2\/posts\/6113"}],"collection":[{"href":"https:\/\/www.radioempire.it\/index.php\/wp-json\/wp\/v2\/posts"}],"about":[{"href":"https:\/\/www.radioempire.it\/index.php\/wp-json\/wp\/v2\/types\/post"}],"author":[{"embeddable":true,"href":"https:\/\/www.radioempire.it\/index.php\/wp-json\/wp\/v2\/users\/2"}],"replies":[{"embeddable":true,"href":"https:\/\/www.radioempire.it\/index.php\/wp-json\/wp\/v2\/comments?post=6113"}],"version-history":[{"count":1,"href":"https:\/\/www.radioempire.it\/index.php\/wp-json\/wp\/v2\/posts\/6113\/revisions"}],"predecessor-version":[{"id":6116,"href":"https:\/\/www.radioempire.it\/index.php\/wp-json\/wp\/v2\/posts\/6113\/revisions\/6116"}],"wp:featuredmedia":[{"embeddable":true,"href":"https:\/\/www.radioempire.it\/index.php\/wp-json\/wp\/v2\/media\/6115"}],"wp:attachment":[{"href":"https:\/\/www.radioempire.it\/index.php\/wp-json\/wp\/v2\/media?parent=6113"}],"wp:term":[{"taxonomy":"category","embeddable":true,"href":"https:\/\/www.radioempire.it\/index.php\/wp-json\/wp\/v2\/categories?post=6113"},{"taxonomy":"post_tag","embeddable":true,"href":"https:\/\/www.radioempire.it\/index.php\/wp-json\/wp\/v2\/tags?post=6113"}],"curies":[{"name":"wp","href":"https:\/\/api.w.org\/{rel}","templated":true}]}}