{"id":6231,"date":"2018-08-05T13:55:58","date_gmt":"2018-08-05T13:55:58","guid":{"rendered":"http:\/\/www.radioempire.it\/?p=6231"},"modified":"2018-08-05T13:55:58","modified_gmt":"2018-08-05T13:55:58","slug":"premio-internazionale-giuseppe-di-stefano-il-22-agosto-ineguagliabile-parata-di-stelle-al-teatro-antico-di-taormina","status":"publish","type":"post","link":"https:\/\/www.radioempire.it\/index.php\/2018\/08\/05\/premio-internazionale-giuseppe-di-stefano-il-22-agosto-ineguagliabile-parata-di-stelle-al-teatro-antico-di-taormina\/","title":{"rendered":"Premio Internazionale Giuseppe Di Stefano: il 22 agosto ineguagliabile parata di stelle al Teatro Antico di Taormina"},"content":{"rendered":"<p><strong>Comunicato stampa-<\/strong><\/p>\n<p>Il <strong>22 agosto 2018<\/strong> sar\u00e0 certamente una data da ricordare negli annali del <strong>Teatro Antico di Taormina<\/strong>: alle <strong>21,30<\/strong>, infatti, confluiranno nell&#8217;antica c\u00e0vea della citt\u00e0 del centauro alcuni tra <strong>i pi\u00f9 grandi artisti del mondo<\/strong> per omaggiare e ricordare uno dei pi\u00f9 amati tenori della storia dell&#8217;opera, il grande <strong>Giuseppe Di Stefano<\/strong>, in occasione del <strong>decimo anniversario della sua scomparsa<\/strong>.<\/p>\n<p>Pippo Di Stefano fu partner storico di un&#8217;altra leggenda del teatro d&#8217;opera, <strong>Maria Callas<\/strong>, con la quale confezion\u00f2 serate che sono rimaste per sempre <strong>scolpite nella storia del teatro<\/strong> per il raggiungimento di momenti di attica bellezza <strong>mai pi\u00f9 eguagliati<\/strong>.<\/p>\n<p>Dotato naturalmente di un timbro magnifico, di una perfetta dizione, grande musicalit\u00e0 e di una capacit\u00e0 espressiva ed artistica uniche, ammirato, in particolar modo, per la stupefacente lievit\u00e0 dei piani e pianissimi, \u00e8 un artista che non ha bisogno di presentazioni.<\/p>\n<p>Questo il ricchissimo parterre, per la prima volta a Taormina, di straordinari artisti premiati nel corso della serata:<strong> Raffaella Angeletti, Ezio Bosso, Giovanna Casolla, Fiorenza Cossotto, Maria Dragoni, Elisabetta Fiorillo, Renato Francesconi, Cecilia Gasdia, Nicola Martinucci, Alberto Mastromarino, Rudy Park, Giuseppina Piunti, Ramona Tullumani e l&#8217;Opera da Camera di Varsavia.<\/strong><\/p>\n<p>Nella stessa serata sar\u00e0 conferito il Premio Speciale Golden Opera degli <strong>International Opera Awards<\/strong> (Gli Oscar della Lirica) alla memoria proprio a Giuseppe Di Stefano: un evento nell&#8217;evento, anticipazione dell&#8217;edizione 2018 del pi\u00f9 prestigioso riconoscimento ai protagonisti della lirica mondiale, ideato da <strong>Alfredo Troisi<\/strong>.<\/p>\n<p>Hanno voluto far sentire la propria presenza tutte le pi\u00f9 importanti <strong>Istituzioni<\/strong> del Paese, attraverso <strong>Patrocini<\/strong>, <strong>Medaglie<\/strong> e <strong>Riconoscimenti<\/strong>, che man mano saranno resi noti.<\/p>\n<p>Patrocinio anche dall&#8217;<strong>Unione dei Comuni Lombarda della Valletta<\/strong> (Comuni associati: La Valletta Brianza e Santa Maria Ho\u00e8), il Comune di <strong>Motta Santa Anastasia<\/strong>, la <strong>RAI<\/strong>, l&#8217;<strong>Opera di Varsavia<\/strong>, la <strong>Fondazione Verona per l&#8217;Arena<\/strong> con gli <strong>International Opera Awards<\/strong> (Gli <strong>Oscar della Lirica<\/strong>).<\/p>\n<p>Ad impreziosire le celebrazioni per i 10 anni dalla scomparsa del grande tenore siciliano, saranno le magnifiche sculture che il grande maestro <strong>Turi Azzolina<\/strong>, artista poliedrico di caratura internazionale, sta realizzando appositamente come premio per la kermesse.<\/p>\n<p>Nella seconda parte della serata, le struggenti e immortali musiche di <strong>Cavalleria Rusticana<\/strong> appassioneranno la c\u00e0vea del teatro greco, attraverso le voci di alcuni tra i pi\u00f9 grandi interpreti del gioiello mascagnano con un prestigioso cast che vede schierati: <strong>Giovanna Casolla<\/strong> nel ruolo di Santuzza, <strong>Rudy Park<\/strong> come Turiddu, <strong>Alberto Mastromarino<\/strong> (Alfio), <strong>Elisabetta Fiorillo<\/strong> (Lucia) e <strong>Giuseppina Piunti<\/strong> nel ruolo di Lola.<\/p>\n<p>Ad accompagnare il cast due complessi artistici di assoluto pregio internazionale, reduci dall&#8217;incisione dello Stabat Mater di Gioacchino Rossini per l&#8217;importante rivista del settore &#8220;<strong>Amadeus<\/strong>&#8220;: l&#8217;<strong>Orchestra Filarmonica della Calabria<\/strong> e il <strong>Coro Lirico Siciliano<\/strong>, che, nell&#8217;occasione, festegger\u00e0 anche i <strong>dieci anni di carriera<\/strong> artistica.<\/p>\n<p>La serata sar\u00e0 presentata dall&#8217;autorevole <strong>Enrico Stinchelli<\/strong>, gi\u00e0 ideatore e presentatore de <strong>La Barcaccia<\/strong>, nota trasmissione di <strong>Rai Radio 3<\/strong> che da anni si occupa di opera lirica e che dedicher\u00e0 un ampio special alla manifestazione.<\/p>\n<p>Video Mapping e Coreografie saranno curate da <strong>Claudio Mantegna<\/strong>, disegno luci di <strong>Lorenzo Tropea<\/strong>. La serata vedr\u00e0 la partecipazione del ballerino <strong>Andrea Mazzurco<\/strong> e del <strong>Piccolo Coro D. B. Citt\u00e0 di Taormina<\/strong>, diretto da<strong> Ivan Lo Giudice<\/strong>.<\/p>\n<p>Maestro Concertatore e Direttore d&#8217;Orchestra sar\u00e0 <strong>Amos Talmon<\/strong>, Maestro del Coro <strong>Francesco Costa<\/strong>.<\/p>\n<p>Direttore di Produzione <strong>Alberto Munaf\u00f2 Siragusa<\/strong>.<\/p>\n<p>A testimonianza della eco internazionale dell&#8217;evento, la serata sar\u00e0 ripresa e trasmessa dalla\u00a0Telewizja Polska (TVP), <strong>Televisione di Stato della Polonia<\/strong> e dalla\u00a0Radio Televizioni Shqiptar\u00a0(RTSH), <strong>Radio Televisione di Stato Albanese<\/strong>.<\/p>\n<p>Una <strong>parata di stelle<\/strong> che non ha precedenti a Taormina, un cast di prestigio internazionale ineguagliabile per la prima volta in Sicilia per una serata che <strong>rimarr\u00e0 nella storia<\/strong> della nostra terra e del teatro del XXI secolo.<\/p>\n","protected":false},"excerpt":{"rendered":"<p>Comunicato stampa- Il 22 agosto 2018 sar\u00e0 certamente una data da ricordare negli annali del Teatro Antico di Taormina: alle 21,30, infatti, confluiranno nell&#8217;antica c\u00e0vea della citt\u00e0 del centauro alcuni<\/p>\n<div><a class=\"permalink\" href=\"https:\/\/www.radioempire.it\/index.php\/2018\/08\/05\/premio-internazionale-giuseppe-di-stefano-il-22-agosto-ineguagliabile-parata-di-stelle-al-teatro-antico-di-taormina\/\">Read More&#8230;<\/a><\/div>\n","protected":false},"author":2,"featured_media":6232,"comment_status":"closed","ping_status":"closed","sticky":false,"template":"","format":"standard","meta":[],"categories":[3,36],"tags":[],"_links":{"self":[{"href":"https:\/\/www.radioempire.it\/index.php\/wp-json\/wp\/v2\/posts\/6231"}],"collection":[{"href":"https:\/\/www.radioempire.it\/index.php\/wp-json\/wp\/v2\/posts"}],"about":[{"href":"https:\/\/www.radioempire.it\/index.php\/wp-json\/wp\/v2\/types\/post"}],"author":[{"embeddable":true,"href":"https:\/\/www.radioempire.it\/index.php\/wp-json\/wp\/v2\/users\/2"}],"replies":[{"embeddable":true,"href":"https:\/\/www.radioempire.it\/index.php\/wp-json\/wp\/v2\/comments?post=6231"}],"version-history":[{"count":1,"href":"https:\/\/www.radioempire.it\/index.php\/wp-json\/wp\/v2\/posts\/6231\/revisions"}],"predecessor-version":[{"id":6233,"href":"https:\/\/www.radioempire.it\/index.php\/wp-json\/wp\/v2\/posts\/6231\/revisions\/6233"}],"wp:featuredmedia":[{"embeddable":true,"href":"https:\/\/www.radioempire.it\/index.php\/wp-json\/wp\/v2\/media\/6232"}],"wp:attachment":[{"href":"https:\/\/www.radioempire.it\/index.php\/wp-json\/wp\/v2\/media?parent=6231"}],"wp:term":[{"taxonomy":"category","embeddable":true,"href":"https:\/\/www.radioempire.it\/index.php\/wp-json\/wp\/v2\/categories?post=6231"},{"taxonomy":"post_tag","embeddable":true,"href":"https:\/\/www.radioempire.it\/index.php\/wp-json\/wp\/v2\/tags?post=6231"}],"curies":[{"name":"wp","href":"https:\/\/api.w.org\/{rel}","templated":true}]}}