{"id":6240,"date":"2018-08-05T16:51:34","date_gmt":"2018-08-05T16:51:34","guid":{"rendered":"http:\/\/www.radioempire.it\/?p=6240"},"modified":"2018-08-05T16:51:34","modified_gmt":"2018-08-05T16:51:34","slug":"santa-teresa-volley-per-lattacco-arriva-gloria-santin","status":"publish","type":"post","link":"https:\/\/www.radioempire.it\/index.php\/2018\/08\/05\/santa-teresa-volley-per-lattacco-arriva-gloria-santin\/","title":{"rendered":"Santa Teresa Volley: per l\u2019attacco arriva Gloria Santin"},"content":{"rendered":"<p><strong>Comunicato stampa &#8211;<\/strong><\/p>\n<p>Giunge da San Don\u00e0 di Piave (VE) il nuovo rinforzo che la societ\u00e0 del Santa Teresa Volley ha messo a disposizione di mister Jimenez nella prospettiva di allestire un roster di prim\u2019ordine in vista del prossimo campionato di serie B1. Si tratta di Gloria Santin, 25 anni, cm 178, laterale mancina, molto duttile in tutti i ruoli dell\u2019attacco. Trattasi di una veterana della categoria: la veneta infatti ha trascorsi in B1 nelle fila del Todi (2013\/14), nell\u2019Acca Montella (stagione 2015\/16), Zambelli Orvieto e Isernia l\u2019anno successivo mentre nella passata stagione ha militato nelle fila del Givova Scafati. \u201cSono molto contenta di intraprendere questa nuova avventura con la maglia del Santa Teresa Volley. Con un allenatore come Antonio Jimenez e con questo parco giocatrici che man mano si arricchisce sempre pi\u00f9 sono convinta che potremo toglierci delle grandi soddisfazioni. Mi aspetto un ambiente sereno e una grande tifoseria che in pi\u00f9 occasioni mi \u00e8 capitato di apprezzare dato che da anni ormai gioco nel girone sud della B1. Sar\u00e0 per me sicuramente un ulteriore anno di crescita e l\u2019entusiasmo di tutte noi costituir\u00e0 il valore aggiunto per traguardi davvero importanti\u201d, queste le dichiarazioni a caldo della nuova arrivata in casa Santa Teresa Volley. La Santin, come sopra riportato, proviene da San Don\u00e0 di Piave, vera epropria fucina di sportivi; solo per rimanere in ambito pallavolistico annotiamo come dalla cittadina veneta provengono atlete del calibro di Jenny Barazza, Marta e Giulia Agostinetto, Rachele Sangiuliano, Erica e Veronica Giacomel solo per citarne alcune. Buon sangue non mente. <strong>Orazio Leotta<\/strong><\/p>\n","protected":false},"excerpt":{"rendered":"<p>Comunicato stampa &#8211; Giunge da San Don\u00e0 di Piave (VE) il nuovo rinforzo che la societ\u00e0 del Santa Teresa Volley ha messo a disposizione di mister Jimenez nella prospettiva di<\/p>\n<div><a class=\"permalink\" href=\"https:\/\/www.radioempire.it\/index.php\/2018\/08\/05\/santa-teresa-volley-per-lattacco-arriva-gloria-santin\/\">Read More&#8230;<\/a><\/div>\n","protected":false},"author":2,"featured_media":6241,"comment_status":"closed","ping_status":"closed","sticky":false,"template":"","format":"standard","meta":[],"categories":[3,36],"tags":[],"_links":{"self":[{"href":"https:\/\/www.radioempire.it\/index.php\/wp-json\/wp\/v2\/posts\/6240"}],"collection":[{"href":"https:\/\/www.radioempire.it\/index.php\/wp-json\/wp\/v2\/posts"}],"about":[{"href":"https:\/\/www.radioempire.it\/index.php\/wp-json\/wp\/v2\/types\/post"}],"author":[{"embeddable":true,"href":"https:\/\/www.radioempire.it\/index.php\/wp-json\/wp\/v2\/users\/2"}],"replies":[{"embeddable":true,"href":"https:\/\/www.radioempire.it\/index.php\/wp-json\/wp\/v2\/comments?post=6240"}],"version-history":[{"count":1,"href":"https:\/\/www.radioempire.it\/index.php\/wp-json\/wp\/v2\/posts\/6240\/revisions"}],"predecessor-version":[{"id":6242,"href":"https:\/\/www.radioempire.it\/index.php\/wp-json\/wp\/v2\/posts\/6240\/revisions\/6242"}],"wp:featuredmedia":[{"embeddable":true,"href":"https:\/\/www.radioempire.it\/index.php\/wp-json\/wp\/v2\/media\/6241"}],"wp:attachment":[{"href":"https:\/\/www.radioempire.it\/index.php\/wp-json\/wp\/v2\/media?parent=6240"}],"wp:term":[{"taxonomy":"category","embeddable":true,"href":"https:\/\/www.radioempire.it\/index.php\/wp-json\/wp\/v2\/categories?post=6240"},{"taxonomy":"post_tag","embeddable":true,"href":"https:\/\/www.radioempire.it\/index.php\/wp-json\/wp\/v2\/tags?post=6240"}],"curies":[{"name":"wp","href":"https:\/\/api.w.org\/{rel}","templated":true}]}}