{"id":653,"date":"2016-12-27T18:27:32","date_gmt":"2016-12-27T18:27:32","guid":{"rendered":"http:\/\/www.radioempire.it\/?p=653"},"modified":"2016-12-27T19:18:28","modified_gmt":"2016-12-27T19:18:28","slug":"ti-presento-tusa-natale-tra-tradizioni-arte-e-gusto","status":"publish","type":"post","link":"https:\/\/www.radioempire.it\/index.php\/2016\/12\/27\/ti-presento-tusa-natale-tra-tradizioni-arte-e-gusto\/","title":{"rendered":"\u201cTi presento Tusa&#8230;\u201d: Natale tra tradizioni, arte e gusto"},"content":{"rendered":"<p>Servizio di Giuseppe Span\u00f2 &#8211;<br \/>\nLa manifestazione in programma venerd\u00ec 30 dicembre a partire dalle ore 17:00<br \/>\n\u201cTi presento Tusa\u2026\u201d Natale tra tradizioni, arte e gusto \u00e8 la manifestazione che sar\u00e0 inaugurata venerd\u00ec 30 dicembre 2016, a partire dalle ore 17:00, nel suggestivo centro tirrenico, un appuntamento organizzato dal Comune di Tusa, in collaborazione con l&#8217;Unione dei Comuni della Costa Alesina, con l&#8217;Assemblea Regionale e le associazioni locali.<br \/>\nSi tratter\u00e0 di un interessante percorso che partir\u00e0 da Piazza Mazzini con il \u201cPresepe ed i cori natalizi\u201d, allestito dall\u2019Associazione A.C.R., proseguir\u00e0 con l\u2019esposizione di arte applicata e artigianato locale, proposta dall\u2019Associazione Pro Loco \u201cLa fucina dell\u2019arte\u201d e dall\u2019Associazione E-Laborando \u201cArtigianato femminile\u201d; immancabile aR\u00e0 la degustazione di prodotti tipici negli allestimenti creati dall\u2019Associazione Arci con \u201cLocandarci\u201d, dall\u2019Associazione Attivamente con \u201cOsteria\u201d e dall\u2019Associazione Le Lampare con la \u201cLocanda\u201d in Vicolo Campanelli.<br \/>\nI dolci verranno offerti dall\u2019Associazione Misericordia e la magia del Natale verr\u00e0 ricreata dall\u2019Associazione Vincenzo Bellini con \u201cMusiche tradizionali\u201d e dall\u2019Associazione L.T.T. con i \u201cCunti\u201d tradizionali mentre l&#8217;Associazione Dalmesse Italia realizzer\u00e0 \u201cLa galassia del benessere\u201d.<br \/>\nEcco una splendida occasione per visitare Tusa facendosi trasportare dall\u2019atmosfera natalizia.<\/p>\n<p>          Il Responsabile del<br \/>\nServizio Comunicazione Esterna<br \/>\n            e Ufficio Stampa<br \/>\n         dott. Sergio Spadaro<br \/>\n                                                                                                                                                                                                                                               L\u2019Addetto Stampa                                                                                                                                                                                                                                       giornalista Giuseppe Span\u00f2<\/p>\n","protected":false},"excerpt":{"rendered":"<p>Servizio di Giuseppe Span\u00f2 &#8211; La manifestazione in programma venerd\u00ec 30 dicembre a partire dalle ore 17:00 \u201cTi presento Tusa\u2026\u201d Natale tra tradizioni, arte e gusto \u00e8 la manifestazione che<\/p>\n<div><a class=\"permalink\" href=\"https:\/\/www.radioempire.it\/index.php\/2016\/12\/27\/ti-presento-tusa-natale-tra-tradizioni-arte-e-gusto\/\">Read More&#8230;<\/a><\/div>\n","protected":false},"author":2,"featured_media":0,"comment_status":"closed","ping_status":"closed","sticky":false,"template":"","format":"standard","meta":[],"categories":[3,36],"tags":[],"_links":{"self":[{"href":"https:\/\/www.radioempire.it\/index.php\/wp-json\/wp\/v2\/posts\/653"}],"collection":[{"href":"https:\/\/www.radioempire.it\/index.php\/wp-json\/wp\/v2\/posts"}],"about":[{"href":"https:\/\/www.radioempire.it\/index.php\/wp-json\/wp\/v2\/types\/post"}],"author":[{"embeddable":true,"href":"https:\/\/www.radioempire.it\/index.php\/wp-json\/wp\/v2\/users\/2"}],"replies":[{"embeddable":true,"href":"https:\/\/www.radioempire.it\/index.php\/wp-json\/wp\/v2\/comments?post=653"}],"version-history":[{"count":2,"href":"https:\/\/www.radioempire.it\/index.php\/wp-json\/wp\/v2\/posts\/653\/revisions"}],"predecessor-version":[{"id":659,"href":"https:\/\/www.radioempire.it\/index.php\/wp-json\/wp\/v2\/posts\/653\/revisions\/659"}],"wp:attachment":[{"href":"https:\/\/www.radioempire.it\/index.php\/wp-json\/wp\/v2\/media?parent=653"}],"wp:term":[{"taxonomy":"category","embeddable":true,"href":"https:\/\/www.radioempire.it\/index.php\/wp-json\/wp\/v2\/categories?post=653"},{"taxonomy":"post_tag","embeddable":true,"href":"https:\/\/www.radioempire.it\/index.php\/wp-json\/wp\/v2\/tags?post=653"}],"curies":[{"name":"wp","href":"https:\/\/api.w.org\/{rel}","templated":true}]}}