{"id":6850,"date":"2018-09-13T23:00:09","date_gmt":"2018-09-13T23:00:09","guid":{"rendered":"http:\/\/www.radioempire.it\/?p=6850"},"modified":"2018-09-15T10:23:33","modified_gmt":"2018-09-15T10:23:33","slug":"la-storia-la-luce-i-colori-letna-successo-di-pubblico-alla-serata-inaugurale-in-memoria-dellartista-giuseppe-cuscona","status":"publish","type":"post","link":"https:\/\/www.radioempire.it\/index.php\/2018\/09\/13\/la-storia-la-luce-i-colori-letna-successo-di-pubblico-alla-serata-inaugurale-in-memoria-dellartista-giuseppe-cuscona\/","title":{"rendered":"\u201cLa storia, la luce, i colori, l\u2019Etna\u201d: successo di pubblico alla serata inaugurale in memoria dell\u2019artista Giuseppe Cuscona"},"content":{"rendered":"<p><strong>Redazionale &#8211;<\/strong><\/p>\n<p>Taormina. Grande successo di critica e di pubblico alla prima delle due serate organizzate dall\u2019Associazione culturale \u201cGiuseppe Cuscona &#8211; Scienze, Arte e Spettacolo\u201d<a href=\"http:\/\/www.asscultcuscona.com\/eventi\" target=\"_blank\" rel=\"noopener noreferrer\">http:\/\/www.asscultcuscona.com\/eventi<\/a> (in collaborazione con il Medea Residence\u00a0<a href=\"http:\/\/www.medearesidence.com\/\" target=\"_blank\" rel=\"noopener noreferrer\">http:\/\/www.medearesidence.com\/<\/a>e l\u2019Art-Hotel Vello D\u2019Oro.\u00a0e con il patrocinio della Regione Siciliana e del Comune di Taormina), in memoria del maestro Giuseppe Cuscona.<\/p>\n<p><img loading=\"lazy\" class=\"alignleft size-medium wp-image-6852\" src=\"http:\/\/www.radioempire.it\/wp-content\/uploads\/2018\/09\/annamaria-raccuja-e-anna-misiti-13-09-18-300x188.jpg\" alt=\"\" width=\"300\" height=\"188\" srcset=\"https:\/\/www.radioempire.it\/wp-content\/uploads\/2018\/09\/annamaria-raccuja-e-anna-misiti-13-09-18-300x188.jpg 300w, https:\/\/www.radioempire.it\/wp-content\/uploads\/2018\/09\/annamaria-raccuja-e-anna-misiti-13-09-18-768x480.jpg 768w, https:\/\/www.radioempire.it\/wp-content\/uploads\/2018\/09\/annamaria-raccuja-e-anna-misiti-13-09-18-1024x640.jpg 1024w, https:\/\/www.radioempire.it\/wp-content\/uploads\/2018\/09\/annamaria-raccuja-e-anna-misiti-13-09-18.jpg 1219w\" sizes=\"(max-width: 300px) 100vw, 300px\" \/>A inaugurare l\u2019evento sono state Anna Misiti e Annamaria Raccuja con una splendida performance teatrale. Le\u00a0due bravissime attrici hanno condotto il pubblico dalla hall dell\u2019Art-Hotel Vello d\u2019Oro\u00a0<a href=\"http:\/\/www.hotelvellodoro.com\/it\/index.html\" target=\"_blank\" rel=\"noopener noreferrer\">http:\/\/www.hotelvellodoro.com\/it\/index.html<\/a>\u00a0(dove \u00e8 stata allestita la mostra personale di Aykut Saribas), alle sale delle architetture in ceramica del maestro Cuscona, fino agli spazi che ospitano la mostra del gruppo danese Gyrr, con una introduzione di Mirella Bolognari e dello storico d\u2019arte danese Ole Villadsen. All\u2019iniziativa hanno collaborato Giada Briguglio, Santina Ciatto, Marilena Florio e Giovanna Spadaro.<\/p>\n<p>&nbsp;<\/p>\n<p><img loading=\"lazy\" class=\"alignleft size-medium wp-image-6853\" src=\"http:\/\/www.radioempire.it\/wp-content\/uploads\/2018\/09\/il-sindaco-bolognari-e-parte-del-pubblico-presente-allevento-13-09-18-300x200.jpg\" alt=\"\" width=\"300\" height=\"200\" \/>All\u2019inaugurazione era presente anche il sindaco di Taormina, Mario Bolognari.<\/p>\n<p><img loading=\"lazy\" class=\"alignleft size-medium wp-image-6855\" src=\"http:\/\/www.radioempire.it\/wp-content\/uploads\/2018\/09\/foto-di-gruppo-con-maria-cuscona-13-09-18-300x188.jpg\" alt=\"\" width=\"300\" height=\"188\" srcset=\"https:\/\/www.radioempire.it\/wp-content\/uploads\/2018\/09\/foto-di-gruppo-con-maria-cuscona-13-09-18-300x188.jpg 300w, https:\/\/www.radioempire.it\/wp-content\/uploads\/2018\/09\/foto-di-gruppo-con-maria-cuscona-13-09-18-768x481.jpg 768w, https:\/\/www.radioempire.it\/wp-content\/uploads\/2018\/09\/foto-di-gruppo-con-maria-cuscona-13-09-18-1024x641.jpg 1024w, https:\/\/www.radioempire.it\/wp-content\/uploads\/2018\/09\/foto-di-gruppo-con-maria-cuscona-13-09-18.jpg 1227w\" sizes=\"(max-width: 300px) 100vw, 300px\" \/>\u201cLa serata &#8211; spiega Maria Cuscona, presidente dell\u2019associazione organizzatrice dell\u2019evento &#8211; \u00e8 stata non solo di chi l\u2019ha pensata, ma anche di chi l\u2019ha vissuta insieme a noi.<\/p>\n<p><img loading=\"lazy\" class=\"alignleft size-medium wp-image-6854\" src=\"http:\/\/www.radioempire.it\/wp-content\/uploads\/2018\/09\/il-gruppo-danese-gyrr-13-09-18-300x197.jpg\" alt=\"\" width=\"300\" height=\"197\" srcset=\"https:\/\/www.radioempire.it\/wp-content\/uploads\/2018\/09\/il-gruppo-danese-gyrr-13-09-18-300x197.jpg 300w, https:\/\/www.radioempire.it\/wp-content\/uploads\/2018\/09\/il-gruppo-danese-gyrr-13-09-18-768x504.jpg 768w, https:\/\/www.radioempire.it\/wp-content\/uploads\/2018\/09\/il-gruppo-danese-gyrr-13-09-18-1024x671.jpg 1024w, https:\/\/www.radioempire.it\/wp-content\/uploads\/2018\/09\/il-gruppo-danese-gyrr-13-09-18.jpg 1124w\" sizes=\"(max-width: 300px) 100vw, 300px\" \/> Il percorso d\u2019arte tra Giuseppe Cuscona, Aykut Saribas e il gruppo Gyrr \u00e8 stato percepito anche dal numeroso pubblico presente. Mi ritengo pi\u00f9 che soddisfatta della riuscita di questo primo appuntamento. Adesso, insieme a Tamako Sakiko Chemi, siamo gi\u00e0 al lavoro per la serata di domenica 16 settembre, che vedr\u00e0 la partecipazione straordinaria di Vittorio Sgarbi\u201d.<\/p>\n<p>Domenica 16 settembre, alle 19, l\u2019appuntamento \u00e8 sempre sulla terrazza dell\u2019Art-Hotel Vello d\u2019Oro. In uno scenario spettacolare, con il tramonto sull\u2019Etna, diversi artisti ricorderanno la figura del maestro Cuscona, che concep\u00ec l\u2019Hotel interamente come uno spazio d\u2019arte.\u00a0La serata avr\u00e0 protagonisti gli attori Elio Crif\u00f2 (nelle vesti di presentatore), Annalisa Picconi, Valentina Martino Ghiglia, Francesca Romana Miceli Picardi, il chitarrista Jakob Fischer, l\u2019artista Aykut Saribas e il gruppo danese Gyrr che per l\u2019occasione\u00a0dedicher\u00e0 a Giuseppe Cuscona l\u2019opera scultorea dal titolo \u201cPancrazio\u201d.<\/p>\n<p>Questo il link per vedere il video della serata inaugurale:<\/p>\n<p><a href=\"https:\/\/www.youtube.com\/watch?v=mJkiMuUPcoQ\" target=\"_blank\" rel=\"noopener noreferrer\">serata inaugurale<\/a><\/p>\n","protected":false},"excerpt":{"rendered":"<p>Redazionale &#8211; Taormina. Grande successo di critica e di pubblico alla prima delle due serate organizzate dall\u2019Associazione culturale \u201cGiuseppe Cuscona &#8211; Scienze, Arte e Spettacolo\u201dhttp:\/\/www.asscultcuscona.com\/eventi (in collaborazione con il Medea<\/p>\n<div><a class=\"permalink\" href=\"https:\/\/www.radioempire.it\/index.php\/2018\/09\/13\/la-storia-la-luce-i-colori-letna-successo-di-pubblico-alla-serata-inaugurale-in-memoria-dellartista-giuseppe-cuscona\/\">Read More&#8230;<\/a><\/div>\n","protected":false},"author":2,"featured_media":6851,"comment_status":"closed","ping_status":"closed","sticky":false,"template":"","format":"standard","meta":[],"categories":[3,36],"tags":[],"_links":{"self":[{"href":"https:\/\/www.radioempire.it\/index.php\/wp-json\/wp\/v2\/posts\/6850"}],"collection":[{"href":"https:\/\/www.radioempire.it\/index.php\/wp-json\/wp\/v2\/posts"}],"about":[{"href":"https:\/\/www.radioempire.it\/index.php\/wp-json\/wp\/v2\/types\/post"}],"author":[{"embeddable":true,"href":"https:\/\/www.radioempire.it\/index.php\/wp-json\/wp\/v2\/users\/2"}],"replies":[{"embeddable":true,"href":"https:\/\/www.radioempire.it\/index.php\/wp-json\/wp\/v2\/comments?post=6850"}],"version-history":[{"count":4,"href":"https:\/\/www.radioempire.it\/index.php\/wp-json\/wp\/v2\/posts\/6850\/revisions"}],"predecessor-version":[{"id":6876,"href":"https:\/\/www.radioempire.it\/index.php\/wp-json\/wp\/v2\/posts\/6850\/revisions\/6876"}],"wp:featuredmedia":[{"embeddable":true,"href":"https:\/\/www.radioempire.it\/index.php\/wp-json\/wp\/v2\/media\/6851"}],"wp:attachment":[{"href":"https:\/\/www.radioempire.it\/index.php\/wp-json\/wp\/v2\/media?parent=6850"}],"wp:term":[{"taxonomy":"category","embeddable":true,"href":"https:\/\/www.radioempire.it\/index.php\/wp-json\/wp\/v2\/categories?post=6850"},{"taxonomy":"post_tag","embeddable":true,"href":"https:\/\/www.radioempire.it\/index.php\/wp-json\/wp\/v2\/tags?post=6850"}],"curies":[{"name":"wp","href":"https:\/\/api.w.org\/{rel}","templated":true}]}}